{"id":68272,"date":"2023-09-18T21:28:58","date_gmt":"2023-09-19T02:28:58","guid":{"rendered":"https:\/\/interaccionnoticias.com.mx\/?p=68272"},"modified":"2023-09-18T21:29:01","modified_gmt":"2023-09-19T02:29:01","slug":"madres-trabajadoras-reclaman-que-sus-hijos-ya-no-podran-estudiar-preescolar-en-los-cais","status":"publish","type":"post","link":"https:\/\/www.interaccionnoticias.com.mx\/?p=68272","title":{"rendered":"Madres trabajadoras reclaman que sus hijos ya no podr\u00e1n estudiar preescolar en los Cai&#8217;s"},"content":{"rendered":"\n<p><strong>Rosario Garc\u00eda Orozco<\/strong><\/p>\n\n\n\n<p><strong>Chilpancingo, Gro., 18 de septiembre del 2023.-<\/strong> Madres trabajadoras que tienen hijos inscritos en los Centros de Atenci\u00f3n Infantil reclamaron que los menores ya no podr\u00e1n continuar con su educaci\u00f3n preescolar en esos planteles, en los que pod\u00edan permanecer hasta las 3 de la tarde, hora en que ellas salen de sus empleos.<\/p>\n\n\n\n<p>Un grupo de madres trabajadoras acudieron al Congreso Local para solicitar la intervenci\u00f3n de la presidenta de la Mesa Directiva, Leticia Mosso Hern\u00e1ndez, para que la Secretar\u00eda de Educaci\u00f3n Guerrero (Seg) d\u00e9 marcha atr\u00e1s a su determinaci\u00f3n de que los ni\u00f1os que est\u00e1n inscritos en esos planteles al cumplir los 3 a\u00f1os pasen a un Jard\u00edn de Ni\u00f1os y ya no contin\u00faen su educaci\u00f3n preescolar en esos Centros de Atenci\u00f3n Infantil, como hab\u00eda sido hasta ahora, \u00abeso afecta de manera severa a las madres de familia, que ya no vamos a tener a donde llevar a nuestros hijos, porque del Jard\u00edn de Ni\u00f1os salen a las 12:30 del d\u00eda y no todas podemos tenerlos en nuestros centros de trabajo y no a todas nos dejan salir a traerlos de las escuelas\u00bb.<\/p>\n\n\n\n<p>Por esa raz\u00f3n Gabriela Mej\u00eda Garc\u00eda, Melina Solis, Alexandra Acevedo y Sayuri Rom\u00e1n, entre otras madres trabajadoras acudieron al Congreso del Estado \u00abpara pedirles a los diputados que hagan llegar nuestra solicitud de que den marcha atr\u00e1s a esa determinaci\u00f3n y nuestros hijos puedan continuar en esos planteles despu\u00e9s de su educaci\u00f3n inicial, que es para atenci\u00f3n a ni\u00f1os de 40 semanas de nacidos hasta los 3 a\u00f1os, y hasta ahora pod\u00edan continuar su educaci\u00f3n presscolar hasta los 5 a\u00f1os, para despu\u00e9s pasar ya a primaria\u00bb.<\/p>\n\n\n\n<p>Dijeron que las tom\u00f3 por sorpresa la determinaci\u00f3n de la SEG, \u00aby ahora el Cai ya no va a poder contar con educaci\u00f3n preescolar, y no s\u00f3lo somos afectadas las madres trabajadoras, sino tambi\u00e9n la plantilla docente de los casi 10 Centros de Atenci\u00f3n Infantil que hay s\u00f3lo en Chilpancingo, porque van a perder sus empleos\u00bb.<\/p>\n\n\n\n<p>Las madres de familia consideraron que cada Cai tiene en promedio 150 ni\u00f1os en sus planteles que al cumplir los 3 a\u00f1os de edad ya no van a poder permanecer en esas aulas, y lamentaron que a los padres y madres no les hayan informado a qu\u00e9 jijise debe esa determinaci\u00f3n de la Secretar\u00eda de Educaci\u00f3n Guerrero.<\/p>\n","protected":false},"excerpt":{"rendered":"<p>Rosario Garc\u00eda Orozco Chilpancingo, Gro., 18 de septiembre del 2023.- Madres trabajadoras que tienen hijos inscritos en los Centros de Atenci\u00f3n Infantil reclamaron que los menores ya no podr\u00e1n continuar&hellip; <\/p>\n","protected":false},"author":14,"featured_media":68273,"comment_status":"open","ping_status":"open","sticky":false,"template":"","format":"standard","meta":{"fifu_image_url":"","fifu_image_alt":"","footnotes":""},"categories":[6],"tags":[],"class_list":["post-68272","post","type-post","status-publish","format-standard","has-post-thumbnail","hentry","category-educacion"],"_links":{"self":[{"href":"https:\/\/www.interaccionnoticias.com.mx\/index.php?rest_route=\/wp\/v2\/posts\/68272","targetHints":{"allow":["GET"]}}],"collection":[{"href":"https:\/\/www.interaccionnoticias.com.mx\/index.php?rest_route=\/wp\/v2\/posts"}],"about":[{"href":"https:\/\/www.interaccionnoticias.com.mx\/index.php?rest_route=\/wp\/v2\/types\/post"}],"author":[{"embeddable":true,"href":"https:\/\/www.interaccionnoticias.com.mx\/index.php?rest_route=\/wp\/v2\/users\/14"}],"replies":[{"embeddable":true,"href":"https:\/\/www.interaccionnoticias.com.mx\/index.php?rest_route=%2Fwp%2Fv2%2Fcomments&post=68272"}],"version-history":[{"count":1,"href":"https:\/\/www.interaccionnoticias.com.mx\/index.php?rest_route=\/wp\/v2\/posts\/68272\/revisions"}],"predecessor-version":[{"id":68274,"href":"https:\/\/www.interaccionnoticias.com.mx\/index.php?rest_route=\/wp\/v2\/posts\/68272\/revisions\/68274"}],"wp:featuredmedia":[{"embeddable":true,"href":"https:\/\/www.interaccionnoticias.com.mx\/index.php?rest_route=\/wp\/v2\/media\/68273"}],"wp:attachment":[{"href":"https:\/\/www.interaccionnoticias.com.mx\/index.php?rest_route=%2Fwp%2Fv2%2Fmedia&parent=68272"}],"wp:term":[{"taxonomy":"category","embeddable":true,"href":"https:\/\/www.interaccionnoticias.com.mx\/index.php?rest_route=%2Fwp%2Fv2%2Fcategories&post=68272"},{"taxonomy":"post_tag","embeddable":true,"href":"https:\/\/www.interaccionnoticias.com.mx\/index.php?rest_route=%2Fwp%2Fv2%2Ftags&post=68272"}],"curies":[{"name":"wp","href":"https:\/\/api.w.org\/{rel}","templated":true}]}}