{"id":68262,"date":"2023-09-18T21:03:57","date_gmt":"2023-09-19T02:03:57","guid":{"rendered":"https:\/\/interaccionnoticias.com.mx\/?p=68262"},"modified":"2023-09-18T21:03:59","modified_gmt":"2023-09-19T02:03:59","slug":"presenta-la-gobernadora-evelyn-salgado-al-encargado-de-la-fgr","status":"publish","type":"post","link":"https:\/\/www.interaccionnoticias.com.mx\/?p=68262","title":{"rendered":"Presenta la gobernadora Evelyn Salgado al encargado de la FGR"},"content":{"rendered":"\n<p><strong><em>&#8212; El abogado Julio C\u00e9sar Ulises Ch\u00e1vez llega a Guerrero, a seis d\u00edas del asesinato cometido en agravio del doctor en Derecho, Fernando Garc\u00eda Fern\u00e1ndez<\/em><\/strong><\/p>\n\n\n\n<p><strong>Rogelio Agust\u00edn<\/strong><\/p>\n\n\n\n<p>La gobernadora Evelyn Salgado Pineda present\u00f3 al abogado Julio C\u00e9sar Ulises Ch\u00e1vez como encargado de la delegaci\u00f3n de la Fiscal\u00eda General de la Rep\u00fablica (FGR), a seis d\u00edas del asesinato a balazos del doctor en Derecho Fernando Garc\u00eda Fern\u00e1ndez, quien fue atacado cuando sal\u00eda de su domicilio, en la colonia Cipatli, ubicada en la parte sur de la capital.<\/p>\n\n\n\n<p>La presentaci\u00f3n del funcionario la dio a conocer la titular del Ejecutivo local en la sesi\u00f3n que este lunes realiz\u00f3 la<\/p>\n\n\n\n<p>Mesa de Coordinaci\u00f3n para la Construcci\u00f3n de la Paz, en donde interact\u00faan las corporaciones de los tres niveles de gobierno.<\/p>\n\n\n\n<p>Desde el 12 de septiembre, cuando se cometi\u00f3 el atentado contra Garc\u00eda Fern\u00e1ndez, el espacio de la FGR en la mesa de coordinaci\u00f3n permanec\u00eda ac\u00e9falo.<\/p>\n\n\n\n<p>Este lunes 18 de septiembre, la gobernadora inform\u00f3 que se hab\u00eda trabajado en el dise\u00f1o de las acciones encaminadas a lograr la pacificaci\u00f3n del estado.<\/p>\n\n\n\n<p>Indic\u00f3 que se revisaron los resultados del operativo de seguridad por los festejos patrios, que transcurrieron sin mayor incidencia en toda la entidad, a partir de la colaboraci\u00f3n que prevaleci\u00f3 entre los tres \u00f3rdenes de gobierno.<\/p>\n\n\n\n<p>Y se\u00f1al\u00f3: \u201cLe dimos la bienvenida al encargado de la delegaci\u00f3n estatal de la Fiscal\u00eda General de la Rep\u00fablica, Julio C\u00e9sar Ulises Ch\u00e1vez, a quien ofrecimos todo nuestro apoyo institucional para seguir trabajando en materia de procuraci\u00f3n de justicia\u201d.<\/p>\n\n\n\n<p>El encargado de la FGR-Guerrero es licenciado en Derecho, antes de llegar a esta entidad estuvo a cargo de las delegaciones de dicha instituci\u00f3n en Puebla, Chihuahua y el Estado de M\u00e9xico, adem\u00e1s fue coordinador de asesores en la Subprocuradur\u00eda Jur\u00eddica y de Asuntos Internacionales de la Procuradur\u00eda General de la Rep\u00fablica (PGR), como se denominaba a la FGR en las administraciones federales pasadas.<\/p>\n\n\n\n<p>Aunque se sabe que desde la noche del 12 de septiembre existe un equipo especial de investigaci\u00f3n abocado al esclarecimiento del doctor Fernando Garc\u00eda, hasta el momento no se ha dado a conocer alguna detenci\u00f3n relacionada con el caso.<\/p>\n\n\n\n<div class=\"wp-block-jetpack-slideshow aligncenter\" data-effect=\"slide\"><div class=\"wp-block-jetpack-slideshow_container swiper-container\"><ul class=\"wp-block-jetpack-slideshow_swiper-wrapper swiper-wrapper\"><li class=\"wp-block-jetpack-slideshow_slide swiper-slide\"><figure><img decoding=\"async\" src=\"data:image\/gif;base64,R0lGODlhAQABAIAAAAAAAP\/\/\/ywAAAAAAQABAAACAUwAOw==\" fifu-lazy=\"1\" fifu-data-sizes=\"auto\" fifu-data-srcset=\"https:\/\/i0.wp.com\/interaccionnoticias.com.mx\/wp-content\/uploads\/2023\/09\/230918-Evelyn-Salgado-FGR-2-683x1024.jpg?ssl=1&w=75&resize=75&ssl=1 75w, https:\/\/i0.wp.com\/interaccionnoticias.com.mx\/wp-content\/uploads\/2023\/09\/230918-Evelyn-Salgado-FGR-2-683x1024.jpg?ssl=1&w=100&resize=100&ssl=1 100w, https:\/\/i0.wp.com\/interaccionnoticias.com.mx\/wp-content\/uploads\/2023\/09\/230918-Evelyn-Salgado-FGR-2-683x1024.jpg?ssl=1&w=150&resize=150&ssl=1 150w, https:\/\/i0.wp.com\/interaccionnoticias.com.mx\/wp-content\/uploads\/2023\/09\/230918-Evelyn-Salgado-FGR-2-683x1024.jpg?ssl=1&w=240&resize=240&ssl=1 240w, https:\/\/i0.wp.com\/interaccionnoticias.com.mx\/wp-content\/uploads\/2023\/09\/230918-Evelyn-Salgado-FGR-2-683x1024.jpg?ssl=1&w=320&resize=320&ssl=1 320w, https:\/\/i0.wp.com\/interaccionnoticias.com.mx\/wp-content\/uploads\/2023\/09\/230918-Evelyn-Salgado-FGR-2-683x1024.jpg?ssl=1&w=500&resize=500&ssl=1 500w, https:\/\/i0.wp.com\/interaccionnoticias.com.mx\/wp-content\/uploads\/2023\/09\/230918-Evelyn-Salgado-FGR-2-683x1024.jpg?ssl=1&w=640&resize=640&ssl=1 640w, https:\/\/i0.wp.com\/interaccionnoticias.com.mx\/wp-content\/uploads\/2023\/09\/230918-Evelyn-Salgado-FGR-2-683x1024.jpg?ssl=1&w=800&resize=800&ssl=1 800w, https:\/\/i0.wp.com\/interaccionnoticias.com.mx\/wp-content\/uploads\/2023\/09\/230918-Evelyn-Salgado-FGR-2-683x1024.jpg?ssl=1&w=1024&resize=1024&ssl=1 1024w, https:\/\/i0.wp.com\/interaccionnoticias.com.mx\/wp-content\/uploads\/2023\/09\/230918-Evelyn-Salgado-FGR-2-683x1024.jpg?ssl=1&w=1280&resize=1280&ssl=1 1280w, https:\/\/i0.wp.com\/interaccionnoticias.com.mx\/wp-content\/uploads\/2023\/09\/230918-Evelyn-Salgado-FGR-2-683x1024.jpg?ssl=1&w=1600&resize=1600&ssl=1 1600w\" alt=\"\" class=\"wp-block-jetpack-slideshow_image wp-image-68264\" data-id=\"68264\" fifu-data-src=\"https:\/\/i0.wp.com\/interaccionnoticias.com.mx\/wp-content\/uploads\/2023\/09\/230918-Evelyn-Salgado-FGR-2-683x1024.jpg?ssl=1\"\/><\/figure><\/li><li class=\"wp-block-jetpack-slideshow_slide swiper-slide\"><figure><img decoding=\"async\" src=\"data:image\/gif;base64,R0lGODlhAQABAIAAAAAAAP\/\/\/ywAAAAAAQABAAACAUwAOw==\" fifu-lazy=\"1\" fifu-data-sizes=\"auto\" fifu-data-srcset=\"https:\/\/i2.wp.com\/interaccionnoticias.com.mx\/wp-content\/uploads\/2023\/09\/230918-Evelyn-Salgado-FGR-1-1024x683.jpg?ssl=1&w=75&resize=75&ssl=1 75w, https:\/\/i2.wp.com\/interaccionnoticias.com.mx\/wp-content\/uploads\/2023\/09\/230918-Evelyn-Salgado-FGR-1-1024x683.jpg?ssl=1&w=100&resize=100&ssl=1 100w, https:\/\/i2.wp.com\/interaccionnoticias.com.mx\/wp-content\/uploads\/2023\/09\/230918-Evelyn-Salgado-FGR-1-1024x683.jpg?ssl=1&w=150&resize=150&ssl=1 150w, https:\/\/i2.wp.com\/interaccionnoticias.com.mx\/wp-content\/uploads\/2023\/09\/230918-Evelyn-Salgado-FGR-1-1024x683.jpg?ssl=1&w=240&resize=240&ssl=1 240w, https:\/\/i2.wp.com\/interaccionnoticias.com.mx\/wp-content\/uploads\/2023\/09\/230918-Evelyn-Salgado-FGR-1-1024x683.jpg?ssl=1&w=320&resize=320&ssl=1 320w, https:\/\/i2.wp.com\/interaccionnoticias.com.mx\/wp-content\/uploads\/2023\/09\/230918-Evelyn-Salgado-FGR-1-1024x683.jpg?ssl=1&w=500&resize=500&ssl=1 500w, https:\/\/i2.wp.com\/interaccionnoticias.com.mx\/wp-content\/uploads\/2023\/09\/230918-Evelyn-Salgado-FGR-1-1024x683.jpg?ssl=1&w=640&resize=640&ssl=1 640w, https:\/\/i2.wp.com\/interaccionnoticias.com.mx\/wp-content\/uploads\/2023\/09\/230918-Evelyn-Salgado-FGR-1-1024x683.jpg?ssl=1&w=800&resize=800&ssl=1 800w, https:\/\/i2.wp.com\/interaccionnoticias.com.mx\/wp-content\/uploads\/2023\/09\/230918-Evelyn-Salgado-FGR-1-1024x683.jpg?ssl=1&w=1024&resize=1024&ssl=1 1024w, https:\/\/i2.wp.com\/interaccionnoticias.com.mx\/wp-content\/uploads\/2023\/09\/230918-Evelyn-Salgado-FGR-1-1024x683.jpg?ssl=1&w=1280&resize=1280&ssl=1 1280w, https:\/\/i2.wp.com\/interaccionnoticias.com.mx\/wp-content\/uploads\/2023\/09\/230918-Evelyn-Salgado-FGR-1-1024x683.jpg?ssl=1&w=1600&resize=1600&ssl=1 1600w\" alt=\"\" class=\"wp-block-jetpack-slideshow_image wp-image-68263\" data-id=\"68263\" fifu-data-src=\"https:\/\/i2.wp.com\/interaccionnoticias.com.mx\/wp-content\/uploads\/2023\/09\/230918-Evelyn-Salgado-FGR-1-1024x683.jpg?ssl=1\"\/><\/figure><\/li><\/ul><a class=\"wp-block-jetpack-slideshow_button-prev swiper-button-prev swiper-button-white\" role=\"button\"><\/a><a class=\"wp-block-jetpack-slideshow_button-next swiper-button-next swiper-button-white\" role=\"button\"><\/a><a aria-label=\"Pause Slideshow\" class=\"wp-block-jetpack-slideshow_button-pause\" role=\"button\"><\/a><div class=\"wp-block-jetpack-slideshow_pagination swiper-pagination swiper-pagination-white\"><\/div><\/div><\/div>\n","protected":false},"excerpt":{"rendered":"<p>&#8212; El abogado Julio C\u00e9sar Ulises Ch\u00e1vez llega a Guerrero, a seis d\u00edas del asesinato cometido en agravio del doctor en Derecho, Fernando Garc\u00eda Fern\u00e1ndez Rogelio Agust\u00edn La gobernadora Evelyn&hellip; <\/p>\n","protected":false},"author":21,"featured_media":68263,"comment_status":"open","ping_status":"open","sticky":false,"template":"","format":"standard","meta":{"fifu_image_url":"","fifu_image_alt":"","footnotes":""},"categories":[11],"tags":[],"class_list":["post-68262","post","type-post","status-publish","format-standard","has-post-thumbnail","hentry","category-guerrero"],"_links":{"self":[{"href":"https:\/\/www.interaccionnoticias.com.mx\/index.php?rest_route=\/wp\/v2\/posts\/68262","targetHints":{"allow":["GET"]}}],"collection":[{"href":"https:\/\/www.interaccionnoticias.com.mx\/index.php?rest_route=\/wp\/v2\/posts"}],"about":[{"href":"https:\/\/www.interaccionnoticias.com.mx\/index.php?rest_route=\/wp\/v2\/types\/post"}],"author":[{"embeddable":true,"href":"https:\/\/www.interaccionnoticias.com.mx\/index.php?rest_route=\/wp\/v2\/users\/21"}],"replies":[{"embeddable":true,"href":"https:\/\/www.interaccionnoticias.com.mx\/index.php?rest_route=%2Fwp%2Fv2%2Fcomments&post=68262"}],"version-history":[{"count":1,"href":"https:\/\/www.interaccionnoticias.com.mx\/index.php?rest_route=\/wp\/v2\/posts\/68262\/revisions"}],"predecessor-version":[{"id":68265,"href":"https:\/\/www.interaccionnoticias.com.mx\/index.php?rest_route=\/wp\/v2\/posts\/68262\/revisions\/68265"}],"wp:featuredmedia":[{"embeddable":true,"href":"https:\/\/www.interaccionnoticias.com.mx\/index.php?rest_route=\/wp\/v2\/media\/68263"}],"wp:attachment":[{"href":"https:\/\/www.interaccionnoticias.com.mx\/index.php?rest_route=%2Fwp%2Fv2%2Fmedia&parent=68262"}],"wp:term":[{"taxonomy":"category","embeddable":true,"href":"https:\/\/www.interaccionnoticias.com.mx\/index.php?rest_route=%2Fwp%2Fv2%2Fcategories&post=68262"},{"taxonomy":"post_tag","embeddable":true,"href":"https:\/\/www.interaccionnoticias.com.mx\/index.php?rest_route=%2Fwp%2Fv2%2Ftags&post=68262"}],"curies":[{"name":"wp","href":"https:\/\/api.w.org\/{rel}","templated":true}]}}