{"id":6826,"date":"2017-07-27T23:09:38","date_gmt":"2017-07-28T04:09:38","guid":{"rendered":"http:\/\/www.inter-accion.com.mx\/?p=6826"},"modified":"2017-07-27T23:09:38","modified_gmt":"2017-07-28T04:09:38","slug":"transportistas-piden-detener-quema-de-urvans-y-taxis-en-chilpancingo","status":"publish","type":"post","link":"https:\/\/www.interaccionnoticias.com.mx\/?p=6826","title":{"rendered":"Transportistas piden detener quema de urvans y taxis en Chilpancingo"},"content":{"rendered":"<p>Integrantes del Consejo Estatal del Autotransporte solicitaron una audiencia con el gobernador H\u00e9ctor Astudillo Flores, para pedir que se implementen acciones encaminadas a detener la quema de unidades por parte de integrantes del crimen organizado.&nbsp;&nbsp;<br \/>\nLos integrantes de la organizaci\u00f3n que encabeza Servando de Jes\u00fas Salgado Guzm\u00e1n, se\u00f1alaron que la noche del martes 25 de julio, integrantes de un grupo delictivo robaron cuatro unidades habilitadas como taxi, agredieron a sus choferes y dejaron a uno de ellos de gravedad.<br \/>\nDe la noche del martes a la madrugada del mi\u00e9rcoles, dos veh\u00edculos fueron incendiados y uno baleado, lo que llev\u00f3 a los trabajadores del volante a parar sus actividades, hasta que consideraron ya hab\u00eda garant\u00edas para realizar su trabajo.<br \/>\nDurante la ma\u00f1ana del jueves, l\u00edderes de varias organizaciones afiladas al Consejo del Autotransporte se reunieron en la avenida de los Insurgentes, para realizar pintas en las que invocan el respaldo del gobernador H\u00e9ctor Astudillo Flores.<br \/>\n\u00abAudiencia Sr. gobernador\u00bb y \u00abQueremos seguridad\u00bb, son los principales mensajes que los transportistas colocaron en las unidades que utilizan para ganarse la vida.<br \/>\nEl planteamiento que har\u00e1n en el encuentro con el jefe del Ejecutivo local, ser\u00e1 el que se ponga en marcha una estrategia para blindar al sector transporte en la ciudad, porque eso implicar\u00e1 tambi\u00e9n proteger al usuario.&nbsp;<br \/>\nMar\u00eda Eugenia Salgado Guzm\u00e1n, vicepresidenta del Consejo del Autotransporte expuso que 2017 ha sido \u00abel a\u00f1o m\u00e1s violento para los transportistas\u00bb, pues solo en un mes asesinaron a cuatro choferes.<br \/>\nEn lo que va del a\u00f1o, supuestos integrantes del crimen han asesinado a 10 conductores de urvan, en tanto que entre 2106 y 2017 han asesinado a 20 taxistas.<br \/>\nEn el encuentro con el gobernador, los transportistas pedir\u00e1n que est\u00e9 presente el titular de la Fiscal\u00eda General del Estado (FGE), Javier Olea Pel\u00e1ez, para efecto de que informe a detalle los avances que registran las investigaciones que involucran asesinatos contra trabajadores del volante.<br \/>\nAdem\u00e1s, pedir\u00e1n que se ponga en marcha una estrategia de resguardo que permita blindar a las unidades del servicio p\u00fablico del transporte.&nbsp;&nbsp;<br \/>\nUna tercera propuesta consiste en la instalaci\u00f3n de c\u00e1maras de seguridad y chips satelitales de localizaci\u00f3n en todas las unidades del transporte urbano, pues el planteamiento es ser los ojos y los o\u00eddos en toda la ciudad.<br \/>\n&nbsp;\u201cEl transporte p\u00fablico quiere participar y est\u00e1 activo en el tema de seguridad. Como realizamos los operativos en el transporte p\u00fablico es para brindar un servicio de calidad, pero tambi\u00e9n est\u00e1n encaminados para la seguridad del transportista, del chofer y de los usuarios\u00bb, asegur\u00f3.<br \/>\nEn Chilpancingo hay 808 taxis y 762 urvans locales, las cuales est\u00e1n distribuidas en 260 rutas que conectan al centro con m\u00e1s de 400 colonias.<\/p>\n","protected":false},"excerpt":{"rendered":"<p>Integrantes del Consejo Estatal del Autotransporte solicitaron una audiencia con el gobernador H\u00e9ctor Astudillo Flores, para pedir que se implementen acciones encaminadas a detener la quema de unidades por parte&hellip; <\/p>\n","protected":false},"author":1,"featured_media":0,"comment_status":"closed","ping_status":"closed","sticky":false,"template":"","format":"standard","meta":{"fifu_image_url":"","fifu_image_alt":"","footnotes":""},"categories":[8,27],"tags":[],"class_list":["post-6826","post","type-post","status-publish","format-standard","hentry","category-featured","category-seguridad-publica"],"_links":{"self":[{"href":"https:\/\/www.interaccionnoticias.com.mx\/index.php?rest_route=\/wp\/v2\/posts\/6826","targetHints":{"allow":["GET"]}}],"collection":[{"href":"https:\/\/www.interaccionnoticias.com.mx\/index.php?rest_route=\/wp\/v2\/posts"}],"about":[{"href":"https:\/\/www.interaccionnoticias.com.mx\/index.php?rest_route=\/wp\/v2\/types\/post"}],"author":[{"embeddable":true,"href":"https:\/\/www.interaccionnoticias.com.mx\/index.php?rest_route=\/wp\/v2\/users\/1"}],"replies":[{"embeddable":true,"href":"https:\/\/www.interaccionnoticias.com.mx\/index.php?rest_route=%2Fwp%2Fv2%2Fcomments&post=6826"}],"version-history":[{"count":0,"href":"https:\/\/www.interaccionnoticias.com.mx\/index.php?rest_route=\/wp\/v2\/posts\/6826\/revisions"}],"wp:attachment":[{"href":"https:\/\/www.interaccionnoticias.com.mx\/index.php?rest_route=%2Fwp%2Fv2%2Fmedia&parent=6826"}],"wp:term":[{"taxonomy":"category","embeddable":true,"href":"https:\/\/www.interaccionnoticias.com.mx\/index.php?rest_route=%2Fwp%2Fv2%2Fcategories&post=6826"},{"taxonomy":"post_tag","embeddable":true,"href":"https:\/\/www.interaccionnoticias.com.mx\/index.php?rest_route=%2Fwp%2Fv2%2Ftags&post=6826"}],"curies":[{"name":"wp","href":"https:\/\/api.w.org\/{rel}","templated":true}]}}