{"id":68210,"date":"2023-09-17T20:14:18","date_gmt":"2023-09-18T01:14:18","guid":{"rendered":"https:\/\/interaccionnoticias.com.mx\/?p=68210"},"modified":"2023-09-17T20:14:20","modified_gmt":"2023-09-18T01:14:20","slug":"preocupante-la-situacion-de-inseguridad-en-guerrero-mario-moreno-arcos","status":"publish","type":"post","link":"https:\/\/www.interaccionnoticias.com.mx\/?p=68210","title":{"rendered":"Preocupante la situaci\u00f3n de inseguridad en Guerrero; Mario Moreno Arcos"},"content":{"rendered":"\n<p><em><strong>&#8212; Fueron rebasada las autoridades de los tres noveles de gobierno<br>&#8212; Sumado al 100 por ciento en apoyo a Xochitl G\u00e1lvez<\/strong><\/em><\/p>\n\n\n\n<p><strong>Rosario Garc\u00eda Orozco<\/strong><\/p>\n\n\n\n<p><strong>Chilpancingo, Gro., 17 de septiembre del 2023.- <\/strong>La violencia en Guerrero genera un ambiente preocupante de inseguridad, situaci\u00f3n que ha rebasado a los tres niveles de gobierno, consider\u00f3 el ex candidato a gobernador de la entidad y ex presidente municipal de Chilpancingo, Mario Moreno Arcos.<\/p>\n\n\n\n<p>\u201cEstamos viviendo una circunstancia compleja; hay temor, principalmente en el caso de Chilpancingo hay un temor serio de salir a la calle porque la circunstancia que actualmente se vive es de mucho riesgo; la inseguridad ha rebasado a los tres niveles de gobierno, definitivamente, y eso es grave\u201d, expres\u00f3 el tambi\u00e9n ex diputado federal.<\/p>\n\n\n\n<p>El dos veces alcalde de Chilpancingo conf\u00edo en que las autoridades municipales se esfuercen y busquen una estrategia efectiva para contener los \u00edndices de violencia de la capital, y \u00abque pronto puedan ponerse de acuerdo los titulares de los tres niveles de gobierno para poder brindar la seguridad a la poblaci\u00f3n de Chilpancingo en particular y de Guerrero en general\u00bb.<\/p>\n\n\n\n<p>-Dijo estar cumado al 100 por ciento en apoyo a Xochitl G\u00e1lvez<\/p>\n\n\n\n<p>Moreno Arcos afirm\u00f3 que est\u00e1 sumado al cien por ciento y con todo a favor de X\u00f3chitl G\u00e1lvez Ruiz, virtual candidata a la Presidencia de la Rep\u00fablica por el Frente Amplio por M\u00e9xico.<\/p>\n\n\n\n<p>Se\u00f1al\u00f3 que ante el inicio del proceso electoral 2023-2024 y con la definici\u00f3n de la figura de la coordinadora del Frente Amplio por M\u00e9xico en la persona de X\u00f3chitl G\u00e1lvez, \u00e9l en lo particular ya le manifest\u00f3 a la senadora por el Partido Acci\u00f3n Nacional (PAN) su apoyo solidario y afectivo, con el fin de que ella sea quien encabece los esfuerzos de los tres institutos pol\u00edticos que participan en esta alianza.<\/p>\n\n\n\n<p>Asegur\u00f3 que \u00abes la misma X\u00f3chitl G\u00e1lvez quien debe conducir la buena marcha de la designaci\u00f3n de los candidatos al Senado de la Rep\u00fablica y a diputados federales por la alianza, y manifest\u00f3 su confianza en que \u201clas cosas van a caminar muy bien\u201d.<\/p>\n\n\n\n<p>Reconoci\u00f3 que aspira a la candidatura por la senaduria, por lo que ya platic\u00f3 con los dirigentes del PRI, PAN y PRD acerca de su inter\u00e9s, y dijo que esperar\u00e1 los tiempos y las definiciones al respecto, \u201cobviamente con mucha responsabilidad de que vaya el mejor posicionado\u201d.<\/p>\n","protected":false},"excerpt":{"rendered":"<p>&#8212; Fueron rebasada las autoridades de los tres noveles de gobierno&#8212; Sumado al 100 por ciento en apoyo a Xochitl G\u00e1lvez Rosario Garc\u00eda Orozco Chilpancingo, Gro., 17 de septiembre del&hellip; <\/p>\n","protected":false},"author":14,"featured_media":68211,"comment_status":"open","ping_status":"open","sticky":false,"template":"","format":"standard","meta":{"fifu_image_url":"","fifu_image_alt":"","footnotes":""},"categories":[21],"tags":[],"class_list":["post-68210","post","type-post","status-publish","format-standard","has-post-thumbnail","hentry","category-politica"],"_links":{"self":[{"href":"https:\/\/www.interaccionnoticias.com.mx\/index.php?rest_route=\/wp\/v2\/posts\/68210","targetHints":{"allow":["GET"]}}],"collection":[{"href":"https:\/\/www.interaccionnoticias.com.mx\/index.php?rest_route=\/wp\/v2\/posts"}],"about":[{"href":"https:\/\/www.interaccionnoticias.com.mx\/index.php?rest_route=\/wp\/v2\/types\/post"}],"author":[{"embeddable":true,"href":"https:\/\/www.interaccionnoticias.com.mx\/index.php?rest_route=\/wp\/v2\/users\/14"}],"replies":[{"embeddable":true,"href":"https:\/\/www.interaccionnoticias.com.mx\/index.php?rest_route=%2Fwp%2Fv2%2Fcomments&post=68210"}],"version-history":[{"count":1,"href":"https:\/\/www.interaccionnoticias.com.mx\/index.php?rest_route=\/wp\/v2\/posts\/68210\/revisions"}],"predecessor-version":[{"id":68212,"href":"https:\/\/www.interaccionnoticias.com.mx\/index.php?rest_route=\/wp\/v2\/posts\/68210\/revisions\/68212"}],"wp:featuredmedia":[{"embeddable":true,"href":"https:\/\/www.interaccionnoticias.com.mx\/index.php?rest_route=\/wp\/v2\/media\/68211"}],"wp:attachment":[{"href":"https:\/\/www.interaccionnoticias.com.mx\/index.php?rest_route=%2Fwp%2Fv2%2Fmedia&parent=68210"}],"wp:term":[{"taxonomy":"category","embeddable":true,"href":"https:\/\/www.interaccionnoticias.com.mx\/index.php?rest_route=%2Fwp%2Fv2%2Fcategories&post=68210"},{"taxonomy":"post_tag","embeddable":true,"href":"https:\/\/www.interaccionnoticias.com.mx\/index.php?rest_route=%2Fwp%2Fv2%2Ftags&post=68210"}],"curies":[{"name":"wp","href":"https:\/\/api.w.org\/{rel}","templated":true}]}}