{"id":68207,"date":"2023-09-17T20:12:12","date_gmt":"2023-09-18T01:12:12","guid":{"rendered":"https:\/\/interaccionnoticias.com.mx\/?p=68207"},"modified":"2023-09-17T20:12:14","modified_gmt":"2023-09-18T01:12:14","slug":"ojala-y-el-gobierno-de-israel-extradite-a-tomas-zeron-angel-aguirre","status":"publish","type":"post","link":"https:\/\/www.interaccionnoticias.com.mx\/?p=68207","title":{"rendered":"Ojal\u00e1 y el gobierno de Israel extradite a Tom\u00e1s Zer\u00f3n: Angel Aguirre"},"content":{"rendered":"\n<p><strong>Rosario Garc\u00eda Orozco<\/strong><\/p>\n\n\n\n<p><strong>Chilpancingo, Gro., 17 de septiembre del 2023.-<\/strong> El ex gobernador \u00c1ngel Aguirre Rivero lament\u00f3 que a\u00fan no sea posible extraditar al ex director de la Agencia de Investigaci\u00f3n Criminal, Tom\u00e1s Zer\u00f3n de Lucio, quien se encuentra refugiado en Israel a pesar de que ya cuenta con una nueva orden de aprehensi\u00f3n por parte de la Fiscal\u00eda General de la Rep\u00fablica, que se suma a la que ya se encuentra en ese pa\u00eds con ficha Roja de la Interpol.<\/p>\n\n\n\n<p>El ex funcionario federal es investigado por tortura y una serie de irregularidades en el caso de la desaparici\u00f3n de los 43 estudiantes de la Normal Rural de Ayotzinapa \u00abRa\u00fal Isidro Burgos\u00bb.<\/p>\n\n\n\n<p>Angel Aguirre dijo que ve complicado que sea extraditado el ex funcionario federal, \u00ablo que yo s\u00ed veo muy dif\u00edcil es, por un lado, la extradicion de Tom\u00e1s Zer\u00f3n, que es un punto clave para que se pueda llegar a la soluci\u00f3n del caso, creo que ya no hay condiciones, ojal\u00e1 y las hubiera, ojal\u00e1 y rectificara el gobierno de Israel para que traigan a M\u00e9xico a ese delincuente, pero hasta hoy no ha mostrado voluntad el gobierno de Israel y veo el asunto muy cuesta arriba\u00bb.<\/p>\n\n\n\n<p>A casi 9 a\u00f1os de esos hechos, el ex gobernador de Guerrero deseo que pronto pueda concluir la investigaci\u00f3n por la desaparici\u00f3n de los normalistas, \u00able pido con todas las fuerzas de mi alma a quien pueda ayudar a que se resuelva este caso, por supuesto, es lo que m\u00e1s pido, que se llegue al fondo\u00bb.<\/p>\n\n\n\n<p>El ex gobernador guerrerense se dijo de acuerdo con la exigencia de los padres de familia y los estudiantes de la Normal de Ayotzinapa, en el sentido de que haya una investigaci\u00f3n seria en torno a la participaci\u00f3n de efectivos militares en los hechos violentos del 26 y 27 de septiembre del 2014 en Iguala, \u00abclaro, est\u00e1n en su pleno derecho, creo que tienen toda la raz\u00f3n para exigirlo\u00bb.<\/p>\n\n\n\n<p>Asegur\u00f3 que las bases de la investigaci\u00f3n siguen siendo las que iniciaron desde la Fiscal\u00eda de Guerrero, \u00aby eso lo reconoce la misma Comisi\u00f3n de la Verdad, la misma Fiscal\u00eda General de la Rep\u00fablica, ha seguido las bases que fueron establecidas por la Fiscal\u00eda de Guerrero cuando estaba al frente I\u00f1aki Blanco, y tampoco se ha dejado de reconocer que los \u00fanicos detenidos que hasta ahora no han alcanzado libertad fueron precisamente quienes se detuvieron por parte de la Fiscal\u00eda de Guerrero\u00bb.<\/p>\n\n\n\n<p>El ex mandatario enfatiz\u00f3 que a lo largo de las investigaciones, las instancias federales, no han comprobado que hubiera habido tortura contra los detenidos por ese hecho en los primeros momentos tras la \u00abtragedia\u00bb, y agreg\u00f3: \u00abtan es as\u00ed que el alto comisionado de las Naciones Unidas lo reconoci\u00f3, ah\u00ed est\u00e1 reconocido, acreditado, no estamos nosotros inventando o tratando de dar una informaci\u00f3n que no corresponda, eso est\u00e1 en un testimonio por parte del alto comisionado\u00bb.<\/p>\n\n\n\n<p>De la misma manera, Aguirre Rivero hizo hincapi\u00e9 en que el entonces responsable de la investigaci\u00f3n, Tom\u00e1s Zer\u00f3n de Lucio \u00absiempre nos quizo involucrar a los servidores p\u00fablicos de Guerrero con la delincuencia organizada, incluy\u00e9ndome a m\u00ed, con la clara pretensi\u00f3n de llevarnos a la c\u00e1rcel, tanto al maestro I\u00f1aki Blanco como a un servidor, y podr\u00eda seguir enumerando una serie de actuaciones como el que al gobernador en tiempo real nunca se le inform\u00f3 sobre ese hecho, porque el ej\u00e9rcito ten\u00eda el control del C4 de Iguala\u00bb.<\/p>\n\n\n\n<p>Adem\u00e1s de eso, el entonces comandante de la Regi\u00f3n Militar \u00abdos d\u00edas despu\u00e9s me informa que los j\u00f3venes se encontraban en la Escuela Normal de Ayotzinapa y que era una farsa la que se hab\u00eda montado, lo cual nos parece muy delicado, que el jefe militar le comunique al gobernador que no debe tener preocupaci\u00f3n porque ah\u00ed est\u00e1n los j\u00f3venes, lo cual era absolutamente falso\u00bb.<\/p>\n","protected":false},"excerpt":{"rendered":"<p>Rosario Garc\u00eda Orozco Chilpancingo, Gro., 17 de septiembre del 2023.- El ex gobernador \u00c1ngel Aguirre Rivero lament\u00f3 que a\u00fan no sea posible extraditar al ex director de la Agencia de&hellip; <\/p>\n","protected":false},"author":14,"featured_media":68208,"comment_status":"open","ping_status":"open","sticky":false,"template":"","format":"standard","meta":{"fifu_image_url":"","fifu_image_alt":"","footnotes":""},"categories":[21],"tags":[],"class_list":["post-68207","post","type-post","status-publish","format-standard","has-post-thumbnail","hentry","category-politica"],"_links":{"self":[{"href":"https:\/\/www.interaccionnoticias.com.mx\/index.php?rest_route=\/wp\/v2\/posts\/68207","targetHints":{"allow":["GET"]}}],"collection":[{"href":"https:\/\/www.interaccionnoticias.com.mx\/index.php?rest_route=\/wp\/v2\/posts"}],"about":[{"href":"https:\/\/www.interaccionnoticias.com.mx\/index.php?rest_route=\/wp\/v2\/types\/post"}],"author":[{"embeddable":true,"href":"https:\/\/www.interaccionnoticias.com.mx\/index.php?rest_route=\/wp\/v2\/users\/14"}],"replies":[{"embeddable":true,"href":"https:\/\/www.interaccionnoticias.com.mx\/index.php?rest_route=%2Fwp%2Fv2%2Fcomments&post=68207"}],"version-history":[{"count":1,"href":"https:\/\/www.interaccionnoticias.com.mx\/index.php?rest_route=\/wp\/v2\/posts\/68207\/revisions"}],"predecessor-version":[{"id":68209,"href":"https:\/\/www.interaccionnoticias.com.mx\/index.php?rest_route=\/wp\/v2\/posts\/68207\/revisions\/68209"}],"wp:featuredmedia":[{"embeddable":true,"href":"https:\/\/www.interaccionnoticias.com.mx\/index.php?rest_route=\/wp\/v2\/media\/68208"}],"wp:attachment":[{"href":"https:\/\/www.interaccionnoticias.com.mx\/index.php?rest_route=%2Fwp%2Fv2%2Fmedia&parent=68207"}],"wp:term":[{"taxonomy":"category","embeddable":true,"href":"https:\/\/www.interaccionnoticias.com.mx\/index.php?rest_route=%2Fwp%2Fv2%2Fcategories&post=68207"},{"taxonomy":"post_tag","embeddable":true,"href":"https:\/\/www.interaccionnoticias.com.mx\/index.php?rest_route=%2Fwp%2Fv2%2Ftags&post=68207"}],"curies":[{"name":"wp","href":"https:\/\/api.w.org\/{rel}","templated":true}]}}