{"id":67909,"date":"2023-09-11T22:57:08","date_gmt":"2023-09-12T03:57:08","guid":{"rendered":"https:\/\/interaccionnoticias.com.mx\/?p=67909"},"modified":"2023-09-11T22:57:10","modified_gmt":"2023-09-12T03:57:10","slug":"anuncian-operativo-con-600-elementos-de-la-ssp-gn-y-sedena-antes-y-durante-las-fiestas-patrias-en-guerrero","status":"publish","type":"post","link":"https:\/\/www.interaccionnoticias.com.mx\/?p=67909","title":{"rendered":"Anuncian operativo con 600 elementos de la SSP, GN y SEDENA, antes y durante las fiestas patrias en Guerrero"},"content":{"rendered":"\n<p><strong><em>&#8212; Informan Mesa de Coordinaci\u00f3n resultados en materia de seguridad y procuraci\u00f3n de justicia del 4 al 10 de septiembre<\/em><\/strong><\/p>\n\n\n\n<p><strong>Rogelio Agust\u00edn<\/strong><\/p>\n\n\n\n<p><strong>Chilpancingo Gro., 11 de septiembre del 2023.-<\/strong> La Mesa de Coordinaci\u00f3n para la Construcci\u00f3n de la Paz, anunci\u00f3 la puesta en marcha de un operativo en el que participar\u00e1n m\u00e1s de 600 elementos de la Polic\u00eda del Estado, Guardia Nacional y elementos de la Secretar\u00eda de la Defensa Nacional (SEDENA) antes y durante la celebraci\u00f3n del Grito de Independencia en el estado.<\/p>\n\n\n\n<p>La intenci\u00f3n del despliegue anunciado este lunes, es que los festejos patrios transcurran en orden y sin incidentes.<br>Las medidas se dieron a conocer durante la transmisi\u00f3n informativa en materia de seguridad p\u00fablica y procuraci\u00f3n de justicia de la Mesa de Coordinaci\u00f3n para la Construcci\u00f3n de la Paz, realiazada la tarde del lunes 11 de septiembre.<\/p>\n\n\n\n<p>El vocero de la Mesa de Coordinaci\u00f3n para la Construcci\u00f3n de la Paz, Randy Su\u00e1stegui, reiter\u00f3 la invitaci\u00f3n a la poblaci\u00f3n al festejo de Grito de Independencia encabezada por la gobernadora Evelyn Salgado, mismo que se va a celebrar en la explanada del Palacio de Gobierno, la noche del 15 de septiembre, con una verbena popular en la tradicional fiesta mexicana.<\/p>\n\n\n\n<p>En el caso de Guerrero, las actividades comienzan desde el 13 de septiembre, ya que ese d\u00eda el Congreso local realiza una sesi\u00f3n solemne en la catedral de la Asunci\u00f3n de Mar\u00eda, para efecto de conmemorar la instalaci\u00f3n del Primer Congreso de An\u00e1huac.<\/p>\n\n\n\n<p>En dicha sesi\u00f3n, el Poder Legislativo de Guerrero realiza la entrega de la presea Sentimientos de la Naci\u00f3n, que es el galard\u00f3n m\u00e1s importante que entrega el Congreso local.<\/p>\n","protected":false},"excerpt":{"rendered":"<p>&#8212; Informan Mesa de Coordinaci\u00f3n resultados en materia de seguridad y procuraci\u00f3n de justicia del 4 al 10 de septiembre Rogelio Agust\u00edn Chilpancingo Gro., 11 de septiembre del 2023.- La&hellip; <\/p>\n","protected":false},"author":21,"featured_media":67910,"comment_status":"open","ping_status":"open","sticky":false,"template":"","format":"standard","meta":{"fifu_image_url":"","fifu_image_alt":"","footnotes":""},"categories":[27],"tags":[],"class_list":["post-67909","post","type-post","status-publish","format-standard","has-post-thumbnail","hentry","category-seguridad-publica"],"_links":{"self":[{"href":"https:\/\/www.interaccionnoticias.com.mx\/index.php?rest_route=\/wp\/v2\/posts\/67909","targetHints":{"allow":["GET"]}}],"collection":[{"href":"https:\/\/www.interaccionnoticias.com.mx\/index.php?rest_route=\/wp\/v2\/posts"}],"about":[{"href":"https:\/\/www.interaccionnoticias.com.mx\/index.php?rest_route=\/wp\/v2\/types\/post"}],"author":[{"embeddable":true,"href":"https:\/\/www.interaccionnoticias.com.mx\/index.php?rest_route=\/wp\/v2\/users\/21"}],"replies":[{"embeddable":true,"href":"https:\/\/www.interaccionnoticias.com.mx\/index.php?rest_route=%2Fwp%2Fv2%2Fcomments&post=67909"}],"version-history":[{"count":1,"href":"https:\/\/www.interaccionnoticias.com.mx\/index.php?rest_route=\/wp\/v2\/posts\/67909\/revisions"}],"predecessor-version":[{"id":67911,"href":"https:\/\/www.interaccionnoticias.com.mx\/index.php?rest_route=\/wp\/v2\/posts\/67909\/revisions\/67911"}],"wp:featuredmedia":[{"embeddable":true,"href":"https:\/\/www.interaccionnoticias.com.mx\/index.php?rest_route=\/wp\/v2\/media\/67910"}],"wp:attachment":[{"href":"https:\/\/www.interaccionnoticias.com.mx\/index.php?rest_route=%2Fwp%2Fv2%2Fmedia&parent=67909"}],"wp:term":[{"taxonomy":"category","embeddable":true,"href":"https:\/\/www.interaccionnoticias.com.mx\/index.php?rest_route=%2Fwp%2Fv2%2Fcategories&post=67909"},{"taxonomy":"post_tag","embeddable":true,"href":"https:\/\/www.interaccionnoticias.com.mx\/index.php?rest_route=%2Fwp%2Fv2%2Ftags&post=67909"}],"curies":[{"name":"wp","href":"https:\/\/api.w.org\/{rel}","templated":true}]}}