{"id":67840,"date":"2023-09-11T14:07:11","date_gmt":"2023-09-11T19:07:11","guid":{"rendered":"https:\/\/interaccionnoticias.com.mx\/?p=67840"},"modified":"2023-09-11T14:07:14","modified_gmt":"2023-09-11T19:07:14","slug":"felix-bautista-relato-inedito-sobre-la-guerrilla-y-el-secuestro-de-ruben-figueroa","status":"publish","type":"post","link":"https:\/\/www.interaccionnoticias.com.mx\/?p=67840","title":{"rendered":"F\u00e9lix Bautista, relato in\u00e9dito sobre la guerrilla y el secuestro de Rub\u00e9n Figueroa"},"content":{"rendered":"\n<p><em><strong>&#8212; El profesor Bautista habla sobre su ni\u00f1ez, en la que estuvo a punto de morir cuando la casa de su familia fue incendiada por pistoleros al mando de los caciques de Cuetzala<br>&#8212; Recuerda su incursi\u00f3n en la Normal Rural de Ayotzinapa y la Normal Superior de la UAGro<br>&#8212; Relata su participaci\u00f3n en la guerrilla y algunos aspectos del secuestro del ex gobernador Rub\u00e9n Figueroa Figueroa<br>&#8212; De la persecuci\u00f3n al exilio y de ah\u00ed a la amnist\u00eda, para luego regresar y permanecer secuestrado durante cinco meses<\/strong><\/em><\/p>\n\n\n\n<p><strong>Rogelio Agust\u00edn<\/strong><\/p>\n\n\n\n<p>F\u00e9lix Bautista Mat\u00edas naci\u00f3 en Cu\u00e9tzala del Progreso, en la regi\u00f3n Norte de Guerrero, desde ni\u00f1o padeci\u00f3 los excesos provocados por poder caciquil que dominaba su pueblo, fue un estudiante que abraz\u00f3 al normalismo rural y el pensamientos socialista, ideolog\u00eda que lo llev\u00f3 a incursionar en la guerrilla al lado de un hombre que se convirti\u00f3 en leyenda; Lucio Caba\u00f1as Barrientos.<\/p>\n\n\n\n<p>Pocos saben que F\u00e9lix Bautista pudo morir siendo un ni\u00f1o, cuando un grupo de pistoleros le prendi\u00f3 fuego a su casa y su hermano tuvo que arrojarlo a un terreno vecino envuelto en una cobija y su cama de otate.<\/p>\n\n\n\n<p>Son menos los que saben que F\u00e9lix colabor\u00f3 con la compra de armas para el movimiento m\u00e1s radical de los a\u00f1os sesentas, consigui\u00f3 al ch\u00f3fer que se encarg\u00f3 de llevar al ingeniero Rub\u00e9n Figueroa Figueroa a su encuentro con Lucio, en la Sierra de la Costa Grande, que tuvo en sus manos parte del rescate pagado para liberar al entonces candidato a gobernador del PRI, lo que provocar\u00eda que sufriera un secuestro que lo mantendr\u00eda cinco meses confinado en el rinc\u00f3n de una habitaci\u00f3n, arrumbado en una colchoneta y golpeado cada que intentaba moverse.<\/p>\n\n\n\n<p>En este relato, F\u00e9lix Bautista habla de la persecuci\u00f3n provocada tras la muerte en combate del jefe guerrillero, del exilio en Cuba y del retorno a Guerrero para reincorporarse a la lucha pol\u00edtica y social desde las filas de los partidos pol\u00edticos.<\/p>\n\n\n\n<p>Ha vivido desde dentro, el proceso de expansi\u00f3n y empoderamiento de los dos movimientos pol\u00edticos m\u00e1s importantes del pa\u00eds; el del Frente Democr\u00e1tico Nacional (FDN), a finales de la d\u00e9cada de los ochentas y el surgimiento de la Cuarta Transformaci\u00f3n, impulsada por Andr\u00e9s Manuel L\u00f3pez Obrador.<\/p>\n\n\n\n<p>Aqu\u00ed el relato del ni\u00f1o que se convirti\u00f3 en profesor, y del normalista rural que casi de manera natural se sum\u00f3 a la guerrilla, para luego padecer la persecuci\u00f3n del Estado, sobrevivir al exili\u00f3 y regresar para ser diputado en dos ocasiones.<\/p>\n\n\n\n<p><strong>D\u00f3nde brota el agua<\/strong><\/p>\n\n\n\n<p>\u201cYo nac\u00ed en Cu\u00e9tzala del Progreso, que en n\u00e1huatl significa lugar donde brota el agua, es la cabecera de un municipio ubicado en la regi\u00f3n Norte de Guerrero, al noreste de mi pueblo brota un gran manantial que es fuente de vida para diferentes \u00e1rboles frutales, que finalmente desemboca en el r\u00edo balsas, ah\u00ed tambi\u00e9n existe otro peque\u00f1o manantial llamado por los lugare\u00f1os como Ojo de Agua, donde incluso se construy\u00f3 una peque\u00f1a presa\u201d, se\u00f1ala inicialmente F\u00e9lix, que este 9 de septiembre fue galardonado por el Directorio de Organizaciones Sociales de Guerrero.<\/p>\n\n\n\n<p>Desde peque\u00f1o F\u00e9lix conoci\u00f3 las desventajas de vivir en tierra de caciques; en mi pueblo el poder lo ejerc\u00eda la familia Rabad\u00e1n Santana, representada por los hermanos David, Malaqu\u00edas, Macrina y Epigmenio.<\/p>\n\n\n\n<p>Para muestra del poder que ten\u00edan los hermanos Rabad\u00e1n, basta mencionar que en la casa de David se encontraba la oficina de correos, el tel\u00e9fono y el tel\u00e9grafo\u2026desde ah\u00ed le daba \u00f3rdenes a la autoridad municipal en turno.<\/p>\n\n\n\n<p>Ubica a Macrina como \u201cla cara culta de la familia\u201d, a quien se recuerda como una mujer con formaci\u00f3n pol\u00edtica y con una ideolog\u00eda socialista.<\/p>\n\n\n\n<p>Ella fue diputada federal por el PPS y desde tribuna exigi\u00f3 la desaparici\u00f3n de poderes en contra del entonces gobernador, Ra\u00fal Caballero Aburto, el principal responsable de la masacre del 30 de diciembre de 1960, en Chilpancingo.<\/p>\n\n\n\n<p>Sus posturas la llevaron a ser reconocida por la desaparecida Uni\u00f3n de Rep\u00fablicas Socialistas Sovi\u00e9ticas (URSS) y estuvo casada con Luis Arenal, disc\u00edpulo de David Alfaro Siqueiros.<\/p>\n\n\n\n<p>Muy pocos sab\u00edan que en su municipio, Macrina toleraba los abusos cometidos por sus hermanos David y Malaqu\u00edas.<\/p>\n\n\n\n<p>\u201cYo estuve a punto de morir a manos de los hermanos Rabad\u00e1n\u201d, asegura Bautista.<\/p>\n\n\n\n<p>Relata el pasaje: \u201cUna madrugada, Malaqu\u00edas recorr\u00eda el pueblo al frente de un grupo armado, uno de sus pistoleros llamado Feliciano Maxines, alias -El Tremecino-, le prendi\u00f3 fuego al techo de palma de la vivienda de mi familia.<\/p>\n\n\n\n<p>Mi hermano Cirilo fue el primero en darse cuenta que la casa se quemaba, r\u00e1pidamente se meti\u00f3 al cuarto donde yo dorm\u00eda y me enrollo con todo y la cama de otate para aventarme al terreno de frente.<\/p>\n\n\n\n<p>Me despert\u00e9 al caer, entonces vi como mi hermano luchaba contra el fuego utilizando una cobija mojada, mientras vecinos y familiares lo apoyaban lanzando cubetazos de agua.<\/p>\n\n\n\n<p>El presidente municipal era Leonor Maxines, padre del Tremecino, a la ma\u00f1ana siguiente fue a visitarnos para ofrecernos que se castigar\u00eda a los responsables, pero al enterarse quien era el culpable ya no hubo investigaci\u00f3n.<\/p>\n\n\n\n<p>Recuerda que otro pistolero conocido como \u201cEl Jarro\u201d hiri\u00f3 a su hermano Ra\u00fal con un pu\u00f1al, ese hecho motiv\u00f3 que durante dos d\u00edas se paseara frente a la casa de los Bautista alardeando que acabar\u00eda con la familia, hasta que se top\u00f3 con Cirilo, otro de los hermanos que era muy h\u00e1bil en el manejo de las armas blancas.<\/p>\n\n\n\n<p>Cirilo pele\u00f3 con El Jarro, lo someti\u00f3, lo desarm\u00f3 y tras herirlo, lo dej\u00f3 tirado en la calle, completamente humillado.<\/p>\n\n\n\n<p>Recuerda que un d\u00eda tuvo la oportunidad de presenciar como un pelot\u00f3n de soldados colgaba a dos campesinos de las ramas de una parota, por \u00f3rdenes del cacique David.<\/p>\n\n\n\n<p>El poder para los Rabad\u00e1n se acab\u00f3.<\/p>\n\n\n\n<p>Un d\u00eda Dacid baj\u00f3 la guardia y viaj\u00f3 sin sus pistoleros a la Ciudad de M\u00e9xico para visitar a su hermana Macrina, hasta ah\u00ed lo persiguieron sus enemigos y lo asesinaron.<\/p>\n\n\n\n<p>La prensa de aquel tiempo, de acuerdo con F\u00e9lix, consign\u00f3 la muerte de David como el asesinato de un dirigente campesino, cuando en realidad se trataba de un cacique que ten\u00eda sometido a Cu\u00e9tzala.<\/p>\n\n\n\n<p><strong>El normalista rural y el profesor disidente<\/strong><\/p>\n\n\n\n<p>La educaci\u00f3n primaria de F\u00e9lix se desarroll\u00f3 en Cu\u00e9tzala del Progreso, despu\u00e9s en la Normal Rural de Ayotzinapa y en la Normal Superior de la Universidad Aut\u00f3noma de Guerrero (UAGro).<\/p>\n\n\n\n<p>\u201cEn 1956 me inscrib\u00ed en la Normal Rural de Ayotzinapa, ya estando ah\u00ed conoc\u00ed a Lucio Caba\u00f1as Barrientos, a quien apoy\u00e9 para que disputara la secretar\u00eda general del Comit\u00e9 Ejecutivo Estudiantil de Estudiantes Campesinos Socialistas de M\u00e9xico, en 1958, Lucio Caba\u00f1as se traslad\u00f3 al Mexe Hidalgo, que era la sede del Comit\u00e9 Ejecutivo Estudiantil.<\/p>\n\n\n\n<p>Entre 1958 y 1959 ocup\u00e9 la Secretar\u00eda de Actas y Acuerdos del Comit\u00e9 Estudiantil, considerada la segunda cartera m\u00e1s importante en las normales rurales del pa\u00eds\u201d, relata.<\/p>\n\n\n\n<p>Entre 1964 y 1965 tambi\u00e9n particip\u00f3 en la dirigencia de la Normal Superior de la UAGro, junto con profesores como C\u00e9sar N\u00fa\u00f1ez; Ramiro Morales y Eduardo Rubio.<\/p>\n\n\n\n<p>Junto con Othon Salazar, el propio Lucio Caba\u00f1as, los hermanos Seraf\u00edn y C\u00e9sar N\u00fa\u00f1ez, Jacob N\u00e1jera, Inocencio Castro, Eduardo Rubio, Ramiro Morales y Jorge Vargas integraron el Movimiento Revolucionario del Magisterio (MRM), que hizo frente al oficialismo sindical, en ese tiempo representado en Guerrero por Antonio Camacho y Timoteo Valle.<\/p>\n\n\n\n<p>El MRM fue el origen del Consejo General de Lucha (CGL), que posteriormente dio paso al surgimiento de la CETEG.<\/p>\n\n\n\n<p>Recuerda que durante el mandato de Rub\u00e9n Figueroa Figueroa, m\u00e1s de 200 maestros que formaban parte del MRM fueron expulsados de Guerrero.<\/p>\n\n\n\n<p>La primer incursi\u00f3n en la pol\u00edtica se gener\u00f3 en 1964, apoyando la candidatura presidencial izquierdista del profesor Ram\u00f3n Palominos, postulado por el Frente Electoral del Pueblo (FEP), que no tuvo registro oficial y que le contendi\u00f3 a Gustavo D\u00edaz Ordaz, quien en 1968 se asumir\u00eda como responsable de la masacre del 2 de octubre.<\/p>\n\n\n\n<p>Ese a\u00f1o ingres\u00f3 al Partido Comunista de M\u00e9xico (PCM) en una casa ubicada en Atoyac, donde se desarroll\u00f3 una reuni\u00f3n en la que estuvieron Lucio Caba\u00f1as, Oth\u00f3n Salazar y Gilberto Rinc\u00f3n Gallardo, entre otros.<\/p>\n\n\n\n<p>En aquel tiempo estudiaban y difund\u00edan el programa de lucha del PCM, repart\u00edan el peri\u00f3dico, volante\u00e1ban, hac\u00edamos pintas y exig\u00edamos la libertad de presos pol\u00edticos como Valent\u00edn Campa, Demetrio Vallejo y el muralista David Alfaro Siqueiros.<\/p>\n\n\n\n<p>Todas las actividades se desarrollaban en la clandestinidad, pues \u201ceran tiempos de una represi\u00f3n brutal\u201d.<\/p>\n\n\n\n<p>En la primavera de 1966 conoci\u00f3 el gobierno y la vida real en la URSS, cuando form\u00f3 parte de una delegaci\u00f3n que acudi\u00f3 a estudiar en la Escuela Internacional de Cuadros del PECUS, del Partido Comunista de la Uni\u00f3n Sovi\u00e9tica.<\/p>\n\n\n\n<p>A la cabeza estaban Manuel Terrazas y Gilberto Rinc\u00f3n, por el estado de Guerrero Oth\u00f3n Salazar, C\u00e9sar N\u00fa\u00f1ez y Eduardo Rubio.<\/p>\n\n\n\n<p>\u201cEn ese tiempo comprob\u00e9 que los comunistas no com\u00edan ni\u00f1os ni los l\u00edderes le quitaban sus casas a la gente del pueblo\u201d, se\u00f1ala con iron\u00eda.<\/p>\n\n\n\n<p>Y complementa: \u201cLo que s\u00ed confirm\u00e9, es que expropiaron las grandes propiedades capitalistas, el car\u00e1cter prioritario de la educaci\u00f3n, la salud para todos, adem\u00e1s del fomento a la cultura y el deporte\u201d.<\/p>\n\n\n\n<p><strong>Ya en la guerrilla<\/strong><\/p>\n\n\n\n<p>El 18 de mayo de 1967, en la plaza central de Atoyac, la polic\u00eda disolvi\u00f3 un mitin a balazos y mataron a varios maestros y padres de familia, ten\u00edan la consigna de acabar con Lucio Caba\u00f1as pero no lo consiguieron.<\/p>\n\n\n\n<p>Era la administraci\u00f3n de Raymundo Abarca Alarc\u00f3n, tras el ataque Lucio se resguard\u00f3 en la Sierra y desde ah\u00ed organiz\u00f3 uno de los movimientos armados m\u00e1s importantes del pa\u00eds.<\/p>\n\n\n\n<p>Refiere que Lucio ten\u00eda un sue\u00f1o muy claro: \u201cQuer\u00eda cambiar al Estado capitalista para instaurar el socialismo, un planteamiento\u201d.<\/p>\n\n\n\n<p>Lucio quer\u00eda organizar n\u00facleos de apoyo y tener casas de seguridad para recibir a comisiones de guerrilleros, desde esas casas saldr\u00edan brigadas para realizar asaltos a empresas, secuestros a personas acaudaladas o ajusticiamientos de delatores.<\/p>\n\n\n\n<p>Tambi\u00e9n se tendr\u00eda que conseguir armas y parque, lo que no result\u00f3 sencillo.<\/p>\n\n\n\n<p>\u201cEn una ocasi\u00f3n junto a C\u00e9sar N\u00fa\u00f1ez Ramos trasladamos un R-15 y un M 1 envueltos en cobijas, en una mudanza de Cuernavaca (Morelos) hacia Acapulco. En otra ocasi\u00f3n le compr\u00e9 en Iguala, al suegro de C\u00e9sar, don Efra\u00edn Rebolledo, quien simpatizaba con Genaro V\u00e1zquez, un M1 y una metralleta\u201d.<\/p>\n\n\n\n<p>Recuerda tambi\u00e9n que en Tecpan, un alumno cuyo padrastro era Polic\u00eda Judicial le vendi\u00f3 dos armas largas y parque.<\/p>\n\n\n\n<p>\u201cEra as\u00ed como se iban consiguiendo las armas. La guerrilla, a trav\u00e9s de emboscadas a los guachos les decomisaba rifles de asalto israelitas, los FALS\u201d.<\/p>\n\n\n\n<p>Asegura que Lucio siempre iba al frente de la brigada, sin capucha, porque se hac\u00eda responsable de las acciones.<\/p>\n\n\n\n<p>En una ocasi\u00f3n le toc\u00f3 trasladar a dos heridos, simpatizantes de la guerrilla al hospital del IMSS de Acapulco, el director era el doctor Rosendo Vega, quien asegura, estaba comprometido con la causa.<\/p>\n\n\n\n<p>Tambi\u00e9n los llevaba hacia una cl\u00ednica de Atoyac que dirig\u00eda el doctor Antonio Palos, republicano Espa\u00f1ol.<\/p>\n\n\n\n<p>\u201cEl doctor Vega fue perseguido hacia Veracruz.<\/p>\n\n\n\n<p>El doctor Palos tambi\u00e9n fue reprimido y expulsado hacia Venezuela\u201d, indica.<\/p>\n\n\n\n<p>En otro momento, admite que sacrific\u00f3 los ahorros de su esposa, Berenice Alvarado para comprar un bocho y lo puso al servicio de la causa.<\/p>\n\n\n\n<p>En una ocasi\u00f3n, un guerrillero llamado Oscar utiliz\u00f3 ese bocho para cumplir una misi\u00f3n en Acapulco.<\/p>\n\n\n\n<p>\u201cLo estacion\u00f3 al pie del edificio Espinalillo, en una zona c\u00e9ntrica, hasta ah\u00ed llego la polic\u00eda y tras revisar el carro se lo llevaron. En ese momento Oscar observ\u00f3 a distancia lo que pasaba y escap\u00f3. Regres\u00f3 para Atoyac y solamente me dio las llaves, con el seguro recuper\u00e9 parte del costo\u201d.<\/p>\n\n\n\n<p>Tiempo despu\u00e9s, a Oscar lo detuvo el Ej\u00e9rcito y lo tortur\u00f3, hasta el momento est\u00e1 desaparecido.<\/p>\n\n\n\n<p>En otro momento, tras una ausencia de seis meses Lucio regres\u00f3 a la Sierra y encontr\u00f3 relajada la disciplina, entonces en una asamblea se decidi\u00f3 suspender por seis meses a Carmelo Cort\u00e9s, porque era el encargado del grupo durante su ausencia y ten\u00eda responsabilidad directa en los actos de indisciplina.<\/p>\n\n\n\n<p>\u201cCuando se cumpli\u00f3 el tiempo de la sanci\u00f3n, Lucio me encarg\u00f3 la responsabilidad de avisar a Carmelo que ya pod\u00eda regresar, as\u00ed se hizo, pero Carmelo ya estaba en el proceso de formar su propio grupo armado; las Fuerzas Armadas Revolucionarias (FAR)\u201d, indica<\/p>\n\n\n\n<p><strong>La participaci\u00f3n en el secuestro de Figueroa<\/strong><\/p>\n\n\n\n<p>Cuando se dio el encuentro entre Rub\u00e9n Figueroa Figueroa y Lucio Caba\u00f1as Barrientos, F\u00e9lix tuvo una tarea que relevante:<\/p>\n\n\n\n<p>\u201cYo consegu\u00ed al chofer que condujo la combi que portaba una bandera blanca, era de mi confianza, lo entreg\u00f3 y recibi\u00f3 la instrucci\u00f3n de abandonar la combi en un punto determinado. Se llamaba Nicol\u00e1s y era simpatizante de la guerrilla, nunca sufri\u00f3 represiones porque nadie lo delat\u00f3\u201d, asegura.<\/p>\n\n\n\n<p>El secuestro de Rub\u00e9n Figueroa ten\u00eda la intenci\u00f3n de obtener recursos para la operaci\u00f3n insurgente, como sucede con todo secuestro realizado por una guerrilla.<\/p>\n\n\n\n<p>\u201cEl dinero del secuestro fue entregado por la familia Figueroa al sacerdote Carlos Bonilla Machorro, a mi se me encarg\u00f3 integrar una comisi\u00f3n para recibir ese dinero, particip\u00f3 un hermano de Lucio conocido como Jos\u00e9 Ren\u00e9, adem\u00e1s de los hermanos Antonio y Rafael Flores\u201d.<\/p>\n\n\n\n<p>Antes de recibir el pago del secuestro, relata que los responsables de dicha tarea se prepararon con pr\u00e1cticas de tiro en zonas rurales, por si acaso se generaba un enfrentamiento armado.<\/p>\n\n\n\n<p>Como era de esperarse, la represi\u00f3n se recrudeci\u00f3; Jos\u00e9 Ren\u00e9 y Antonio fueron capturados por la polic\u00eda y el Ej\u00e9rcito.<\/p>\n\n\n\n<p>Antonio est\u00e1 desaparecido, de Jos\u00e9 Ren\u00e9 hasta el momento se desconoce su paradero.<\/p>\n\n\n\n<p>\u201cLo que supimos, es que se le escap\u00f3 de las manos al Ej\u00e9rcito\u201d.<\/p>\n\n\n\n<p>Apunta que una determinada cantidad del rescate se le envi\u00f3 a Lucio, pero la mayor parte fue recuperada por la polic\u00eda y el ej\u00e9rcito.<\/p>\n\n\n\n<p>\u201cEl 2 de diciembre, cuando Lucio cay\u00f3 en combate quedaron bajo mi responsabilidad 3 millones y medio de pesos, mismos que entregu\u00e9 a la dirigencia del Partido Comunista para ser entregados en su momento, a los sobrevivientes del movimiento guerrillero.<\/p>\n\n\n\n<p>Hubo una intensa persecuci\u00f3n en contra de los sobrevivientes de la guerrilla, entre ellos hacia mi persona.<\/p>\n\n\n\n<p>Quienes eran considerados como simpatizantes de la insurgencia fueron perseguidos, muchos maestros y campesinos fueron desaparecidos\u201d.<\/p>\n\n\n\n<p>Agrega: \u201cSe supo de comunidades que fueron arrasadas por completo, como sucedi\u00f3 en el caso de El Quemado\u201d.<\/p>\n\n\n\n<p>De Atoyac huyeron hacia Acapulco y de ah\u00ed a la Ciudad de M\u00e9xico, donde recibi\u00f3 protecci\u00f3n de varios integrantes del PC.<\/p>\n\n\n\n<p>El PC tramit\u00f3 su exilio a Cuba, donde estuvo 7 a\u00f1os con su familia.<\/p>\n\n\n\n<p><strong>La organizaci\u00f3n en el exilio<\/strong><\/p>\n\n\n\n<p>En Cuba coincidi\u00f3 con otros perseguidos del pa\u00eds y del continente.<\/p>\n\n\n\n<p>Junto con su esposa Berenice participaron en los Comit\u00e9s de Defensa de la Revoluci\u00f3n cubana, luego, el Gobierno de la isla decidi\u00f3 que todos los exiliados participaran en el proceso de producci\u00f3n.<\/p>\n\n\n\n<p>\u201cBerenice entr\u00f3 a una escuela llamada Camilo Cienfuegos como maestra de segunda ense\u00f1anza, despu\u00e9s se incorpor\u00f3 a una primaria como secretaria administrativa.<\/p>\n\n\n\n<p>Todos los decentes en su centro de trabajo realizaban ejercicios militares, como una forma de previsi\u00f3n ante los anuncios de una invasi\u00f3n Estadounidense.<\/p>\n\n\n\n<p>Yo me incorpor\u00e9 como maestro en la secundaria de Punta Brava, municipio de la Lisa, en la Habana\u201d, anota.<\/p>\n\n\n\n<p><strong>La amnist\u00eda<\/strong><\/p>\n\n\n\n<p>El 28 de septiembre de 1978, el presidente Jos\u00e9 L\u00f3pez Portillo y su secretario de Gobernaci\u00f3n, Jes\u00fas Reyes Heroles firmaron el decreto de Ley de Amnist\u00eda, que permiti\u00f3 a todas las personas que participaron en movimientos armados, impulsados por motivos pol\u00edticos, reincorporarse a la vida pol\u00edtica y social del pa\u00eds.<\/p>\n\n\n\n<p>Muchos de los que volvieron fueron asesinados.<\/p>\n\n\n\n<p>F\u00e9lix regres\u00f3 con su familia el 8 de marzo de 1982, fue recibido en el Aeropuerto Internacional de la Ciudad de M\u00e9xico por Valent\u00edn Campa y una amplia comitiva del estado de Guerrero, entre los que estuvieron Pablo Sandoval Ram\u00edrez y Jos\u00e9 Luis Ayala Garc\u00eda.<\/p>\n\n\n\n<p><strong>Cinco meses secuestrado<\/strong><\/p>\n\n\n\n<p>Una vez reinstalado en el pa\u00eds se incorpor\u00f3 al Partido Socialista Unificado de M\u00e9xico (PSUM).<\/p>\n\n\n\n<p>En 1985, en la Ciudad de M\u00e9xico se encontr\u00e9 con un sobreviviente de la guerrilla llamado David, con quien platic\u00f3 en dos ocasiones para abordar el tema del dinero derivado del secuestro de Rub\u00e9n Figueroa.<\/p>\n\n\n\n<p>Inform\u00f3 entonces a la direcci\u00f3n del PSUM, encabezada por Pablo G\u00f3mez pero el partido no atendi\u00f3 la solicitud de devolver el resguardo del dinero a los sobrevivientes de la guerrilla, que se presentaban como herederos del PDLP.<\/p>\n\n\n\n<p>Y llegaron las consecuencias.<\/p>\n\n\n\n<p>\u201cEl 22 de febrero de ese a\u00f1o un comando me secuestro y estuve cautivo cinco meses, me tuvieron tirado en la esquina de un cuarto en una colchoneta, siempre vigilado y cada que me mov\u00eda recib\u00eda un golpe. En esos cinco meses solo me pude ba\u00f1ar en dos ocasiones; la primera fue cuando mi esposa encontr\u00f3 de manera fortuita a David y le pidi\u00f3 verme, la segunda fue cuando me liberaron\u201d.<\/p>\n\n\n\n<p>Asegura: \u201cSi el PSUM hubiera atendido el llamado de manera oportuna, no se hubiera dado el secuestro de Arnoldo Mart\u00ednez Verdugo, el 2 de julio del 85\u201d.<\/p>\n\n\n\n<p>Tras una gran movilizaci\u00f3n del magisterio disidente, los trabajadores de la UNAM, la ANCR y el PRT de Rosario Ibarra de Piedra, Arnoldo Mart\u00ednez y F\u00e9lix fueron liberados el 17 de julio de 1985.<\/p>\n\n\n\n<p>Por esa liberaci\u00f3n se pagaron 100 millones de pesos.<\/p>\n\n\n\n<p>Tras el secuestro particip\u00f3 en la fundaci\u00f3n del Partido Mexicano Socialista (PMS), cuyo l\u00edder m\u00e1ximo fue Gilberto Rinc\u00f3n Gallardo.<\/p>\n\n\n\n<p>\u201cEn el PMS fui comisionado al \u00e1rea de solidaridad con los pueblos de Centroam\u00e9rica y el Caribe, en una de las tareas se encarg\u00f3 de brindar seguridad a dos combatientes de la guerrilla de Guatemala, una de las casas estaba ubicada en El Pedregal de santo Domingo, en Coyoacan y la otra en El Ajusco, en Tlalpan\u201d.<\/p>\n\n\n\n<p>\u201cLos combatientes guatemaltecos ten\u00edan los nombres de Elio, V\u00edctor y Patricia, cuando regresaron a su pa\u00eds fueron detenidos y desaparecidos por gobierno golpista que encabezaba Efra\u00edn R\u00edos Mont\u201d.<\/p>\n\n\n\n<p>Particip\u00f3 en la organizaci\u00f3n de la Marcha Por la Paz de Centroam\u00e9rica hacia la Ciudad de M\u00e9xico, que inici\u00f3 desde la frontera con Guatemala.<\/p>\n\n\n\n<p>En esa marcha participaron militantes del PMS y del PRT, destac\u00f3 la presencia de la se\u00f1ora Rosario Ibarra de Piedra y Flora Guerrero, adem\u00e1s de la doctora Cointa Lagunes de Chiapas.<\/p>\n\n\n\n<p>En el trayecto fueron recibidos por el obispo de San Crist\u00f3bal, Samuel Ruiz y en Oaxaca por el sacerdote Arturo Lona Reyes.<\/p>\n\n\n\n<p>En 1988 estuvo en el comit\u00e9 de campa\u00f1a de Heberto Castillo y cuando este declin\u00f3 por Cuauht\u00e9moc C\u00e1rdenas Solorzano, para integrarel Frente Democr\u00e1tico Nacional (FDN) se sum\u00f3 a la campa\u00f1a de C\u00e1rdenas.<\/p>\n\n\n\n<p>Refiere: \u201cContribu\u00ed a la fundaci\u00f3n del PRD, pero al transcurrir sus primeros a\u00f1os de vida, en el partido se estrecharon los espacios y particularmente para los militantes comunistas, pues la mayor\u00eda de las candidaturas fueron cubiertas por pol\u00edticos provenientes de la corriente de Cuauht\u00e9moc y Porfirio Mu\u00f1oz Ledo.<\/p>\n\n\n\n<p>Los \u00fanicos que no pelearon espacios fuimos los comunistas, a grado tal de que Gilberto Rinc\u00f3n Gallardo declar\u00f3 en 1997 que los priistas entraban al PRD por la puerta grande y los comunistas por la de atr\u00e1s\u201d.<\/p>\n\n\n\n<p>Rinc\u00f3n Gallardo dec\u00eda adem\u00e1s, que la estrategia de afiliaci\u00f3n del PRD no pod\u00eda basarse en la pepena de la disidencia del PRI.<\/p>\n\n\n\n<p><strong>Dos veces diputado<\/strong><\/p>\n\n\n\n<p>\u201cDurante varios a\u00f1os me dediqu\u00e9 al comercio ambulante en la zona de Tasque\u00f1a de la Ciudad de M\u00e9xico, y cuando ya me iba regular en mi negocito me visitaron en mi puesto dos antiguos compa\u00f1eros del FDN; Fernando Pineda M\u00e9nez y Rafael Aguilar Talamantes, ellos me invitaron a formar el Frente Cardenista y tras pensarlo un poco me fui como delegado a Colima, donde estuve un a\u00f1o.<\/p>\n\n\n\n<p>Despu\u00e9s tuve la responsabilidad en Guerrero, en un congreso estatal presidido por el secretario general del Frente Cardenista, Jorge Amador, fui electo de manera un\u00e1nime como presidente estatal\u201d.<\/p>\n\n\n\n<p>En 1992 lleg\u00f3 a la LV Legislatura federal, la forma que implementamos de trabajar, realizando mesas de trabajo publicas y no recurriendo al dialogo en la oscuridad, propici\u00f3 que fuera destituido por la dirigencia nacional en una asamblea realizada en Acapulco.<\/p>\n\n\n\n<p>A\u00f1os despu\u00e9s form\u00f3 Convergencia por la Democracia, partido que tuvo asambleas en los 10 distritos electorales que en ese tiempo ten\u00eda Guerrero y fue el primer dirigente estatal de dicho partido.<\/p>\n\n\n\n<p>En la primera incursi\u00f3n electoral de Convergencia, en 2002 se lograron diputaciones locales, una encabezada por el notario p\u00fablico Cuauht\u00e9moc Garc\u00eda Amor y la correspondiente a \u00e9l.<\/p>\n\n\n\n<p>En el Congreso de Guerrero lograron que se reconociera la lucha de Lucio Caba\u00f1as Barrientos, tambi\u00e9n que de manera un\u00e1nime se firmara la solidaridad con Cuba y se condenara el bloqueo impuesto por los Estados Unidos.<\/p>\n\n\n\n<p>Presidi\u00f3 la comisi\u00f3n de Educaci\u00f3n y dialog\u00f3 de manera permanente con el normalismo y el magisterio, logrando entre otras cosas que nunca nos tomaran el Congreso.<\/p>\n\n\n\n<p>Relata que apoy\u00f3 la campa\u00f1a presidencial de Andr\u00e9s Manuel L\u00f3pez Obrador, en 2006, estuvo en el plant\u00f3n de Reforma, respald\u00f3 la campa\u00f1a de 2012 y en 2018 form\u00f3 parte de la Coordinadora Pro AMLO.<\/p>\n\n\n\n<div class=\"wp-block-jetpack-slideshow aligncenter\" data-effect=\"slide\"><div class=\"wp-block-jetpack-slideshow_container swiper-container\"><ul class=\"wp-block-jetpack-slideshow_swiper-wrapper swiper-wrapper\"><li class=\"wp-block-jetpack-slideshow_slide swiper-slide\"><figure><img decoding=\"async\" src=\"data:image\/gif;base64,R0lGODlhAQABAIAAAAAAAP\/\/\/ywAAAAAAQABAAACAUwAOw==\" fifu-lazy=\"1\" fifu-data-sizes=\"auto\" fifu-data-srcset=\"https:\/\/i0.wp.com\/interaccionnoticias.com.mx\/wp-content\/uploads\/2023\/09\/230911-Felix-Bautista-1-1024x683.jpg?ssl=1&w=75&resize=75&ssl=1 75w, https:\/\/i0.wp.com\/interaccionnoticias.com.mx\/wp-content\/uploads\/2023\/09\/230911-Felix-Bautista-1-1024x683.jpg?ssl=1&w=100&resize=100&ssl=1 100w, https:\/\/i0.wp.com\/interaccionnoticias.com.mx\/wp-content\/uploads\/2023\/09\/230911-Felix-Bautista-1-1024x683.jpg?ssl=1&w=150&resize=150&ssl=1 150w, https:\/\/i0.wp.com\/interaccionnoticias.com.mx\/wp-content\/uploads\/2023\/09\/230911-Felix-Bautista-1-1024x683.jpg?ssl=1&w=240&resize=240&ssl=1 240w, https:\/\/i0.wp.com\/interaccionnoticias.com.mx\/wp-content\/uploads\/2023\/09\/230911-Felix-Bautista-1-1024x683.jpg?ssl=1&w=320&resize=320&ssl=1 320w, https:\/\/i0.wp.com\/interaccionnoticias.com.mx\/wp-content\/uploads\/2023\/09\/230911-Felix-Bautista-1-1024x683.jpg?ssl=1&w=500&resize=500&ssl=1 500w, https:\/\/i0.wp.com\/interaccionnoticias.com.mx\/wp-content\/uploads\/2023\/09\/230911-Felix-Bautista-1-1024x683.jpg?ssl=1&w=640&resize=640&ssl=1 640w, https:\/\/i0.wp.com\/interaccionnoticias.com.mx\/wp-content\/uploads\/2023\/09\/230911-Felix-Bautista-1-1024x683.jpg?ssl=1&w=800&resize=800&ssl=1 800w, https:\/\/i0.wp.com\/interaccionnoticias.com.mx\/wp-content\/uploads\/2023\/09\/230911-Felix-Bautista-1-1024x683.jpg?ssl=1&w=1024&resize=1024&ssl=1 1024w, https:\/\/i0.wp.com\/interaccionnoticias.com.mx\/wp-content\/uploads\/2023\/09\/230911-Felix-Bautista-1-1024x683.jpg?ssl=1&w=1280&resize=1280&ssl=1 1280w, https:\/\/i0.wp.com\/interaccionnoticias.com.mx\/wp-content\/uploads\/2023\/09\/230911-Felix-Bautista-1-1024x683.jpg?ssl=1&w=1600&resize=1600&ssl=1 1600w\" alt=\"\" class=\"wp-block-jetpack-slideshow_image wp-image-67842\" data-id=\"67842\" fifu-data-src=\"https:\/\/i0.wp.com\/interaccionnoticias.com.mx\/wp-content\/uploads\/2023\/09\/230911-Felix-Bautista-1-1024x683.jpg?ssl=1\"\/><\/figure><\/li><li class=\"wp-block-jetpack-slideshow_slide swiper-slide\"><figure><img decoding=\"async\" src=\"data:image\/gif;base64,R0lGODlhAQABAIAAAAAAAP\/\/\/ywAAAAAAQABAAACAUwAOw==\" fifu-lazy=\"1\" fifu-data-sizes=\"auto\" fifu-data-srcset=\"https:\/\/i3.wp.com\/interaccionnoticias.com.mx\/wp-content\/uploads\/2023\/09\/230911-Felix-Bautista-2-1024x683.jpg?ssl=1&w=75&resize=75&ssl=1 75w, https:\/\/i3.wp.com\/interaccionnoticias.com.mx\/wp-content\/uploads\/2023\/09\/230911-Felix-Bautista-2-1024x683.jpg?ssl=1&w=100&resize=100&ssl=1 100w, https:\/\/i3.wp.com\/interaccionnoticias.com.mx\/wp-content\/uploads\/2023\/09\/230911-Felix-Bautista-2-1024x683.jpg?ssl=1&w=150&resize=150&ssl=1 150w, https:\/\/i3.wp.com\/interaccionnoticias.com.mx\/wp-content\/uploads\/2023\/09\/230911-Felix-Bautista-2-1024x683.jpg?ssl=1&w=240&resize=240&ssl=1 240w, https:\/\/i3.wp.com\/interaccionnoticias.com.mx\/wp-content\/uploads\/2023\/09\/230911-Felix-Bautista-2-1024x683.jpg?ssl=1&w=320&resize=320&ssl=1 320w, https:\/\/i3.wp.com\/interaccionnoticias.com.mx\/wp-content\/uploads\/2023\/09\/230911-Felix-Bautista-2-1024x683.jpg?ssl=1&w=500&resize=500&ssl=1 500w, https:\/\/i3.wp.com\/interaccionnoticias.com.mx\/wp-content\/uploads\/2023\/09\/230911-Felix-Bautista-2-1024x683.jpg?ssl=1&w=640&resize=640&ssl=1 640w, https:\/\/i3.wp.com\/interaccionnoticias.com.mx\/wp-content\/uploads\/2023\/09\/230911-Felix-Bautista-2-1024x683.jpg?ssl=1&w=800&resize=800&ssl=1 800w, https:\/\/i3.wp.com\/interaccionnoticias.com.mx\/wp-content\/uploads\/2023\/09\/230911-Felix-Bautista-2-1024x683.jpg?ssl=1&w=1024&resize=1024&ssl=1 1024w, https:\/\/i3.wp.com\/interaccionnoticias.com.mx\/wp-content\/uploads\/2023\/09\/230911-Felix-Bautista-2-1024x683.jpg?ssl=1&w=1280&resize=1280&ssl=1 1280w, https:\/\/i3.wp.com\/interaccionnoticias.com.mx\/wp-content\/uploads\/2023\/09\/230911-Felix-Bautista-2-1024x683.jpg?ssl=1&w=1600&resize=1600&ssl=1 1600w\" alt=\"\" class=\"wp-block-jetpack-slideshow_image wp-image-67841\" data-id=\"67841\" fifu-data-src=\"https:\/\/i3.wp.com\/interaccionnoticias.com.mx\/wp-content\/uploads\/2023\/09\/230911-Felix-Bautista-2-1024x683.jpg?ssl=1\"\/><\/figure><\/li><\/ul><a class=\"wp-block-jetpack-slideshow_button-prev swiper-button-prev swiper-button-white\" role=\"button\"><\/a><a class=\"wp-block-jetpack-slideshow_button-next swiper-button-next swiper-button-white\" role=\"button\"><\/a><a aria-label=\"Pause Slideshow\" class=\"wp-block-jetpack-slideshow_button-pause\" role=\"button\"><\/a><div class=\"wp-block-jetpack-slideshow_pagination swiper-pagination swiper-pagination-white\"><\/div><\/div><\/div>\n","protected":false},"excerpt":{"rendered":"<p>&#8212; El profesor Bautista habla sobre su ni\u00f1ez, en la que estuvo a punto de morir cuando la casa de su familia fue incendiada por pistoleros al mando de los&hellip; <\/p>\n","protected":false},"author":21,"featured_media":67841,"comment_status":"open","ping_status":"open","sticky":false,"template":"","format":"standard","meta":{"fifu_image_url":"","fifu_image_alt":"","footnotes":""},"categories":[11],"tags":[],"class_list":["post-67840","post","type-post","status-publish","format-standard","has-post-thumbnail","hentry","category-guerrero"],"_links":{"self":[{"href":"https:\/\/www.interaccionnoticias.com.mx\/index.php?rest_route=\/wp\/v2\/posts\/67840","targetHints":{"allow":["GET"]}}],"collection":[{"href":"https:\/\/www.interaccionnoticias.com.mx\/index.php?rest_route=\/wp\/v2\/posts"}],"about":[{"href":"https:\/\/www.interaccionnoticias.com.mx\/index.php?rest_route=\/wp\/v2\/types\/post"}],"author":[{"embeddable":true,"href":"https:\/\/www.interaccionnoticias.com.mx\/index.php?rest_route=\/wp\/v2\/users\/21"}],"replies":[{"embeddable":true,"href":"https:\/\/www.interaccionnoticias.com.mx\/index.php?rest_route=%2Fwp%2Fv2%2Fcomments&post=67840"}],"version-history":[{"count":1,"href":"https:\/\/www.interaccionnoticias.com.mx\/index.php?rest_route=\/wp\/v2\/posts\/67840\/revisions"}],"predecessor-version":[{"id":67843,"href":"https:\/\/www.interaccionnoticias.com.mx\/index.php?rest_route=\/wp\/v2\/posts\/67840\/revisions\/67843"}],"wp:featuredmedia":[{"embeddable":true,"href":"https:\/\/www.interaccionnoticias.com.mx\/index.php?rest_route=\/wp\/v2\/media\/67841"}],"wp:attachment":[{"href":"https:\/\/www.interaccionnoticias.com.mx\/index.php?rest_route=%2Fwp%2Fv2%2Fmedia&parent=67840"}],"wp:term":[{"taxonomy":"category","embeddable":true,"href":"https:\/\/www.interaccionnoticias.com.mx\/index.php?rest_route=%2Fwp%2Fv2%2Fcategories&post=67840"},{"taxonomy":"post_tag","embeddable":true,"href":"https:\/\/www.interaccionnoticias.com.mx\/index.php?rest_route=%2Fwp%2Fv2%2Ftags&post=67840"}],"curies":[{"name":"wp","href":"https:\/\/api.w.org\/{rel}","templated":true}]}}