{"id":67834,"date":"2023-09-11T12:50:28","date_gmt":"2023-09-11T17:50:28","guid":{"rendered":"https:\/\/interaccionnoticias.com.mx\/?p=67834"},"modified":"2023-09-11T12:50:29","modified_gmt":"2023-09-11T17:50:29","slug":"asesinato-del-fiscal-de-tierra-caliente-reaccion-ante-operativos-y-detenciones-en-guerrero-dice-la-secretaria-de-gobernacion","status":"publish","type":"post","link":"https:\/\/www.interaccionnoticias.com.mx\/?p=67834","title":{"rendered":"Asesinato del fiscal de Tierra Caliente, reacci\u00f3n ante operativos y detenciones en Guerrero, dice la secretaria de Gobernaci\u00f3n"},"content":{"rendered":"\n<p><em><strong>&#8212; El Teniente Coronel, V\u00edctor Manuel Salas realiz\u00f3 detenciones importantes contra el crimen organizado, sostiene Luisa Mar\u00eda Alcalde<\/strong><\/em><\/p>\n\n\n\n<p><strong>Jes\u00fas Dorantes<\/strong><\/p>\n\n\n\n<p><strong>Chilpancingo,Gro.-<\/strong> La secretaria de Gobernaci\u00f3n, Luisa Mar\u00eda Alcalde asegur\u00f3 que el asesinato del fiscal regional de Tierra Caliente V\u00edctor Manuel Salas Cuadras, es una reacci\u00f3n por las detenciones realizadas en contra de integrantes del crimen organizado.<\/p>\n\n\n\n<p>Durante la rueda de prensa del Gobierno Federal, la titular de la Secretar\u00eda de Gobernaci\u00f3n fue cuestionada sobre el homicidio registrado este fin de semana en el municipio de Coyuca de Catal\u00e1n.<\/p>\n\n\n\n<p>En su respuesta, Luisa Mar\u00eda Alcalde destac\u00f3 que fueron informados y que fue abierta una investigaci\u00f3n por el caso, el cual advirti\u00f3, es una respuesta del crimen organizado ante las acciones de seguridad que se implementaron en la zona.<\/p>\n\n\n\n<p>\u201cPor lo que vemos, tiene que ver con operativos realizados de aseguramientos en d\u00edas pasados, se va a abrir la investigaci\u00f3n y por supuesto, cuando se tenga mayor informaci\u00f3n habremos de comunicarselos ustedes a los medios de comunicaci\u00f3n\u201d, anot\u00f3.<\/p>\n\n\n\n<p>Adem\u00e1s de confirm\u00f3 que Salas Cuadras recibi\u00f3 cerca de 50 impactos de arma de fuego.<\/p>\n\n\n\n<p>Cuestionada respecto a si existe relaci\u00f3n con la privaci\u00f3n de la libertad de la titular del Ministerio P\u00fablico de Coyuca de Catal\u00e1n, la representante del Gobierno Federal neg\u00f3 tal relaci\u00f3n y reiter\u00f3 que se debe a los avances en materia de seguridad.<\/p>\n\n\n\n<p>\u201cNo es un patr\u00f3n, tiene que ver con estas reacciones porque se va a venir se viene avanzando en materia de aseguramientos, de detenciones, en esta coordinaci\u00f3n que se tiene tanto en esta entidad como en el resto del pa\u00eds\u201d, anot\u00f3.<\/p>\n\n\n\n<p>Descart\u00f3 la posibilidad de implementar un operativo de seguridad especial en Guerrero, para salvaguardar la integridad de los elementos de la Fiscal\u00eda General del Estado (FGE), ya que de manera local se implementan otras acciones, que se acuerdan en cada sesi\u00f2n de la Mesa de Coordinaci\u00f3n de Construcci\u00f3n de Paz.<\/p>\n","protected":false},"excerpt":{"rendered":"<p>&#8212; El Teniente Coronel, V\u00edctor Manuel Salas realiz\u00f3 detenciones importantes contra el crimen organizado, sostiene Luisa Mar\u00eda Alcalde Jes\u00fas Dorantes Chilpancingo,Gro.- La secretaria de Gobernaci\u00f3n, Luisa Mar\u00eda Alcalde asegur\u00f3 que&hellip; <\/p>\n","protected":false},"author":8,"featured_media":67835,"comment_status":"open","ping_status":"open","sticky":false,"template":"","format":"standard","meta":{"fifu_image_url":"","fifu_image_alt":"","footnotes":""},"categories":[11],"tags":[],"class_list":["post-67834","post","type-post","status-publish","format-standard","has-post-thumbnail","hentry","category-guerrero"],"_links":{"self":[{"href":"https:\/\/www.interaccionnoticias.com.mx\/index.php?rest_route=\/wp\/v2\/posts\/67834","targetHints":{"allow":["GET"]}}],"collection":[{"href":"https:\/\/www.interaccionnoticias.com.mx\/index.php?rest_route=\/wp\/v2\/posts"}],"about":[{"href":"https:\/\/www.interaccionnoticias.com.mx\/index.php?rest_route=\/wp\/v2\/types\/post"}],"author":[{"embeddable":true,"href":"https:\/\/www.interaccionnoticias.com.mx\/index.php?rest_route=\/wp\/v2\/users\/8"}],"replies":[{"embeddable":true,"href":"https:\/\/www.interaccionnoticias.com.mx\/index.php?rest_route=%2Fwp%2Fv2%2Fcomments&post=67834"}],"version-history":[{"count":1,"href":"https:\/\/www.interaccionnoticias.com.mx\/index.php?rest_route=\/wp\/v2\/posts\/67834\/revisions"}],"predecessor-version":[{"id":67836,"href":"https:\/\/www.interaccionnoticias.com.mx\/index.php?rest_route=\/wp\/v2\/posts\/67834\/revisions\/67836"}],"wp:featuredmedia":[{"embeddable":true,"href":"https:\/\/www.interaccionnoticias.com.mx\/index.php?rest_route=\/wp\/v2\/media\/67835"}],"wp:attachment":[{"href":"https:\/\/www.interaccionnoticias.com.mx\/index.php?rest_route=%2Fwp%2Fv2%2Fmedia&parent=67834"}],"wp:term":[{"taxonomy":"category","embeddable":true,"href":"https:\/\/www.interaccionnoticias.com.mx\/index.php?rest_route=%2Fwp%2Fv2%2Fcategories&post=67834"},{"taxonomy":"post_tag","embeddable":true,"href":"https:\/\/www.interaccionnoticias.com.mx\/index.php?rest_route=%2Fwp%2Fv2%2Ftags&post=67834"}],"curies":[{"name":"wp","href":"https:\/\/api.w.org\/{rel}","templated":true}]}}