{"id":67825,"date":"2023-09-11T11:43:54","date_gmt":"2023-09-11T16:43:54","guid":{"rendered":"https:\/\/interaccionnoticias.com.mx\/?p=67825"},"modified":"2023-09-11T11:43:56","modified_gmt":"2023-09-11T16:43:56","slug":"no-nos-van-a-intimidar-dice-la-fiscal-de-guerrero-a-la-familia-michoacana-tlacos-rusos-ardillos-y-viagras","status":"publish","type":"post","link":"https:\/\/www.interaccionnoticias.com.mx\/?p=67825","title":{"rendered":"\u201cNo nos van a intimidar\u201d, dice la fiscal de Guerrero a La Familia Michoacana, Tlacos, Rusos, Ardillos y Viagras"},"content":{"rendered":"\n<p><strong><em>&#8212; Sostiene que en conjunto con el Ej\u00e9rcito, la FGE ha combatido frontalmente al crimen organizado<br>&#8212; El asesinado V\u00edctor Manuel Salas, detuvo a uno de los responsables de la masacre de El Durazno, uno de los hechos criminales de mayor impacto medi\u00e1tico en la entidad<\/em><\/strong><\/p>\n\n\n\n<p><strong>Jes\u00fas Dorantes<\/strong><\/p>\n\n\n\n<p><strong>Chilpancingo, Gro.-<\/strong> El fiscal regional de la Tierra Caliente, V\u00edctor Manuel Salas Cuadras particip\u00f3 en diferentes detenciones y puestas a disposici\u00f3n, siendo una de las principales la de Hermelindo \u201cN\u201d, responsable de la masacre de siete personas en la comunidad del Durazno, en la sierra de Coyuca de Catal\u00e1n.<\/p>\n\n\n\n<p>La titular se la Fiscal\u00eda General del Estado (FGE), Sandra Luz Valdovinos Salmer\u00f3n emiti\u00f3 un video mensaje para dar a conocer el asesinato Salas Cuadras, a quien se refiri\u00f3 como su compa\u00f1ero de armas.<\/p>\n\n\n\n<p>\u201cHoy la Fiscal\u00eda General del Estado y el Ej\u00e9rcito Mexicano se encuentran de luto, al haber sido privado de la vida a manos de cobardes integrantes de la delincuencia nuestro entra\u00f1able compa\u00f1ero de armas, el mayor de justicia militar y licenciado V\u00edctor Manuel Salas Cuadras\u201d, refiri\u00f3 al inicio del mensaje Valdovinos Salmer\u00f3n.<\/p>\n\n\n\n<p>Dentro del mensaje, destac\u00f3 la labor que realiz\u00f3 como fiscal de las regiones Monta\u00f1a y Tierra Caliente, en las que destac\u00f3 un caso en espec\u00edfico \u201cla detenci\u00f3n que nuestro compa\u00f1ero realiz\u00f3 de Hermelindo \u201cN\u201d, presunto integrante del grupo delincuencial La Familia Michoacana, quien actualmente se encuentra sujeto a proceso por el delito de homicidio calificado por los hechos ocurridos el 10 de diciembre de 2022 en la comunidad del Durazno\u201d.<\/p>\n\n\n\n<p>Adem\u00e1s, la fiscal guerrerense advirti\u00f3 que era la primera vez que la FGE en conjunto con organizaciones de seguridad de los tres niveles de gobierno, hac\u00edan frente a grupos del crimen organizado como los Tlacos, los Ardillos, los Rusos, la Familia Michoacana y los Viagras.<\/p>\n\n\n\n<p>Por eso advirti\u00f3: \u201cNo dejaremos que nos intimiden aquellas personas que buscan impedir que se lleve a cabo la labor de investigaci\u00f3n, por lo que seguiremos adelante persiguiendo aquellos que cometan conductas delictivas que afecten la paz y la seguridad en Guerrero\u201d<\/p>\n\n\n\n<p>-La Masacre del Durazno en el 2022<\/p>\n\n\n\n<p>El s\u00e1bado 11 de diciembre del a\u00f1o pasado un grupo de hombres armados asesin\u00f3 a siete personas, entre ellas un menor de 11 a\u00f1os en la comunidad de El Durazno, perteneciente al municipio de Coyuca de Catal\u00e1n.<\/p>\n\n\n\n<p>Las v\u00edctimas que posteriormente fueron identificadas como Bonifacio \u201cN\u201d, Bladimir \u201cN\u201d, Jos\u00e9 \u201cN\u201d, Isidro \u201cN\u201d, Fernando \u201cN\u201d, Daniel \u201cN\u201d y un menor de edad, fueron sacados de su domicilio y llevados hasta la cancha de la comunidad.<\/p>\n\n\n\n<p>Los sujetos que arribaron el al menos diez camionetas rotuladas con las siglas \u201cFM\u201d abrieron fuego contras los pobladores, dejando sus cuerpos tendidos.<\/p>\n\n\n\n<p>Lo que provoc\u00f3 que cinco d\u00edas despu\u00e9s las familias de la comunidad abandonar\u00e1n sus hogares por temor a un nuevo ataque armado, sumado a la falta de energ\u00eda el\u00e9ctrica y se\u00f1al de telefon\u00eda.<\/p>\n\n\n\n<p>Por lo que decidieron emprender un \u00e9xodo fuera de la Tierra Caliente.<\/p>\n\n\n\n<p>-Hermelindo integrante de la FM y el \u00fanico detenido por el caso del Durazno<\/p>\n\n\n\n<p>El 16 de abril del a\u00f1o 2023, la Fiscal\u00eda General del Estado dio a conocer la detenci\u00f3n y vinculaci\u00f3n a proceso a un integrante de la Familia Michoacana, a quien se acus\u00f3 por la masacre cometida en la comunidad del Durazno.<\/p>\n\n\n\n<p>El detenido se revel\u00f3 en el comunicado emitido por la FGE era Hermelindo \u201cN\u201d, alias \u201cEl Meli\u201d o \u201cEl Chiquillo\u201d, quien fue vinculado a proceso por el delito de homicidio calificado contra siete personas.<\/p>\n\n\n\n<p>La vinculaci\u00f3n a proceso fue por los hechos ocurridos el pasado 10 de diciembre de 2022 en la comunidad del Durazno, en la Sierra de Coyuca de Catal\u00e1n.<\/p>\n","protected":false},"excerpt":{"rendered":"<p>&#8212; Sostiene que en conjunto con el Ej\u00e9rcito, la FGE ha combatido frontalmente al crimen organizado&#8212; El asesinado V\u00edctor Manuel Salas, detuvo a uno de los responsables de la masacre&hellip; <\/p>\n","protected":false},"author":8,"featured_media":67826,"comment_status":"open","ping_status":"open","sticky":false,"template":"","format":"standard","meta":{"fifu_image_url":"","fifu_image_alt":"","footnotes":""},"categories":[11],"tags":[],"class_list":["post-67825","post","type-post","status-publish","format-standard","has-post-thumbnail","hentry","category-guerrero"],"_links":{"self":[{"href":"https:\/\/www.interaccionnoticias.com.mx\/index.php?rest_route=\/wp\/v2\/posts\/67825","targetHints":{"allow":["GET"]}}],"collection":[{"href":"https:\/\/www.interaccionnoticias.com.mx\/index.php?rest_route=\/wp\/v2\/posts"}],"about":[{"href":"https:\/\/www.interaccionnoticias.com.mx\/index.php?rest_route=\/wp\/v2\/types\/post"}],"author":[{"embeddable":true,"href":"https:\/\/www.interaccionnoticias.com.mx\/index.php?rest_route=\/wp\/v2\/users\/8"}],"replies":[{"embeddable":true,"href":"https:\/\/www.interaccionnoticias.com.mx\/index.php?rest_route=%2Fwp%2Fv2%2Fcomments&post=67825"}],"version-history":[{"count":1,"href":"https:\/\/www.interaccionnoticias.com.mx\/index.php?rest_route=\/wp\/v2\/posts\/67825\/revisions"}],"predecessor-version":[{"id":67827,"href":"https:\/\/www.interaccionnoticias.com.mx\/index.php?rest_route=\/wp\/v2\/posts\/67825\/revisions\/67827"}],"wp:featuredmedia":[{"embeddable":true,"href":"https:\/\/www.interaccionnoticias.com.mx\/index.php?rest_route=\/wp\/v2\/media\/67826"}],"wp:attachment":[{"href":"https:\/\/www.interaccionnoticias.com.mx\/index.php?rest_route=%2Fwp%2Fv2%2Fmedia&parent=67825"}],"wp:term":[{"taxonomy":"category","embeddable":true,"href":"https:\/\/www.interaccionnoticias.com.mx\/index.php?rest_route=%2Fwp%2Fv2%2Fcategories&post=67825"},{"taxonomy":"post_tag","embeddable":true,"href":"https:\/\/www.interaccionnoticias.com.mx\/index.php?rest_route=%2Fwp%2Fv2%2Ftags&post=67825"}],"curies":[{"name":"wp","href":"https:\/\/api.w.org\/{rel}","templated":true}]}}