{"id":67810,"date":"2023-09-10T17:22:06","date_gmt":"2023-09-10T22:22:06","guid":{"rendered":"https:\/\/interaccionnoticias.com.mx\/?p=67810"},"modified":"2023-09-10T17:22:08","modified_gmt":"2023-09-10T22:22:08","slug":"rinden-protesta-integrantes-de-la-dirigencia-municipal-de-movimiento-ciudadano-en-chilpancingo","status":"publish","type":"post","link":"https:\/\/www.interaccionnoticias.com.mx\/?p=67810","title":{"rendered":"Rinden protesta integrantes de la dirigencia municipal de Movimiento Ciudadano en Chilpancingo"},"content":{"rendered":"\n<p><strong>Rosario Garc\u00eda Orozco<\/strong><\/p>\n\n\n\n<p><strong>Chilpancingo, Gro., 10 de septiembre del 2023.-<\/strong> Integrantes de la coordinaci\u00f3n Municipal en Chilpancingo de Movimiento Ciudadano rindieron protesta, en un evento en el que ese partido ratific\u00f3 su determinaci\u00f3n de no ir en coalisi\u00f3n a la elecci\u00f3n del 2024, ni en el proceso federal, ni en el local.<\/p>\n\n\n\n<p>En representaci\u00f3n del dirigente estatal de MC, Juli\u00e1n L\u00f3pez Galeana, el dirigente en Acapulco de ese partido pol\u00edtico, Genaro V\u00e1zquez Flores, asegur\u00f3 que la determinaci\u00f3n de la dirigencia nacional de ese instituto pol\u00edtico \u00abes que vamos solos. Vamos con candidato propio\u00bb, y agreg\u00f3 que Movimiento Ciudadano es la alternativa, somos la diferencia, somos la opci\u00f3n\u00bb.<\/p>\n\n\n\n<p>Dijo que los mexicanos no merecen ni regresar al pasado ni mantenerse en un tipo de gobierno como el actual, \u00abde mentiras\u00bb, donde se criticaba el derroche de dinero en las campanas del PRI, \u00aby que est\u00e1n haciendo ellos?, lo mismo o peor, y para que tanto show, si sab\u00edan a quien iban a dejar de candidato\u00bb, expres\u00f3 al referirse al proceso interno de Morena.<\/p>\n\n\n\n<p>Este es un nuevo momento de Movimiento Ciudadano, dijo Sebasti\u00e1n de la Rosa Pelaez, Secretario de Asuntos Electorales, al que le dio por nombre el relanzamiento de MC en Guerrero, \u00abestamos convencidos de que este partido es la alternativa que este pa\u00eds y la entidad necesitan, que no est\u00e9 en el extremo del discurso bravuc\u00f3n y que todo descalifica, y que tampoco est\u00e9 en el extremo del discurso placentero de que todo est\u00e1 bien en este pa\u00eds y que no hay nada que cambiar, esas posiciones pol\u00edticas est\u00e1n mal\u00bb.<\/p>\n\n\n\n<p>Efr\u00e9n Encarnaci\u00f3n Nava, nuevo dirigente de MC en Chilpancingo, se comprometi\u00f3 a que conducir\u00e1 a ese partido en el municipio con di\u00e1logo y respeto, \u00abpara poder construir a trav\u00e9s de consensos la pol\u00edtica que se requiere\u00bb, y agreg\u00f3 que ninguno de los dirigentes de Movimiento Ciudadano deben presentar \u00ablos fatales s\u00edntomas de narcisismo, vanidad, gradilocuencia, absolutismo o autoelogio\u00bb.<\/p>\n\n\n\n<p>Asumi\u00f3 tambi\u00e9n el compromiso de erradicar en la coordinaci\u00f3n municipal actitudes que tanto molestan a la gente \u00abcomo la pedanter\u00eda, la omnipotencia, la arrogancia e incompetencia pol\u00edtica, definitivamente esa no es la ruta a seguir y en ello estamos trabajando\u00bb.<\/p>\n\n\n\n<p>Encarnaci\u00f3n Nava sostuvo que la lucha pol\u00edtica que inicia desde esta fecha en el municipio y en el marco del proceso electoral, es para ser mejores, para fortalecer la democracia y devolverle la dignidad a las instituciones, \u00abquiero comprometerme a ofrecer mi trabajo y mi talento pol\u00edtico electoral, para que Movimiento Ciudadano sea la opci\u00f3n que buscan anciosos los chilpancingue\u00f1os\u00bb.<\/p>\n","protected":false},"excerpt":{"rendered":"<p>Rosario Garc\u00eda Orozco Chilpancingo, Gro., 10 de septiembre del 2023.- Integrantes de la coordinaci\u00f3n Municipal en Chilpancingo de Movimiento Ciudadano rindieron protesta, en un evento en el que ese partido&hellip; <\/p>\n","protected":false},"author":14,"featured_media":67811,"comment_status":"open","ping_status":"open","sticky":false,"template":"","format":"standard","meta":{"fifu_image_url":"","fifu_image_alt":"","footnotes":""},"categories":[21],"tags":[],"class_list":["post-67810","post","type-post","status-publish","format-standard","has-post-thumbnail","hentry","category-politica"],"_links":{"self":[{"href":"https:\/\/www.interaccionnoticias.com.mx\/index.php?rest_route=\/wp\/v2\/posts\/67810","targetHints":{"allow":["GET"]}}],"collection":[{"href":"https:\/\/www.interaccionnoticias.com.mx\/index.php?rest_route=\/wp\/v2\/posts"}],"about":[{"href":"https:\/\/www.interaccionnoticias.com.mx\/index.php?rest_route=\/wp\/v2\/types\/post"}],"author":[{"embeddable":true,"href":"https:\/\/www.interaccionnoticias.com.mx\/index.php?rest_route=\/wp\/v2\/users\/14"}],"replies":[{"embeddable":true,"href":"https:\/\/www.interaccionnoticias.com.mx\/index.php?rest_route=%2Fwp%2Fv2%2Fcomments&post=67810"}],"version-history":[{"count":1,"href":"https:\/\/www.interaccionnoticias.com.mx\/index.php?rest_route=\/wp\/v2\/posts\/67810\/revisions"}],"predecessor-version":[{"id":67812,"href":"https:\/\/www.interaccionnoticias.com.mx\/index.php?rest_route=\/wp\/v2\/posts\/67810\/revisions\/67812"}],"wp:featuredmedia":[{"embeddable":true,"href":"https:\/\/www.interaccionnoticias.com.mx\/index.php?rest_route=\/wp\/v2\/media\/67811"}],"wp:attachment":[{"href":"https:\/\/www.interaccionnoticias.com.mx\/index.php?rest_route=%2Fwp%2Fv2%2Fmedia&parent=67810"}],"wp:term":[{"taxonomy":"category","embeddable":true,"href":"https:\/\/www.interaccionnoticias.com.mx\/index.php?rest_route=%2Fwp%2Fv2%2Fcategories&post=67810"},{"taxonomy":"post_tag","embeddable":true,"href":"https:\/\/www.interaccionnoticias.com.mx\/index.php?rest_route=%2Fwp%2Fv2%2Ftags&post=67810"}],"curies":[{"name":"wp","href":"https:\/\/api.w.org\/{rel}","templated":true}]}}