{"id":67802,"date":"2023-09-10T17:11:47","date_gmt":"2023-09-10T22:11:47","guid":{"rendered":"https:\/\/interaccionnoticias.com.mx\/?p=67802"},"modified":"2023-09-10T17:11:49","modified_gmt":"2023-09-10T22:11:49","slug":"preocupan-al-colectivo-lgbt-orgullo-guerrero-las-desapariciones-y-amenazas-contra-integrantes-de-la-comunidad","status":"publish","type":"post","link":"https:\/\/www.interaccionnoticias.com.mx\/?p=67802","title":{"rendered":"Preocupan al colectivo LGBT Orgullo Guerrero las desapariciones y amenazas contra integrantes de la comunidad"},"content":{"rendered":"\n<p><strong><em>&#8212; Han documentado que son en contra de integrantes que representan una fuerza pol\u00edtica-social<\/em><\/strong><\/p>\n\n\n\n<p><strong>Yasm\u00edn Garc\u00eda Chino<\/strong><\/p>\n\n\n\n<p><strong>Chilpancingo, Gro., a 10 de septiembre 2023.- <\/strong>En los \u00faltimos 9 d\u00edas, dos integrantes de la comunidad han sido desaparecidos y dos m\u00e1s amenazados, de acuerdo a cifras del Colectivo LGBTI+ Orgullo Guerrero, en las ciudades de Acapulco y Chilpancingo.<\/p>\n\n\n\n<p>Juan Carlos Salvador L\u00f3pez, presidente del Colectivo asegur\u00f3 que existe una incertidumbre sobre las desapariciones forzadas y amenazas perpetradas en contra de los integrantes, que de alguna manera representan una fuerza pol\u00edtica-social y que en consecuencia, estar\u00edan en condiciones de contender en el proceso electoral 2024.<\/p>\n\n\n\n<p>El Colectivo exigi\u00f3 la aparici\u00f3n con vida de Mois\u00e9s Tomas Ju\u00e1rez Abarca, integrante de comunidad y Coordinador Estatal de la Diversidad Sexual del PRD, de Bryan Josu\u00e9 Vargas Hern\u00e1ndez, activista de la comunidad, as\u00ed como de los j\u00f3venes Jes\u00fas Arroyo Venegas, Andr\u00e9s Gabriel Delgado, Julio P\u00e9rez Garc\u00eda, Erick Calixto Ch\u00e1vez y Mar\u00eda Perla Guzm\u00e1n, desaparecidos desde el pasado 1 de septiembre en el puerto de Acapulco.<\/p>\n\n\n\n<p>Conden\u00f3 el desplazamiento forzado del Comisionado Nacional de Diversidad en Movimiento, Alberto Serna Mogoll\u00f3n, debido a las amenazas de muerte que ha recibido, pues el martes pasado tuvo que salir de la entidad para salvaguardar su integridad.<\/p>\n\n\n\n<p>\u201cCon esto de las elecciones no sabemos qu\u00e9 va a pasar, cada partido pol\u00edtico tiene que tener en sus filas personas afromexicanas, ind\u00edgenas, de la comunidad LGBT y s\u00ed el partido no lleva a alguien de esta rama, pues no puede registrarse para las pr\u00f3ximas elecciones, no se qu\u00e9 esta pasando, s\u00ed ellos que son m\u00e1s fuertes podr\u00edan ocupar alg\u00fan cargo y por eso han sido amedrentados o desaparecidos, tampoco se descarta que sean actos de homofobia\u201d, dijo el presidente del Colectivo Orgullo Guerrero.<\/p>\n\n\n\n<p>Inform\u00f3 que el Colectivo tiene conocimiento de un caso en la comunidad de Petaquillas, municipio de Chilpancingo, donde un joven de la comunidad que contendi\u00f3 para comisario est\u00e1 siendo amedrentado, por lo que tendr\u00e1 que huir de Chilpancingo.<\/p>\n\n\n\n<p>\u201cTenemos conocimiento de un joven de la comunidad que est\u00e1 siendo amedrentado, el representa una fuerza porque contendi\u00f3 para ser comisario, no tenemos la informaci\u00f3n exacta, completa, pero en eso estamos\u201d, puntualiz\u00f3.<\/p>\n\n\n\n<p>Juan Carlos exigi\u00f3 a las autoridades poner inter\u00e9s en estos casos y dar con el paradero de los siete j\u00f3venes desaparecidos en Acapulco.<\/p>\n","protected":false},"excerpt":{"rendered":"<p>&#8212; Han documentado que son en contra de integrantes que representan una fuerza pol\u00edtica-social Yasm\u00edn Garc\u00eda Chino Chilpancingo, Gro., a 10 de septiembre 2023.- En los \u00faltimos 9 d\u00edas, dos&hellip; <\/p>\n","protected":false},"author":32,"featured_media":67803,"comment_status":"open","ping_status":"open","sticky":false,"template":"","format":"standard","meta":{"fifu_image_url":"","fifu_image_alt":"","footnotes":""},"categories":[29],"tags":[],"class_list":["post-67802","post","type-post","status-publish","format-standard","has-post-thumbnail","hentry","category-sociedad"],"_links":{"self":[{"href":"https:\/\/www.interaccionnoticias.com.mx\/index.php?rest_route=\/wp\/v2\/posts\/67802","targetHints":{"allow":["GET"]}}],"collection":[{"href":"https:\/\/www.interaccionnoticias.com.mx\/index.php?rest_route=\/wp\/v2\/posts"}],"about":[{"href":"https:\/\/www.interaccionnoticias.com.mx\/index.php?rest_route=\/wp\/v2\/types\/post"}],"author":[{"embeddable":true,"href":"https:\/\/www.interaccionnoticias.com.mx\/index.php?rest_route=\/wp\/v2\/users\/32"}],"replies":[{"embeddable":true,"href":"https:\/\/www.interaccionnoticias.com.mx\/index.php?rest_route=%2Fwp%2Fv2%2Fcomments&post=67802"}],"version-history":[{"count":1,"href":"https:\/\/www.interaccionnoticias.com.mx\/index.php?rest_route=\/wp\/v2\/posts\/67802\/revisions"}],"predecessor-version":[{"id":67804,"href":"https:\/\/www.interaccionnoticias.com.mx\/index.php?rest_route=\/wp\/v2\/posts\/67802\/revisions\/67804"}],"wp:featuredmedia":[{"embeddable":true,"href":"https:\/\/www.interaccionnoticias.com.mx\/index.php?rest_route=\/wp\/v2\/media\/67803"}],"wp:attachment":[{"href":"https:\/\/www.interaccionnoticias.com.mx\/index.php?rest_route=%2Fwp%2Fv2%2Fmedia&parent=67802"}],"wp:term":[{"taxonomy":"category","embeddable":true,"href":"https:\/\/www.interaccionnoticias.com.mx\/index.php?rest_route=%2Fwp%2Fv2%2Fcategories&post=67802"},{"taxonomy":"post_tag","embeddable":true,"href":"https:\/\/www.interaccionnoticias.com.mx\/index.php?rest_route=%2Fwp%2Fv2%2Ftags&post=67802"}],"curies":[{"name":"wp","href":"https:\/\/api.w.org\/{rel}","templated":true}]}}