{"id":67747,"date":"2023-09-08T11:18:33","date_gmt":"2023-09-08T16:18:33","guid":{"rendered":"https:\/\/interaccionnoticias.com.mx\/?p=67747"},"modified":"2023-09-08T11:18:36","modified_gmt":"2023-09-08T16:18:36","slug":"familiares-y-amigos-dan-el-ultimo-adios-a-juan-carlos-vitrago-flores-jefe-de-la-policia-asesinado-en-tierra-colorada","status":"publish","type":"post","link":"https:\/\/www.interaccionnoticias.com.mx\/?p=67747","title":{"rendered":"Familiares y amigos dan el \u00faltimo adi\u00f3s a Juan Carlos Vitrago Flores, jefe de la polic\u00eda asesinado en Tierra Colorada"},"content":{"rendered":"\n<p><strong><em>&#8212; No pudieron homenajearlo en la FGE, para la que trabaj\u00f3 durante m\u00e1s de 20 a\u00f1os<br>&#8212; Los familiares dicen que la titular, Sandra Luz Valdovinos Salmer\u00f3n se opuso a la ceremonia<\/em><\/strong><\/p>\n\n\n\n<p><strong>Yasm\u00edn Garc\u00eda Chino<\/strong><\/p>\n\n\n\n<p><strong>Chilpancingo, Gro., a 07 de agosto 2023.- <\/strong>Familiares y amigos dieron el \u00faltimo adi\u00f3s a Juan Carlos Vitrago Flores, quien fuera director de Seguridad P\u00fablica Municipal de Juan R. Escudero y muriera junto con tres polic\u00edas preventivos el martes pasado, al ser victimas de una emboscada en Tierra Colorada.<\/p>\n\n\n\n<p>El cuerpo fue velado en la funeraria Chilpancingo, en el centro de la ciudad capital.<\/p>\n\n\n\n<p>A las 4 de la tarde fue trasladado a la Catedral de la Asunci\u00f3n de Mar\u00eda, donde se realiz\u00f3 la misa de cuerpo presente, oficiada por el sacerdote Benito Cuenca Mayo, p\u00e1rroco de la Catedral.<\/p>\n\n\n\n<p>El ministro de culto pidi\u00f3 por el descanso de Juan Carlos Vitrago y por su familia, para que puedan sobrellevar el dolor de perder a un ser querido.<\/p>\n\n\n\n<p>Familiares recordaron que Juan Carlos caus\u00f3 alta en el 50 batall\u00f3n de infanter\u00eda a penas cuando ten\u00eda 18 a\u00f1os de edad, form\u00f3 parte del Grupo de Fuerzas Especiales del Ej\u00e9rcito y cuando ten\u00edas 21 a\u00f1os ingres\u00f3 a la Secretar\u00eda de Seguridad P\u00fablica (SSP), para formar parte de la Unidad de Fuerzas Especiales (UFE) hasta los 32 a\u00f1os.<\/p>\n\n\n\n<p>Dej\u00f3 la SSP para ingresar a la Unidad de Antisecuestro de la Fiscal\u00eda General del Estado (FGE), participaba en operaciones especiales de la FGE y fue comisionado como escolta del ex gobernador del estado, H\u00e9ctor Astudillo Flores (PRI) y del ex candidato a la gubernatura Mario Moreno Arcos, impulsado por la coalici\u00f3n PRI-PRD.<\/p>\n\n\n\n<p>Trabaj\u00f3 en la Fiscal\u00eda por 20 a\u00f1os, el 4 de julio del a\u00f1o en curso fue nombrado director de Seguridad Publica de Juan R. Escudero.<\/p>\n\n\n\n<p>Solo estuvo dos meses en el cargo.<\/p>\n\n\n\n<p>La familia y la alcaldesa Diana Carolina Costilla Villanueva solicitaron a la Fiscal General del Estado, Sandra Luz Valdovinos Salmer\u00f3n, conceder el permiso para que el cuerpo de Juan Carlos Vitrago fuera despedido en las instalaciones de la FGE con Honores al morir en el cumplimiento de su deber, sin embargo, les fue negado.<\/p>\n\n\n\n<p>El argumento de la Fiscal en Guerrero, fue que ya no pertenec\u00eda a la instituci\u00f3n de procuraci\u00f3n de justicia.<\/p>\n\n\n\n<p>El cuerpo fue sepultado en el pante\u00f3n central de Chilpancingo entre l\u00e1grimas y aplausos.<\/p>\n\n\n\n<div class=\"wp-block-jetpack-slideshow aligncenter\" data-effect=\"slide\"><div class=\"wp-block-jetpack-slideshow_container swiper-container\"><ul class=\"wp-block-jetpack-slideshow_swiper-wrapper swiper-wrapper\"><li class=\"wp-block-jetpack-slideshow_slide swiper-slide\"><figure><img decoding=\"async\" src=\"data:image\/gif;base64,R0lGODlhAQABAIAAAAAAAP\/\/\/ywAAAAAAQABAAACAUwAOw==\" fifu-lazy=\"1\" fifu-data-sizes=\"auto\" fifu-data-srcset=\"https:\/\/i2.wp.com\/interaccionnoticias.com.mx\/wp-content\/uploads\/2023\/09\/230908-jefe-de-la-policia-1-1024x683.jpg?ssl=1&w=75&resize=75&ssl=1 75w, https:\/\/i2.wp.com\/interaccionnoticias.com.mx\/wp-content\/uploads\/2023\/09\/230908-jefe-de-la-policia-1-1024x683.jpg?ssl=1&w=100&resize=100&ssl=1 100w, https:\/\/i2.wp.com\/interaccionnoticias.com.mx\/wp-content\/uploads\/2023\/09\/230908-jefe-de-la-policia-1-1024x683.jpg?ssl=1&w=150&resize=150&ssl=1 150w, https:\/\/i2.wp.com\/interaccionnoticias.com.mx\/wp-content\/uploads\/2023\/09\/230908-jefe-de-la-policia-1-1024x683.jpg?ssl=1&w=240&resize=240&ssl=1 240w, https:\/\/i2.wp.com\/interaccionnoticias.com.mx\/wp-content\/uploads\/2023\/09\/230908-jefe-de-la-policia-1-1024x683.jpg?ssl=1&w=320&resize=320&ssl=1 320w, https:\/\/i2.wp.com\/interaccionnoticias.com.mx\/wp-content\/uploads\/2023\/09\/230908-jefe-de-la-policia-1-1024x683.jpg?ssl=1&w=500&resize=500&ssl=1 500w, https:\/\/i2.wp.com\/interaccionnoticias.com.mx\/wp-content\/uploads\/2023\/09\/230908-jefe-de-la-policia-1-1024x683.jpg?ssl=1&w=640&resize=640&ssl=1 640w, https:\/\/i2.wp.com\/interaccionnoticias.com.mx\/wp-content\/uploads\/2023\/09\/230908-jefe-de-la-policia-1-1024x683.jpg?ssl=1&w=800&resize=800&ssl=1 800w, https:\/\/i2.wp.com\/interaccionnoticias.com.mx\/wp-content\/uploads\/2023\/09\/230908-jefe-de-la-policia-1-1024x683.jpg?ssl=1&w=1024&resize=1024&ssl=1 1024w, https:\/\/i2.wp.com\/interaccionnoticias.com.mx\/wp-content\/uploads\/2023\/09\/230908-jefe-de-la-policia-1-1024x683.jpg?ssl=1&w=1280&resize=1280&ssl=1 1280w, https:\/\/i2.wp.com\/interaccionnoticias.com.mx\/wp-content\/uploads\/2023\/09\/230908-jefe-de-la-policia-1-1024x683.jpg?ssl=1&w=1600&resize=1600&ssl=1 1600w\" alt=\"\" class=\"wp-block-jetpack-slideshow_image wp-image-67748\" data-id=\"67748\" fifu-data-src=\"https:\/\/i2.wp.com\/interaccionnoticias.com.mx\/wp-content\/uploads\/2023\/09\/230908-jefe-de-la-policia-1-1024x683.jpg?ssl=1\"\/><\/figure><\/li><li class=\"wp-block-jetpack-slideshow_slide swiper-slide\"><figure><img decoding=\"async\" src=\"data:image\/gif;base64,R0lGODlhAQABAIAAAAAAAP\/\/\/ywAAAAAAQABAAACAUwAOw==\" fifu-lazy=\"1\" fifu-data-sizes=\"auto\" fifu-data-srcset=\"https:\/\/i1.wp.com\/interaccionnoticias.com.mx\/wp-content\/uploads\/2023\/09\/230908-jefe-de-la-policia-2-1024x683.jpg?ssl=1&w=75&resize=75&ssl=1 75w, https:\/\/i1.wp.com\/interaccionnoticias.com.mx\/wp-content\/uploads\/2023\/09\/230908-jefe-de-la-policia-2-1024x683.jpg?ssl=1&w=100&resize=100&ssl=1 100w, https:\/\/i1.wp.com\/interaccionnoticias.com.mx\/wp-content\/uploads\/2023\/09\/230908-jefe-de-la-policia-2-1024x683.jpg?ssl=1&w=150&resize=150&ssl=1 150w, https:\/\/i1.wp.com\/interaccionnoticias.com.mx\/wp-content\/uploads\/2023\/09\/230908-jefe-de-la-policia-2-1024x683.jpg?ssl=1&w=240&resize=240&ssl=1 240w, https:\/\/i1.wp.com\/interaccionnoticias.com.mx\/wp-content\/uploads\/2023\/09\/230908-jefe-de-la-policia-2-1024x683.jpg?ssl=1&w=320&resize=320&ssl=1 320w, https:\/\/i1.wp.com\/interaccionnoticias.com.mx\/wp-content\/uploads\/2023\/09\/230908-jefe-de-la-policia-2-1024x683.jpg?ssl=1&w=500&resize=500&ssl=1 500w, https:\/\/i1.wp.com\/interaccionnoticias.com.mx\/wp-content\/uploads\/2023\/09\/230908-jefe-de-la-policia-2-1024x683.jpg?ssl=1&w=640&resize=640&ssl=1 640w, https:\/\/i1.wp.com\/interaccionnoticias.com.mx\/wp-content\/uploads\/2023\/09\/230908-jefe-de-la-policia-2-1024x683.jpg?ssl=1&w=800&resize=800&ssl=1 800w, https:\/\/i1.wp.com\/interaccionnoticias.com.mx\/wp-content\/uploads\/2023\/09\/230908-jefe-de-la-policia-2-1024x683.jpg?ssl=1&w=1024&resize=1024&ssl=1 1024w, https:\/\/i1.wp.com\/interaccionnoticias.com.mx\/wp-content\/uploads\/2023\/09\/230908-jefe-de-la-policia-2-1024x683.jpg?ssl=1&w=1280&resize=1280&ssl=1 1280w, https:\/\/i1.wp.com\/interaccionnoticias.com.mx\/wp-content\/uploads\/2023\/09\/230908-jefe-de-la-policia-2-1024x683.jpg?ssl=1&w=1600&resize=1600&ssl=1 1600w\" alt=\"\" class=\"wp-block-jetpack-slideshow_image wp-image-67749\" data-id=\"67749\" fifu-data-src=\"https:\/\/i1.wp.com\/interaccionnoticias.com.mx\/wp-content\/uploads\/2023\/09\/230908-jefe-de-la-policia-2-1024x683.jpg?ssl=1\"\/><\/figure><\/li><\/ul><a class=\"wp-block-jetpack-slideshow_button-prev swiper-button-prev swiper-button-white\" role=\"button\"><\/a><a class=\"wp-block-jetpack-slideshow_button-next swiper-button-next swiper-button-white\" role=\"button\"><\/a><a aria-label=\"Pause Slideshow\" class=\"wp-block-jetpack-slideshow_button-pause\" role=\"button\"><\/a><div class=\"wp-block-jetpack-slideshow_pagination swiper-pagination swiper-pagination-white\"><\/div><\/div><\/div>\n","protected":false},"excerpt":{"rendered":"<p>&#8212; No pudieron homenajearlo en la FGE, para la que trabaj\u00f3 durante m\u00e1s de 20 a\u00f1os&#8212; Los familiares dicen que la titular, Sandra Luz Valdovinos Salmer\u00f3n se opuso a la&hellip; <\/p>\n","protected":false},"author":32,"featured_media":67749,"comment_status":"open","ping_status":"open","sticky":false,"template":"","format":"standard","meta":{"fifu_image_url":"","fifu_image_alt":"","footnotes":""},"categories":[29],"tags":[],"class_list":["post-67747","post","type-post","status-publish","format-standard","has-post-thumbnail","hentry","category-sociedad"],"_links":{"self":[{"href":"https:\/\/www.interaccionnoticias.com.mx\/index.php?rest_route=\/wp\/v2\/posts\/67747","targetHints":{"allow":["GET"]}}],"collection":[{"href":"https:\/\/www.interaccionnoticias.com.mx\/index.php?rest_route=\/wp\/v2\/posts"}],"about":[{"href":"https:\/\/www.interaccionnoticias.com.mx\/index.php?rest_route=\/wp\/v2\/types\/post"}],"author":[{"embeddable":true,"href":"https:\/\/www.interaccionnoticias.com.mx\/index.php?rest_route=\/wp\/v2\/users\/32"}],"replies":[{"embeddable":true,"href":"https:\/\/www.interaccionnoticias.com.mx\/index.php?rest_route=%2Fwp%2Fv2%2Fcomments&post=67747"}],"version-history":[{"count":1,"href":"https:\/\/www.interaccionnoticias.com.mx\/index.php?rest_route=\/wp\/v2\/posts\/67747\/revisions"}],"predecessor-version":[{"id":67750,"href":"https:\/\/www.interaccionnoticias.com.mx\/index.php?rest_route=\/wp\/v2\/posts\/67747\/revisions\/67750"}],"wp:featuredmedia":[{"embeddable":true,"href":"https:\/\/www.interaccionnoticias.com.mx\/index.php?rest_route=\/wp\/v2\/media\/67749"}],"wp:attachment":[{"href":"https:\/\/www.interaccionnoticias.com.mx\/index.php?rest_route=%2Fwp%2Fv2%2Fmedia&parent=67747"}],"wp:term":[{"taxonomy":"category","embeddable":true,"href":"https:\/\/www.interaccionnoticias.com.mx\/index.php?rest_route=%2Fwp%2Fv2%2Fcategories&post=67747"},{"taxonomy":"post_tag","embeddable":true,"href":"https:\/\/www.interaccionnoticias.com.mx\/index.php?rest_route=%2Fwp%2Fv2%2Ftags&post=67747"}],"curies":[{"name":"wp","href":"https:\/\/api.w.org\/{rel}","templated":true}]}}