{"id":67744,"date":"2023-09-08T11:13:11","date_gmt":"2023-09-08T16:13:11","guid":{"rendered":"https:\/\/interaccionnoticias.com.mx\/?p=67744"},"modified":"2023-09-08T11:13:13","modified_gmt":"2023-09-08T16:13:13","slug":"enfrentamiento-deja-tres-muertos-y-cinco-detenidos-en-tierra-colorada","status":"publish","type":"post","link":"https:\/\/www.interaccionnoticias.com.mx\/?p=67744","title":{"rendered":"Enfrentamiento deja tres muertos y cinco detenidos en Tierra Colorada"},"content":{"rendered":"\n<p><em><strong>&#8212; Se despliegan elementos del Ej\u00e9rcito, la Guardia Nacional y la Polic\u00eda del Estado<\/strong><\/em><\/p>\n\n\n\n<p><strong>Rogelio Agust\u00edn<\/strong><\/p>\n\n\n\n<p>Tres muertos y cinco detenidos, entre ellos dos mujeres, es el saldo que dej\u00f3 un enfrentamiento entre civiles armados en la carretera que va de Tierra Colorada hacia Ayutla de los Libres, en la regi\u00f3n Centro de la entidad.<\/p>\n\n\n\n<p>La noche del jueves, habitantes de Tierra Colorada, cabecera municipal de Juan R. Escudero reportaron una balacera en la salida que conduce a la Costa Chica, cerca del fraccionamiento Las Palmas.<\/p>\n\n\n\n<p>El reporte propici\u00f3 el despliegue de elementos del Ej\u00e9rcito Mexicano, la Polic\u00eda del Estado y la Guardia Nacional, que llegaron hasta el punto conocido como \u201cLas Casitas\u201d, donde ubicaron una camioneta abandonada por sicarios que participaron en el enfrentamiento de origen.<\/p>\n\n\n\n<p>M\u00e1s tarde se confirm\u00f3 que el personal militar y de la polic\u00eda, hab\u00eda detenido en las inmediaciones de Omitl\u00e1n, a poca distancia de Las Casitas a cinco personas, tres hombres y dos mujeres que se asumieron como supuestos integrantes de \u201cPueblos Unidos\u201d o \u201cLos Ardillos\u201d.<\/p>\n\n\n\n<p>Para la ma\u00f1ana del viernes, alrededor de las 08:00 horas, elementos de la Polic\u00eda Preventiva Municipal y de la Guardia Nacional encontraron los cad\u00e1veres de tres hombres dentro de un terreno cercado, muy cerca de \u201cLas Casitas\u201d, en el patio de un taller de herrer\u00eda.<\/p>\n\n\n\n<p>Las v\u00edctimas estaban amarradas de pies y manos, todas con la cara hacia el piso, se les calcularon edades de entre 40 y 50 a\u00f1os de edad.<\/p>\n","protected":false},"excerpt":{"rendered":"<p>&#8212; Se despliegan elementos del Ej\u00e9rcito, la Guardia Nacional y la Polic\u00eda del Estado Rogelio Agust\u00edn Tres muertos y cinco detenidos, entre ellos dos mujeres, es el saldo que dej\u00f3&hellip; <\/p>\n","protected":false},"author":21,"featured_media":67745,"comment_status":"open","ping_status":"open","sticky":false,"template":"","format":"standard","meta":{"fifu_image_url":"","fifu_image_alt":"","footnotes":""},"categories":[27],"tags":[],"class_list":["post-67744","post","type-post","status-publish","format-standard","has-post-thumbnail","hentry","category-seguridad-publica"],"_links":{"self":[{"href":"https:\/\/www.interaccionnoticias.com.mx\/index.php?rest_route=\/wp\/v2\/posts\/67744","targetHints":{"allow":["GET"]}}],"collection":[{"href":"https:\/\/www.interaccionnoticias.com.mx\/index.php?rest_route=\/wp\/v2\/posts"}],"about":[{"href":"https:\/\/www.interaccionnoticias.com.mx\/index.php?rest_route=\/wp\/v2\/types\/post"}],"author":[{"embeddable":true,"href":"https:\/\/www.interaccionnoticias.com.mx\/index.php?rest_route=\/wp\/v2\/users\/21"}],"replies":[{"embeddable":true,"href":"https:\/\/www.interaccionnoticias.com.mx\/index.php?rest_route=%2Fwp%2Fv2%2Fcomments&post=67744"}],"version-history":[{"count":1,"href":"https:\/\/www.interaccionnoticias.com.mx\/index.php?rest_route=\/wp\/v2\/posts\/67744\/revisions"}],"predecessor-version":[{"id":67746,"href":"https:\/\/www.interaccionnoticias.com.mx\/index.php?rest_route=\/wp\/v2\/posts\/67744\/revisions\/67746"}],"wp:featuredmedia":[{"embeddable":true,"href":"https:\/\/www.interaccionnoticias.com.mx\/index.php?rest_route=\/wp\/v2\/media\/67745"}],"wp:attachment":[{"href":"https:\/\/www.interaccionnoticias.com.mx\/index.php?rest_route=%2Fwp%2Fv2%2Fmedia&parent=67744"}],"wp:term":[{"taxonomy":"category","embeddable":true,"href":"https:\/\/www.interaccionnoticias.com.mx\/index.php?rest_route=%2Fwp%2Fv2%2Fcategories&post=67744"},{"taxonomy":"post_tag","embeddable":true,"href":"https:\/\/www.interaccionnoticias.com.mx\/index.php?rest_route=%2Fwp%2Fv2%2Ftags&post=67744"}],"curies":[{"name":"wp","href":"https:\/\/api.w.org\/{rel}","templated":true}]}}