{"id":67728,"date":"2023-09-07T18:02:36","date_gmt":"2023-09-07T23:02:36","guid":{"rendered":"https:\/\/interaccionnoticias.com.mx\/?p=67728"},"modified":"2023-09-07T18:02:39","modified_gmt":"2023-09-07T23:02:39","slug":"dirigente-de-morena-guerrero-anticipa-que-ganara-a-la-calumnia-y-la-mentira","status":"publish","type":"post","link":"https:\/\/www.interaccionnoticias.com.mx\/?p=67728","title":{"rendered":"Dirigente de MORENA-Guerrero anticipa que ganar\u00e1 a la calumnia y la mentira"},"content":{"rendered":"\n<p><strong><em>&#8212; Enfrenta una sanci\u00f3n por Violencia Pol\u00edtica en Raz\u00f3n de G\u00e9nero<\/em><\/strong><\/p>\n\n\n\n<p><strong>Rogelio Agust\u00edn<\/strong><\/p>\n\n\n\n<p>\u201cLe ganaremos a la calumnia\u201d, sentenci\u00f3 el dirigente estatal de MORENA, Jacinto Gonz\u00e1lez Varona, quien enfrenta un litigio derivado de una sentencia en su contra, por Violencia Pol\u00edtica en Raz\u00f3n de G\u00e9nero.<\/p>\n\n\n\n<p>El pasado 25 de agosto, el Tribunal Electoral del Estado de Guerrero (TEEGro) determin\u00f3 en forma un\u00e1nime, que Gonz\u00e1lez Varona hab\u00eda incurrido en VPRG en contra de la diputada local del PRI, Gabriela Bernal Res\u00e9ndiz.<\/p>\n\n\n\n<p>La denuncia de la legisladora del tricolor tuvo su origen en los comentarios hechos por el dirigente estatal de MORENA en una reuni\u00f3n con mujeres de dicho instituto pol\u00edtico.<\/p>\n\n\n\n<p>El diputado local y dirigente estatal, hab\u00eda se\u00f1alado que el PRI utiliz\u00f3 a la diputada Bernal como el rostro de una campa\u00f1a electoral, que al final de cuentas deriv\u00f3 en el hecho de que un hombre, Manuel A\u00f1orve Ba\u00f1os haya llegado al Senado de la Rep\u00fablica.<\/p>\n\n\n\n<p>Los magistrados del TEEGro sentenciaron a Gonz\u00e1lez a permanecer un a\u00f1o cuatro meses en la relaci\u00f3n de personas sancionadas por VPEGR, situaci\u00f3n que lo dejar\u00eda imposibilitado para contender en el proceso electoral de 2024.<\/p>\n\n\n\n<p>Adem\u00e1s, debe ofrecer una disculpa p\u00fablica y tomar dos cursos especializados en el tema.<\/p>\n\n\n\n<p>Esta semana se confirm\u00f3 que el dirigente de MORENA-Guerrero ha impugnado la sentencia del TEEGro ante la sala regional del Tribunal Electoral del Poder Judicial dela Federaci\u00f3n (TEPJF), se\u00f1alando entre otras cosas, que los comentarios difundidos tiene que ver con una discusi\u00f3n de temas p\u00fablicos, no la condici\u00f3n de mujer de la diputada Garc\u00eda Bernal, adem\u00e1s de que se plantearon en una reuni\u00f3n cerrada, donde solamente hab\u00eda 15 participantes.<\/p>\n\n\n\n<p>Jacinto Gonz\u00e1lez Varona se ha cuidado de no hablar sobre el tema ante los medios de comunicaci\u00f3n.<\/p>\n\n\n\n<p>Sin embargo, este d\u00eda en sus redes sociales coloc\u00f3 un texto muy breve en el que hace referencia al proceso jur\u00eddico que enfrenta:<\/p>\n\n\n\n<p>\u201cTiempo, prudencia, responsabilidad, mucho amor al movimiento y al pueblo. As\u00ed ganaremos a la calumnia, a la mentira y al adultocentrismo en la pol\u00edtica\u201d, se\u00f1ala.<\/p>\n\n\n\n<p>El texto se coloc\u00f3 despu\u00e9s de varias manifestaciones de apoyo publicadas por mujeres que militan en MORENA, en donde adem\u00e1s de palabras de aliento, se publica la frase: \u201cNo est\u00e1s solo\u201d.<\/p>\n\n\n\n<p>Hasta la tarde del jueves, solo al alcalde de Tixtla, Mois\u00e9s Antonio Gonz\u00e1lez hab\u00eda publicado en su muro: \u201cTodo nuestro apoyo a mi compa\u00f1ero, presidente estatal de nuestro partido-movimiento en Guerrero\u201d.<\/p>\n","protected":false},"excerpt":{"rendered":"<p>&#8212; Enfrenta una sanci\u00f3n por Violencia Pol\u00edtica en Raz\u00f3n de G\u00e9nero Rogelio Agust\u00edn \u201cLe ganaremos a la calumnia\u201d, sentenci\u00f3 el dirigente estatal de MORENA, Jacinto Gonz\u00e1lez Varona, quien enfrenta un&hellip; <\/p>\n","protected":false},"author":21,"featured_media":67729,"comment_status":"open","ping_status":"open","sticky":false,"template":"","format":"standard","meta":{"fifu_image_url":"","fifu_image_alt":"","footnotes":""},"categories":[21],"tags":[],"class_list":["post-67728","post","type-post","status-publish","format-standard","has-post-thumbnail","hentry","category-politica"],"_links":{"self":[{"href":"https:\/\/www.interaccionnoticias.com.mx\/index.php?rest_route=\/wp\/v2\/posts\/67728","targetHints":{"allow":["GET"]}}],"collection":[{"href":"https:\/\/www.interaccionnoticias.com.mx\/index.php?rest_route=\/wp\/v2\/posts"}],"about":[{"href":"https:\/\/www.interaccionnoticias.com.mx\/index.php?rest_route=\/wp\/v2\/types\/post"}],"author":[{"embeddable":true,"href":"https:\/\/www.interaccionnoticias.com.mx\/index.php?rest_route=\/wp\/v2\/users\/21"}],"replies":[{"embeddable":true,"href":"https:\/\/www.interaccionnoticias.com.mx\/index.php?rest_route=%2Fwp%2Fv2%2Fcomments&post=67728"}],"version-history":[{"count":1,"href":"https:\/\/www.interaccionnoticias.com.mx\/index.php?rest_route=\/wp\/v2\/posts\/67728\/revisions"}],"predecessor-version":[{"id":67730,"href":"https:\/\/www.interaccionnoticias.com.mx\/index.php?rest_route=\/wp\/v2\/posts\/67728\/revisions\/67730"}],"wp:featuredmedia":[{"embeddable":true,"href":"https:\/\/www.interaccionnoticias.com.mx\/index.php?rest_route=\/wp\/v2\/media\/67729"}],"wp:attachment":[{"href":"https:\/\/www.interaccionnoticias.com.mx\/index.php?rest_route=%2Fwp%2Fv2%2Fmedia&parent=67728"}],"wp:term":[{"taxonomy":"category","embeddable":true,"href":"https:\/\/www.interaccionnoticias.com.mx\/index.php?rest_route=%2Fwp%2Fv2%2Fcategories&post=67728"},{"taxonomy":"post_tag","embeddable":true,"href":"https:\/\/www.interaccionnoticias.com.mx\/index.php?rest_route=%2Fwp%2Fv2%2Ftags&post=67728"}],"curies":[{"name":"wp","href":"https:\/\/api.w.org\/{rel}","templated":true}]}}