{"id":67725,"date":"2023-09-07T17:56:38","date_gmt":"2023-09-07T22:56:38","guid":{"rendered":"https:\/\/interaccionnoticias.com.mx\/?p=67725"},"modified":"2023-09-07T17:56:39","modified_gmt":"2023-09-07T22:56:39","slug":"seguidores-de-marcelo-ebrard-en-guerrero-analizan-de-manera-personal-su-permanencia-en-morena","status":"publish","type":"post","link":"https:\/\/www.interaccionnoticias.com.mx\/?p=67725","title":{"rendered":"Seguidores de Marcelo Ebrard en Guerrero, analizan de manera personal su permanencia en MORENA"},"content":{"rendered":"\n<p><strong><em>&#8212; Les preocupan las irregularidades en qu\u00e9 incurrieron los claudistas, dicen en conferencia<br>&#8212; \u201cFue un honor estar con Obrador\u201d, se\u00f1ala Sergio Montes a manera de despedida<\/em><\/strong><\/p>\n\n\n\n<p><strong>Rosario Garc\u00eda Orozco<\/strong><\/p>\n\n\n\n<p><strong>Chilpancingo, Gro., 7 de septiembre del 2023.- <\/strong>Promotores del ex canciller Marcelo Ebrard Casaubon anunciaron que valorar\u00e1n de manera personal su permanencia en Morena, tras el proceso interno para definir quien ser\u00e1 su candidato a la presidencia de la Rep\u00fablica, que calificaron que tiene una serie de irregularidades \u00aba la vieja escuela del PRI que tanto criticamos\u00bb.<\/p>\n\n\n\n<p>En conferencia de prensa, la diputada Araceli Ocampo Manzanarez asegur\u00f3 que en Guerrero el ex canciller gan\u00f3 la encuesta gracias a la labor de territorio que hicieron los diferentes equipos que lo respaldaron, a pesar de la serie de irregularidades durante el proceso interno de Morena que fueron denunciadas no s\u00f3lo en esta entidad sino en todo el pa\u00eds, lo que pone en riesgo la unidad de ese partido.<\/p>\n\n\n\n<p>\u00abNo son novedad estos se\u00f1alamientos, los estuvimos denunciando durante casi todo el proceso, publicamos en nuestras distintas redes sociales y en todos los espacios en donde era posible lo que vimos desde que inici\u00f3 la encuesta y en estos meses de campa\u00f1a interna\u00bb, dijo la legisladora federal.<\/p>\n\n\n\n<p>Denunci\u00f3, entre otras cosas, que la aplicaci\u00f3n de encuestas se dio en varias secciones no s\u00f3lo con cambio de horario de \u00faltimo momento, sino tambi\u00e9n cambio de d\u00eda, mientras que en otros casos se aplic\u00f3 la encuesta, a\u00fan con la ausencia de representantes de Ebrard, y que hubo una constante intervenci\u00f3n de Servidores P\u00fablicos, sobre todo de la Secretar\u00eda del Bienestar, \u00aba quienes se observ\u00f3 haciendo visitas domiciliarias induciendo al voto a favor de Sheinbaum\u00bb, y que adem\u00e1s algunos de esos trabajadores de gobierno federal fueron video grabados cuando condicionaban los beneficios de los programas sociales.<\/p>\n\n\n\n<p>En su intervenci\u00f3n el diputado Alfredo S\u00e1nchez Esquivel, promotor tambi\u00e9n de Marcelo Ebrard en Guerrero, explic\u00f3 que cada una de las irregularidades detectadas durante el conteo de las encuestas para determinar qui\u00e9n ser\u00e1 quien lleve el rumbo de la Defensa de la Cuarta Transformaci\u00f3n, fueron debidamente documentadas, \u00abnosotros vamos a seguir en el proyecto de la Cuarta Transformaci\u00f3n pero debemos decir que hay cosas en el proceso interno que no nos gustaron y que no fueron correctas\u00bb.<\/p>\n\n\n\n<p>Sin dar cifras precisas, el legislador asegur\u00f3 que \u00aben Guerrero gan\u00f3 Ebrard, y eso significa que el trabajo que hizo el equipo de apoyo fue bueno\u00bb.<\/p>\n\n\n\n<p>En tanto que el diputado Masedonio Mendoza Basurto lament\u00f3 que haya habido varios fraudes e irregularidades en el proceso interno para favorecer a Claudia Sheinbaum, dado que en la aplicaci\u00f3n de encuestas se document\u00f3 la participaci\u00f3n de funcionarios p\u00fablicos de los tres niveles de gobierno, \u00abdijo que de manera personal y a pesar de esos hechos no he considerado dejar el partido\u00bb, pero s\u00ed acept\u00f3 que se podr\u00edan generar divisiones y hasta rupturas al interior de Morena de frente a la elecci\u00f3n que se avecina, dependiendo de la determinaci\u00f3n que anuncie Marcelo Ebrard el lunes pr\u00f3ximo.<\/p>\n\n\n\n<p>El ex representante de Morena ante el Instituto Electoral y de Participaci\u00f3n Ciudadana, Sergio Montes Carrillo, dijo a los medios de comunicaci\u00f3n: que tras los resultados de la encuesta de Morena, varios actores pol\u00edticos que respaldan el \u00abproyecto de nacion\u00bb de Marcelo Ebrard, valorar\u00e1n si contin\u00faan apoyando a la 4T, pues dijo, \u00abno creo que este cambio de mando, que hoy se entrega al grupo de los Claudios sea el seguimiento por el que luchamos desde hace a\u00f1os\u00bb.<\/p>\n\n\n\n<p>Agreg\u00f3: \u00abel apoyo a Andr\u00e9s Manuel L\u00f3pez Obrador termina hoy, porque hoy le entrega el mando a un grupo que nosotros no reconocemos, yo Sergio Montes puedo decir que fue un honor estar con honor, fue un honor\u00bb.<\/p>\n\n\n\n<p>El ex diputado Lu\u00eds Enrique R\u00edos Saucedo consider\u00f3 que es preocupante el modo en que se llev\u00f3 a cabo la encuesta, pero que debe preocupar m\u00e1s como va a ser ya el proceso electoral del 2024, \u00aba lo largo de los \u00faltimos 30 a\u00f1os ha ocurrido un cuento interesante en la conciencia del pueblo, y es que tal parece que lo que no cambia es la clase pol\u00edtica, porque no entienden esta transformaci\u00f3n. Creemos que debe ser un tema de preocupaci\u00f3n, porque en el momento m\u00e1s importante, ocurre esto, cuando podr\u00edamos haber construido algo que nos hiciera algo imbatibles, Tal vez se conf\u00edan porque as\u00ed siempre ha actuado la clase pol\u00edtica, piensan que con programas sociales la gente va a estar contenta y no siempre es as\u00ed. Estamos preocupados porque puede haber un tema de ruptura. Cada quien tomar\u00e1 una definici\u00f3n porque nosotros construimos no clientela electoral, sino ciudadanos libre-pensantes\u00bb.<\/p>\n","protected":false},"excerpt":{"rendered":"<p>&#8212; Les preocupan las irregularidades en qu\u00e9 incurrieron los claudistas, dicen en conferencia&#8212; \u201cFue un honor estar con Obrador\u201d, se\u00f1ala Sergio Montes a manera de despedida Rosario Garc\u00eda Orozco Chilpancingo,&hellip; <\/p>\n","protected":false},"author":14,"featured_media":67726,"comment_status":"open","ping_status":"open","sticky":false,"template":"","format":"standard","meta":{"fifu_image_url":"","fifu_image_alt":"","footnotes":""},"categories":[21],"tags":[],"class_list":["post-67725","post","type-post","status-publish","format-standard","has-post-thumbnail","hentry","category-politica"],"_links":{"self":[{"href":"https:\/\/www.interaccionnoticias.com.mx\/index.php?rest_route=\/wp\/v2\/posts\/67725","targetHints":{"allow":["GET"]}}],"collection":[{"href":"https:\/\/www.interaccionnoticias.com.mx\/index.php?rest_route=\/wp\/v2\/posts"}],"about":[{"href":"https:\/\/www.interaccionnoticias.com.mx\/index.php?rest_route=\/wp\/v2\/types\/post"}],"author":[{"embeddable":true,"href":"https:\/\/www.interaccionnoticias.com.mx\/index.php?rest_route=\/wp\/v2\/users\/14"}],"replies":[{"embeddable":true,"href":"https:\/\/www.interaccionnoticias.com.mx\/index.php?rest_route=%2Fwp%2Fv2%2Fcomments&post=67725"}],"version-history":[{"count":1,"href":"https:\/\/www.interaccionnoticias.com.mx\/index.php?rest_route=\/wp\/v2\/posts\/67725\/revisions"}],"predecessor-version":[{"id":67727,"href":"https:\/\/www.interaccionnoticias.com.mx\/index.php?rest_route=\/wp\/v2\/posts\/67725\/revisions\/67727"}],"wp:featuredmedia":[{"embeddable":true,"href":"https:\/\/www.interaccionnoticias.com.mx\/index.php?rest_route=\/wp\/v2\/media\/67726"}],"wp:attachment":[{"href":"https:\/\/www.interaccionnoticias.com.mx\/index.php?rest_route=%2Fwp%2Fv2%2Fmedia&parent=67725"}],"wp:term":[{"taxonomy":"category","embeddable":true,"href":"https:\/\/www.interaccionnoticias.com.mx\/index.php?rest_route=%2Fwp%2Fv2%2Fcategories&post=67725"},{"taxonomy":"post_tag","embeddable":true,"href":"https:\/\/www.interaccionnoticias.com.mx\/index.php?rest_route=%2Fwp%2Fv2%2Ftags&post=67725"}],"curies":[{"name":"wp","href":"https:\/\/api.w.org\/{rel}","templated":true}]}}