{"id":67537,"date":"2023-09-04T20:05:58","date_gmt":"2023-09-05T01:05:58","guid":{"rendered":"https:\/\/interaccionnoticias.com.mx\/?p=67537"},"modified":"2023-09-04T20:06:01","modified_gmt":"2023-09-05T01:06:01","slug":"vamos-por-el-camino-correcto-para-consolidar-la-transformacion-con-justicia-y-bienestar-en-guerrero-evelyn-salgado","status":"publish","type":"post","link":"https:\/\/www.interaccionnoticias.com.mx\/?p=67537","title":{"rendered":"\u00abVamos por el camino correcto para consolidar la transformaci\u00f3n con justicia y bienestar en Guerrero: Evelyn Salgado"},"content":{"rendered":"\n<p><em><strong>&#8212; Devela inscripci\u00f3n \u00ab2023 A\u00f1o del Bicentenario del Heroico Colegio Militar\u00bb en Muro de Honor del Congreso de Guerrero<br>&#8212; Reconoce gobernadora al Heroico Colegio Militar por 200 a\u00f1os formando mujeres y hombres dignos y leales al servicio de M\u00e9xico<\/strong><\/em><\/p>\n\n\n\n<p><strong>Chilpancingo Gro., 04 de septiembre del 2023.-<\/strong> Al asistir a la develaci\u00f3n de las letras doradas con la inscripci\u00f3n \u201c2023 A\u00f1o del Bicentenario del Heroico Colegio Militar\u201d en el Muro de Honor del Congreso del estado, la gobernadora Evelyn Salgado Pineda hizo un llamado a la unidad y a la reconciliaci\u00f3n para enfrentar los retos y pendientes de la entidad en un esfuerzo conjunto y avanzar con la convicci\u00f3n de garantizar el bienestar y la justicia al pueblo de Guerrero.<\/p>\n\n\n\n<p>En su mensaje, en el recinto Legislativo, Evelyn Salgado se\u00f1al\u00f3 que los retos y pendientes de Guerrero no son exclusivos de una autoridad, sino que se necesitan de los esfuerzos de todos, en este sentido, reiter\u00f3 la disposici\u00f3n y apertura de su gobierno para construir un mejor futuro para las y los guerrerenses.<\/p>\n\n\n\n<p>\u201cSin distinci\u00f3n de partido o de alg\u00fan color, siempre velando por el dialogo, por los consensos y sobre todo por las soluciones en beneficio de Guerrero; este trabajo en conjunto est\u00e1 rindiendo frutos, vamos por el camino correcto, muy pronto consolidaremos la transformaci\u00f3n con justicia y con bienestar para todas y todos\u201d, sostuvo Evelyn Salgado.<\/p>\n\n\n\n<p>Este lunes, en el sal\u00f3n de plenos de la c\u00e1mara de diputados se instal\u00f3 el Periodo Ordinario del Tercer A\u00f1o de Ejercicio Constitucional de la 63 Legislatura al Congreso del Estado donde se devel\u00f3 en el Muro de Honor las letras doradas con la inscripci\u00f3n \u201c2023 A\u00f1o del Bicentenario del Heroico Colegio Militar\u201d por los titulares de los poderes Ejecutivo, Legislativo y Judicial y el director del Heroico Colegio Militar, Jorge Antonio Maldonado Guevara.<\/p>\n\n\n\n<p>La gobernadora dijo que la inscripci\u00f3n en el Muro de Honor es un reconocimiento al Heroico Colegio Militar por su historia y trascendencia al cumplir 200 a\u00f1os formando mujeres y hombres dignos y leales al servicio de M\u00e9xico, adem\u00e1s de conmemorar episodios, personas y momentos que son fundamentales para el pa\u00eds y el estado, que sin duda tienen una relaci\u00f3n directa con estas tierras surianas.<\/p>\n\n\n\n<p>\u201cEs un reconocimiento ganado a pulso por los muchos episodios heroicos en la historia nacional y por el cari\u00f1o presente en cada acci\u00f3n en defensa de los intereses y soberan\u00eda nacional, con el auxilio que prestan a las autoridades civiles en el proceso de construcci\u00f3n de paz e incluso durante emergencias naturales en beneficio del pueblo de M\u00e9xico y de Guerrero\u201d, destac\u00f3 la mandataria.<\/p>\n\n\n\n<p>A\u00f1adi\u00f3 que el Heroico Colegio Militar, una instituci\u00f3n que es fundamental para el desarrollo y evoluci\u00f3n de las fuerzas armadas y del pa\u00eds y el homenaje que hoy realiza el Congreso de Guerrero es el reflejo del agradecimiento y reconocimiento que el pueblo le tiene a este colegio, as\u00ed como a todos los integrantes de las fuerzas armadas mexicanas.<\/p>\n\n\n\n<p>Con la presencia de cadetes del Heroico Colegio Militar, se desarroll\u00f3 la sesi\u00f3n donde estuvieron presente el comandante de la Novena Regi\u00f3n Militar Ricardo Flores Gonz\u00e1lez; el presidente del Tribunal Superior de Justicia, Raymundo Casarrubias V\u00e1zquez: la presidenta de la Mesa Directiva del Congreso del Estado, Leticia Mosso Hern\u00e1ndez; as\u00ed como las y los diputados de las distintas fracciones partidistas que conforman la 63 legislatura al Congreso del Estado.<\/p>\n\n\n\n<div class=\"wp-block-jetpack-slideshow aligncenter\" data-effect=\"slide\"><div class=\"wp-block-jetpack-slideshow_container swiper-container\"><ul class=\"wp-block-jetpack-slideshow_swiper-wrapper swiper-wrapper\"><li class=\"wp-block-jetpack-slideshow_slide swiper-slide\"><figure><img decoding=\"async\" src=\"data:image\/gif;base64,R0lGODlhAQABAIAAAAAAAP\/\/\/ywAAAAAAQABAAACAUwAOw==\" fifu-lazy=\"1\" fifu-data-sizes=\"auto\" fifu-data-srcset=\"https:\/\/i2.wp.com\/interaccionnoticias.com.mx\/wp-content\/uploads\/2023\/09\/230904-Evelyn-Salgado-develacion-1-1024x683.jpg?ssl=1&w=75&resize=75&ssl=1 75w, https:\/\/i2.wp.com\/interaccionnoticias.com.mx\/wp-content\/uploads\/2023\/09\/230904-Evelyn-Salgado-develacion-1-1024x683.jpg?ssl=1&w=100&resize=100&ssl=1 100w, https:\/\/i2.wp.com\/interaccionnoticias.com.mx\/wp-content\/uploads\/2023\/09\/230904-Evelyn-Salgado-develacion-1-1024x683.jpg?ssl=1&w=150&resize=150&ssl=1 150w, https:\/\/i2.wp.com\/interaccionnoticias.com.mx\/wp-content\/uploads\/2023\/09\/230904-Evelyn-Salgado-develacion-1-1024x683.jpg?ssl=1&w=240&resize=240&ssl=1 240w, https:\/\/i2.wp.com\/interaccionnoticias.com.mx\/wp-content\/uploads\/2023\/09\/230904-Evelyn-Salgado-develacion-1-1024x683.jpg?ssl=1&w=320&resize=320&ssl=1 320w, https:\/\/i2.wp.com\/interaccionnoticias.com.mx\/wp-content\/uploads\/2023\/09\/230904-Evelyn-Salgado-develacion-1-1024x683.jpg?ssl=1&w=500&resize=500&ssl=1 500w, https:\/\/i2.wp.com\/interaccionnoticias.com.mx\/wp-content\/uploads\/2023\/09\/230904-Evelyn-Salgado-develacion-1-1024x683.jpg?ssl=1&w=640&resize=640&ssl=1 640w, https:\/\/i2.wp.com\/interaccionnoticias.com.mx\/wp-content\/uploads\/2023\/09\/230904-Evelyn-Salgado-develacion-1-1024x683.jpg?ssl=1&w=800&resize=800&ssl=1 800w, https:\/\/i2.wp.com\/interaccionnoticias.com.mx\/wp-content\/uploads\/2023\/09\/230904-Evelyn-Salgado-develacion-1-1024x683.jpg?ssl=1&w=1024&resize=1024&ssl=1 1024w, https:\/\/i2.wp.com\/interaccionnoticias.com.mx\/wp-content\/uploads\/2023\/09\/230904-Evelyn-Salgado-develacion-1-1024x683.jpg?ssl=1&w=1280&resize=1280&ssl=1 1280w, https:\/\/i2.wp.com\/interaccionnoticias.com.mx\/wp-content\/uploads\/2023\/09\/230904-Evelyn-Salgado-develacion-1-1024x683.jpg?ssl=1&w=1600&resize=1600&ssl=1 1600w\" alt=\"\" class=\"wp-block-jetpack-slideshow_image wp-image-67539\" data-id=\"67539\" fifu-data-src=\"https:\/\/i2.wp.com\/interaccionnoticias.com.mx\/wp-content\/uploads\/2023\/09\/230904-Evelyn-Salgado-develacion-1-1024x683.jpg?ssl=1\"\/><\/figure><\/li><li class=\"wp-block-jetpack-slideshow_slide swiper-slide\"><figure><img decoding=\"async\" src=\"data:image\/gif;base64,R0lGODlhAQABAIAAAAAAAP\/\/\/ywAAAAAAQABAAACAUwAOw==\" fifu-lazy=\"1\" fifu-data-sizes=\"auto\" fifu-data-srcset=\"https:\/\/i1.wp.com\/interaccionnoticias.com.mx\/wp-content\/uploads\/2023\/09\/230904-Evelyn-Salgado-develacion-2-1024x683.jpg?ssl=1&w=75&resize=75&ssl=1 75w, https:\/\/i1.wp.com\/interaccionnoticias.com.mx\/wp-content\/uploads\/2023\/09\/230904-Evelyn-Salgado-develacion-2-1024x683.jpg?ssl=1&w=100&resize=100&ssl=1 100w, https:\/\/i1.wp.com\/interaccionnoticias.com.mx\/wp-content\/uploads\/2023\/09\/230904-Evelyn-Salgado-develacion-2-1024x683.jpg?ssl=1&w=150&resize=150&ssl=1 150w, https:\/\/i1.wp.com\/interaccionnoticias.com.mx\/wp-content\/uploads\/2023\/09\/230904-Evelyn-Salgado-develacion-2-1024x683.jpg?ssl=1&w=240&resize=240&ssl=1 240w, https:\/\/i1.wp.com\/interaccionnoticias.com.mx\/wp-content\/uploads\/2023\/09\/230904-Evelyn-Salgado-develacion-2-1024x683.jpg?ssl=1&w=320&resize=320&ssl=1 320w, https:\/\/i1.wp.com\/interaccionnoticias.com.mx\/wp-content\/uploads\/2023\/09\/230904-Evelyn-Salgado-develacion-2-1024x683.jpg?ssl=1&w=500&resize=500&ssl=1 500w, https:\/\/i1.wp.com\/interaccionnoticias.com.mx\/wp-content\/uploads\/2023\/09\/230904-Evelyn-Salgado-develacion-2-1024x683.jpg?ssl=1&w=640&resize=640&ssl=1 640w, https:\/\/i1.wp.com\/interaccionnoticias.com.mx\/wp-content\/uploads\/2023\/09\/230904-Evelyn-Salgado-develacion-2-1024x683.jpg?ssl=1&w=800&resize=800&ssl=1 800w, https:\/\/i1.wp.com\/interaccionnoticias.com.mx\/wp-content\/uploads\/2023\/09\/230904-Evelyn-Salgado-develacion-2-1024x683.jpg?ssl=1&w=1024&resize=1024&ssl=1 1024w, https:\/\/i1.wp.com\/interaccionnoticias.com.mx\/wp-content\/uploads\/2023\/09\/230904-Evelyn-Salgado-develacion-2-1024x683.jpg?ssl=1&w=1280&resize=1280&ssl=1 1280w, https:\/\/i1.wp.com\/interaccionnoticias.com.mx\/wp-content\/uploads\/2023\/09\/230904-Evelyn-Salgado-develacion-2-1024x683.jpg?ssl=1&w=1600&resize=1600&ssl=1 1600w\" alt=\"\" class=\"wp-block-jetpack-slideshow_image wp-image-67538\" data-id=\"67538\" fifu-data-src=\"https:\/\/i1.wp.com\/interaccionnoticias.com.mx\/wp-content\/uploads\/2023\/09\/230904-Evelyn-Salgado-develacion-2-1024x683.jpg?ssl=1\"\/><\/figure><\/li><\/ul><a class=\"wp-block-jetpack-slideshow_button-prev swiper-button-prev swiper-button-white\" role=\"button\"><\/a><a class=\"wp-block-jetpack-slideshow_button-next swiper-button-next swiper-button-white\" role=\"button\"><\/a><a aria-label=\"Pause Slideshow\" class=\"wp-block-jetpack-slideshow_button-pause\" role=\"button\"><\/a><div class=\"wp-block-jetpack-slideshow_pagination swiper-pagination swiper-pagination-white\"><\/div><\/div><\/div>\n","protected":false},"excerpt":{"rendered":"<p>&#8212; Devela inscripci\u00f3n \u00ab2023 A\u00f1o del Bicentenario del Heroico Colegio Militar\u00bb en Muro de Honor del Congreso de Guerrero&#8212; Reconoce gobernadora al Heroico Colegio Militar por 200 a\u00f1os formando mujeres&hellip; <\/p>\n","protected":false},"author":19,"featured_media":67538,"comment_status":"open","ping_status":"open","sticky":false,"template":"","format":"standard","meta":{"fifu_image_url":"","fifu_image_alt":"","footnotes":""},"categories":[11],"tags":[],"class_list":["post-67537","post","type-post","status-publish","format-standard","has-post-thumbnail","hentry","category-guerrero"],"_links":{"self":[{"href":"https:\/\/www.interaccionnoticias.com.mx\/index.php?rest_route=\/wp\/v2\/posts\/67537","targetHints":{"allow":["GET"]}}],"collection":[{"href":"https:\/\/www.interaccionnoticias.com.mx\/index.php?rest_route=\/wp\/v2\/posts"}],"about":[{"href":"https:\/\/www.interaccionnoticias.com.mx\/index.php?rest_route=\/wp\/v2\/types\/post"}],"author":[{"embeddable":true,"href":"https:\/\/www.interaccionnoticias.com.mx\/index.php?rest_route=\/wp\/v2\/users\/19"}],"replies":[{"embeddable":true,"href":"https:\/\/www.interaccionnoticias.com.mx\/index.php?rest_route=%2Fwp%2Fv2%2Fcomments&post=67537"}],"version-history":[{"count":1,"href":"https:\/\/www.interaccionnoticias.com.mx\/index.php?rest_route=\/wp\/v2\/posts\/67537\/revisions"}],"predecessor-version":[{"id":67540,"href":"https:\/\/www.interaccionnoticias.com.mx\/index.php?rest_route=\/wp\/v2\/posts\/67537\/revisions\/67540"}],"wp:featuredmedia":[{"embeddable":true,"href":"https:\/\/www.interaccionnoticias.com.mx\/index.php?rest_route=\/wp\/v2\/media\/67538"}],"wp:attachment":[{"href":"https:\/\/www.interaccionnoticias.com.mx\/index.php?rest_route=%2Fwp%2Fv2%2Fmedia&parent=67537"}],"wp:term":[{"taxonomy":"category","embeddable":true,"href":"https:\/\/www.interaccionnoticias.com.mx\/index.php?rest_route=%2Fwp%2Fv2%2Fcategories&post=67537"},{"taxonomy":"post_tag","embeddable":true,"href":"https:\/\/www.interaccionnoticias.com.mx\/index.php?rest_route=%2Fwp%2Fv2%2Ftags&post=67537"}],"curies":[{"name":"wp","href":"https:\/\/api.w.org\/{rel}","templated":true}]}}