{"id":67532,"date":"2023-09-04T19:59:07","date_gmt":"2023-09-05T00:59:07","guid":{"rendered":"https:\/\/interaccionnoticias.com.mx\/?p=67532"},"modified":"2023-09-04T20:02:25","modified_gmt":"2023-09-05T01:02:25","slug":"es-probable-que-la-siguiente-legislatura-cuente-con-un-diputado-migrante","status":"publish","type":"post","link":"https:\/\/www.interaccionnoticias.com.mx\/?p=67532","title":{"rendered":"Es probable que la siguiente Legislatura cuente con un Diputado Migrante"},"content":{"rendered":"\n<p><em><strong>&#8212; De ser as\u00ed, representar\u00e1 a m\u00e1s de un mill\u00f3n y medio de guerrerenses radicados en el extranjero<\/strong><\/em><\/p>\n\n\n\n<p><strong>Rosario Garc\u00eda Orozco<\/strong><\/p>\n\n\n\n<p><strong>Chilpancingo, Gro., 4 de septiembre del 2023.- <\/strong>En el 2024 es probable que los m\u00e1s de un mill\u00f3n y medio de guerrerenses radicados en el extranjero cuenten con un representante en el Congreso del Estado, bajo la figura del Diputado Migrante, inform\u00f3 la secretaria del Migrante y Asuntos Internacionales de Guerrero (Semai), Silvia Rivera Carbajal.<\/p>\n\n\n\n<p>Adelsnt\u00f3 que cabe la posibilidad de que en este 2024 se cuente con un diputado migrante. Ya nos explicaron el procedimiento, c\u00f3mo va a ser que lo van a elegir\u00bb, sostuvo la titular de la Semai, quien agreg\u00f3 que los Migrantes decidieron que quien los vaya a representar en el Congreso de Guerrero debe tener doble nacionalidad, es decir, del pa\u00eds en el que radican, y de M\u00e9xico, adem\u00e1s de que sean nacidos en esta entidad suriana.<\/p>\n\n\n\n<p>Explic\u00f3 que no se tienen a\u00fan definidos todos los requisitos para elegir a quien ser\u00e1 el Diputado Migrante, \u00abpero ya lo dar\u00e1n a conocer las autoridades en materia electoral porque tienen hasta el 8 de septiembre para informar todo lo que tiene que ver con esa representaci\u00f3n\u00bb.<\/p>\n\n\n\n<p>Silvia Rivera se dijo satisfecha con el hecho de que en la siguiente Legislatura los Migrantes guerrerenses puedan contar con un representante en la C\u00e1mara de Diputados Local, y expres\u00f3 que es un tema que se fue posponiendo mucho tiempo, pero ahora parece que va a ser una realidadu.<\/p>\n\n\n\n<p>Dijo que en la actualidad m\u00e1s de un mill\u00f3n y medio de guerrerenses radican en el extranjero, adem\u00e1s de sus hijos, que ya nacieron en otros pa\u00edses pero que contar\u00e1n con esa voz en el Congreso de Guerrero.<\/p>\n\n\n\n<p>Mencion\u00f3 que la Semai est\u00e1 realizando gestiones ante el Registro Nacional de Poblaci\u00f3n (Renapo), con la finalidad de lograr que los hijos de los guerrerenses radicados en Estados Unidos, principalmente, puedan contar con doble nacionalidad.<\/p>\n\n\n\n<p>La funcionaria estatal mencion\u00f3 que recientemente se reuni\u00f3 con la presidenta del Instituto Electoral y de Participaci\u00f3n Ciudadana (IEPC), Luz Fabiola Matildes Gama, para hacerle saber algunas quejas que expresaron los paisanos guerrerenses que enfrentaron en la anterior elecci\u00f3n en la que pretendieron participar, \u00aby es que nos dijeron que no pudieron votar a pesar de que hicieron todos sus tramites y ya ten\u00edan su credencial; pero nos dijeron que cuando el Instituto Nacional Electoral les emite su credencial, tienen que darla de alta en el sistema a trav\u00e9s de una liga, entonces por eso no todos pudieron votar; ya sabemos que pas\u00f3 y ya les dijimos para que en el proceso electoral que se avecina s\u00ed puedan participar\u00bb.<\/p>\n\n\n\n<p><\/p>\n","protected":false},"excerpt":{"rendered":"<p>&#8212; De ser as\u00ed, representar\u00e1 a m\u00e1s de un mill\u00f3n y medio de guerrerenses radicados en el extranjero Rosario Garc\u00eda Orozco Chilpancingo, Gro., 4 de septiembre del 2023.- En el&hellip; <\/p>\n","protected":false},"author":14,"featured_media":67533,"comment_status":"open","ping_status":"open","sticky":false,"template":"","format":"standard","meta":{"fifu_image_url":"","fifu_image_alt":"","footnotes":""},"categories":[11],"tags":[],"class_list":["post-67532","post","type-post","status-publish","format-standard","has-post-thumbnail","hentry","category-guerrero"],"_links":{"self":[{"href":"https:\/\/www.interaccionnoticias.com.mx\/index.php?rest_route=\/wp\/v2\/posts\/67532","targetHints":{"allow":["GET"]}}],"collection":[{"href":"https:\/\/www.interaccionnoticias.com.mx\/index.php?rest_route=\/wp\/v2\/posts"}],"about":[{"href":"https:\/\/www.interaccionnoticias.com.mx\/index.php?rest_route=\/wp\/v2\/types\/post"}],"author":[{"embeddable":true,"href":"https:\/\/www.interaccionnoticias.com.mx\/index.php?rest_route=\/wp\/v2\/users\/14"}],"replies":[{"embeddable":true,"href":"https:\/\/www.interaccionnoticias.com.mx\/index.php?rest_route=%2Fwp%2Fv2%2Fcomments&post=67532"}],"version-history":[{"count":1,"href":"https:\/\/www.interaccionnoticias.com.mx\/index.php?rest_route=\/wp\/v2\/posts\/67532\/revisions"}],"predecessor-version":[{"id":67534,"href":"https:\/\/www.interaccionnoticias.com.mx\/index.php?rest_route=\/wp\/v2\/posts\/67532\/revisions\/67534"}],"wp:featuredmedia":[{"embeddable":true,"href":"https:\/\/www.interaccionnoticias.com.mx\/index.php?rest_route=\/wp\/v2\/media\/67533"}],"wp:attachment":[{"href":"https:\/\/www.interaccionnoticias.com.mx\/index.php?rest_route=%2Fwp%2Fv2%2Fmedia&parent=67532"}],"wp:term":[{"taxonomy":"category","embeddable":true,"href":"https:\/\/www.interaccionnoticias.com.mx\/index.php?rest_route=%2Fwp%2Fv2%2Fcategories&post=67532"},{"taxonomy":"post_tag","embeddable":true,"href":"https:\/\/www.interaccionnoticias.com.mx\/index.php?rest_route=%2Fwp%2Fv2%2Ftags&post=67532"}],"curies":[{"name":"wp","href":"https:\/\/api.w.org\/{rel}","templated":true}]}}