{"id":67525,"date":"2023-09-04T17:13:23","date_gmt":"2023-09-04T22:13:23","guid":{"rendered":"https:\/\/interaccionnoticias.com.mx\/?p=67525"},"modified":"2023-09-04T17:13:24","modified_gmt":"2023-09-04T22:13:24","slug":"unidad-y-trabajo-herramientas-para-seguir-adelante-con-la-transformacion-de-guerrero-evelyn-salgado","status":"publish","type":"post","link":"https:\/\/www.interaccionnoticias.com.mx\/?p=67525","title":{"rendered":"Unidad y trabajo, herramientas para seguir adelante con la transformaci\u00f3n de Guerrero: Evelyn Salgado"},"content":{"rendered":"\n<p><em><strong>&#8212; Llama gobernadora en mes patrio a no perder de vista la paz, el bienestar y justicia para Guerrero<br>&#8212; La mandataria presidi\u00f3 la ceremonia e izamiento de bandera correspondiente al mes de septiembre<\/strong><\/em><\/p>\n\n\n\n<p><strong>Chilpancingo Gro., 4 de septiembre de 2023. &#8211;<\/strong> Al presidir la ceremonia de homenaje e izamiento de Bandera correspondiente al mes patrio en la casa del pueblo, la gobernadora Evelyn Salgado Pineda hizo un llamado a la unidad y a seguir trabajando por la transformaci\u00f3n de Guerrero con justicia y bienestar para todas y todos.<\/p>\n\n\n\n<p>Acompa\u00f1ada por los titulares de los poderes Legislativo y Judicial, en el recinto del Poder Ejecutivo, la mandataria estatal resalt\u00f3 que, en estos tiempos de cambio, se debe continuar avanzando por la paz, el bienestar y la justicia para Guerrero, luchando de frente ante cualquier adversidad.<\/p>\n\n\n\n<p>\u00abSin mover nuestras convicciones y sin perder de vista el objetivo que no es otro sino la paz, el bienestar y la justicia para Guerrero, siempre luchando frente a cualquier adversidad y obst\u00e1culos, habremos de encontrar en la unidad y en el trabajo, las herramientas para seguir adelante\u00bb, puntualiz\u00f3 la gobernadora Evelyn Salgado.<\/p>\n\n\n\n<p>En su mensaje, la gobernadora record\u00f3 la historia y a los personajes que hicieron posible la primera gran transformaci\u00f3n del pa\u00eds, la lucha por la independencia de M\u00e9xico, se\u00f1alando que, hoy, nuestro pa\u00eds y Guerrero es escenario de otro tipo de cambio, profundo y radical pac\u00edfico, con las mismas convicciones de mejorar la vida y el futuro de las familias guerrerenses.<\/p>\n\n\n\n<p>En este contexto destac\u00f3 a los hombres y mujeres guerrerenses como Vicente Guerrero, Hermenegildo Galeana, Antonina Nava de Catal\u00e1n, Pedro Ascencio de Alquisiras, la familia Bravo y toda una generaci\u00f3n de guerrerenses que le dieron patria al pa\u00eds y que formularon el futuro esperanzador para el pueblo de M\u00e9xico.<\/p>\n\n\n\n<p>Durante este evento c\u00edvico mensual en la casa del pueblo, con servidores p\u00fablicos de todas las dependencias del estado, la mandataria estatal iz\u00f3 la bandera monumental acompa\u00f1ada por los titulares de los poderes Legislativo y Judicial, con los honores correspondiente al l\u00e1baro patrio.<\/p>\n\n\n\n<p>Asistieron la presidenta de la Mesa Directiva del Congreso del Estado, Leticia Mosso Hern\u00e1ndez; el presidente del Tribunal Superior de Justicia, Raymundo Casarrubias V\u00e1zquez; el comandante de la Novena Regi\u00f3n Militar, Ricardo Flores Gonz\u00e1lez; la Fiscal General del Estado, Sandra Luz Valdovinos Salmer\u00f3n; la diputada Yoloczin Dom\u00ednguez Serna; la presidenta Honoraria del DIF Guerrero, Liz Salgado Pineda; la presidenta de la Comisi\u00f3n de Derechos Humanos del estado, Cecilia Narciso Gayt\u00e1n, entre otros.<\/p>\n","protected":false},"excerpt":{"rendered":"<p>&#8212; Llama gobernadora en mes patrio a no perder de vista la paz, el bienestar y justicia para Guerrero&#8212; La mandataria presidi\u00f3 la ceremonia e izamiento de bandera correspondiente al&hellip; <\/p>\n","protected":false},"author":19,"featured_media":67527,"comment_status":"open","ping_status":"open","sticky":false,"template":"","format":"standard","meta":{"fifu_image_url":"","fifu_image_alt":"","footnotes":""},"categories":[11],"tags":[],"class_list":["post-67525","post","type-post","status-publish","format-standard","has-post-thumbnail","hentry","category-guerrero"],"_links":{"self":[{"href":"https:\/\/www.interaccionnoticias.com.mx\/index.php?rest_route=\/wp\/v2\/posts\/67525","targetHints":{"allow":["GET"]}}],"collection":[{"href":"https:\/\/www.interaccionnoticias.com.mx\/index.php?rest_route=\/wp\/v2\/posts"}],"about":[{"href":"https:\/\/www.interaccionnoticias.com.mx\/index.php?rest_route=\/wp\/v2\/types\/post"}],"author":[{"embeddable":true,"href":"https:\/\/www.interaccionnoticias.com.mx\/index.php?rest_route=\/wp\/v2\/users\/19"}],"replies":[{"embeddable":true,"href":"https:\/\/www.interaccionnoticias.com.mx\/index.php?rest_route=%2Fwp%2Fv2%2Fcomments&post=67525"}],"version-history":[{"count":1,"href":"https:\/\/www.interaccionnoticias.com.mx\/index.php?rest_route=\/wp\/v2\/posts\/67525\/revisions"}],"predecessor-version":[{"id":67528,"href":"https:\/\/www.interaccionnoticias.com.mx\/index.php?rest_route=\/wp\/v2\/posts\/67525\/revisions\/67528"}],"wp:featuredmedia":[{"embeddable":true,"href":"https:\/\/www.interaccionnoticias.com.mx\/index.php?rest_route=\/wp\/v2\/media\/67527"}],"wp:attachment":[{"href":"https:\/\/www.interaccionnoticias.com.mx\/index.php?rest_route=%2Fwp%2Fv2%2Fmedia&parent=67525"}],"wp:term":[{"taxonomy":"category","embeddable":true,"href":"https:\/\/www.interaccionnoticias.com.mx\/index.php?rest_route=%2Fwp%2Fv2%2Fcategories&post=67525"},{"taxonomy":"post_tag","embeddable":true,"href":"https:\/\/www.interaccionnoticias.com.mx\/index.php?rest_route=%2Fwp%2Fv2%2Ftags&post=67525"}],"curies":[{"name":"wp","href":"https:\/\/api.w.org\/{rel}","templated":true}]}}