{"id":67522,"date":"2023-09-04T17:10:52","date_gmt":"2023-09-04T22:10:52","guid":{"rendered":"https:\/\/interaccionnoticias.com.mx\/?p=67522"},"modified":"2023-09-04T17:10:54","modified_gmt":"2023-09-04T22:10:54","slug":"por-acuerdo-nacional-el-pt-apoyara-al-ganador-de-las-encuestas-de-los-comites-de-defensa-de-la-4t","status":"publish","type":"post","link":"https:\/\/www.interaccionnoticias.com.mx\/?p=67522","title":{"rendered":"Por \u00abacuerdo nacional\u00bb el PT apoyar\u00e1 al ganador de las encuestas de los Comit\u00e9s de defensa de la 4T"},"content":{"rendered":"\n<p><strong>Rosario Garc\u00eda Orozco<\/strong><\/p>\n\n\n\n<p><strong>Chilpancingo, Gro., 04 de septiembre de 2023.- <\/strong>Por \u00abacuerdo nacional\u00bb, el Partido del Trabajo apoyar\u00e1 al ganador de las encuestas de los Comit\u00e9s de Defensa de la Cuarta Transformaci\u00f3n, asegur\u00f3 el comisionado nacional del PT en Guerrero, Victoriano Wences Real.<\/p>\n\n\n\n<p>Explic\u00f3 que el Partido del Trabajo apoyar\u00e1 a Gerardo Fern\u00e1ndez Noro\u00f1a, hasta el final del proceso interno, del cual dijo, es confiable, \u00abes un proceso democr\u00e1tico\u00bb, y fue un acuerdo en la Direcci\u00f3n Nacional de los partidos de la colaci\u00f3n de la 4T respetar los resultados que definir\u00e1n al ganador o ganadora para representar la alianza Morena-PT en la contienda por la presidencia de la Rep\u00fablica.<\/p>\n\n\n\n<p>Dijo que el pr\u00f3ximo 6 de septiembre \u00abestaremos muy pendientes a que se definan los resultados, y salga quien salga de los compa\u00f1eros aspirantes a ser los coordinadores de la defensa de los Comit\u00e9s de la 4T, estaremos apoy\u00e1ndolo de manera decidida\u00bb.<\/p>\n\n\n\n<p>Consider\u00f3 que en ese proceso interno \u00abhay piso parejo para todos\u00bb, al asegurar que se convoc\u00f3 a todos los representantes y coordinadores para participar en las encuestadoras, hecho que se acredit\u00f3 en Guerrero, e insisti\u00f3 en que \u00abva a salir un buen resultado\u00bb.<\/p>\n\n\n\n<p>En relaci\u00f3n a declaraciones de integrantes del Frente Amplio por M\u00e9xico al asegurar que son la \u00abnueva esperanza de M\u00e9xico\u00bb, el diputado federal petista coment\u00f3: \u00abesa es una alianza t\u00f3xica, va a seguir a as\u00ed, el pueblo de M\u00e9xico est\u00e1 cansando de lo mismo, y hoy vamos a tener la posibilidad de mantener el Gobierno de la Rep\u00fablica y dar continuidad a la 4T\u00bb, concluy\u00f3.<\/p>\n","protected":false},"excerpt":{"rendered":"<p>Rosario Garc\u00eda Orozco Chilpancingo, Gro., 04 de septiembre de 2023.- Por \u00abacuerdo nacional\u00bb, el Partido del Trabajo apoyar\u00e1 al ganador de las encuestas de los Comit\u00e9s de Defensa de la&hellip; <\/p>\n","protected":false},"author":14,"featured_media":67523,"comment_status":"open","ping_status":"open","sticky":false,"template":"","format":"standard","meta":{"fifu_image_url":"","fifu_image_alt":"","footnotes":""},"categories":[21],"tags":[],"class_list":["post-67522","post","type-post","status-publish","format-standard","has-post-thumbnail","hentry","category-politica"],"_links":{"self":[{"href":"https:\/\/www.interaccionnoticias.com.mx\/index.php?rest_route=\/wp\/v2\/posts\/67522","targetHints":{"allow":["GET"]}}],"collection":[{"href":"https:\/\/www.interaccionnoticias.com.mx\/index.php?rest_route=\/wp\/v2\/posts"}],"about":[{"href":"https:\/\/www.interaccionnoticias.com.mx\/index.php?rest_route=\/wp\/v2\/types\/post"}],"author":[{"embeddable":true,"href":"https:\/\/www.interaccionnoticias.com.mx\/index.php?rest_route=\/wp\/v2\/users\/14"}],"replies":[{"embeddable":true,"href":"https:\/\/www.interaccionnoticias.com.mx\/index.php?rest_route=%2Fwp%2Fv2%2Fcomments&post=67522"}],"version-history":[{"count":1,"href":"https:\/\/www.interaccionnoticias.com.mx\/index.php?rest_route=\/wp\/v2\/posts\/67522\/revisions"}],"predecessor-version":[{"id":67524,"href":"https:\/\/www.interaccionnoticias.com.mx\/index.php?rest_route=\/wp\/v2\/posts\/67522\/revisions\/67524"}],"wp:featuredmedia":[{"embeddable":true,"href":"https:\/\/www.interaccionnoticias.com.mx\/index.php?rest_route=\/wp\/v2\/media\/67523"}],"wp:attachment":[{"href":"https:\/\/www.interaccionnoticias.com.mx\/index.php?rest_route=%2Fwp%2Fv2%2Fmedia&parent=67522"}],"wp:term":[{"taxonomy":"category","embeddable":true,"href":"https:\/\/www.interaccionnoticias.com.mx\/index.php?rest_route=%2Fwp%2Fv2%2Fcategories&post=67522"},{"taxonomy":"post_tag","embeddable":true,"href":"https:\/\/www.interaccionnoticias.com.mx\/index.php?rest_route=%2Fwp%2Fv2%2Ftags&post=67522"}],"curies":[{"name":"wp","href":"https:\/\/api.w.org\/{rel}","templated":true}]}}