{"id":67500,"date":"2023-09-04T16:42:37","date_gmt":"2023-09-04T21:42:37","guid":{"rendered":"https:\/\/interaccionnoticias.com.mx\/?p=67500"},"modified":"2023-09-04T16:42:39","modified_gmt":"2023-09-04T21:42:39","slug":"se-deslinda-la-alcaldesa-de-chilpancingo-de-convocatoria-a-marcha-por-la-paz","status":"publish","type":"post","link":"https:\/\/www.interaccionnoticias.com.mx\/?p=67500","title":{"rendered":"Se deslinda la alcaldesa de Chilpancingo de convocatoria a marcha por la paz"},"content":{"rendered":"\n<p><em><strong>&#8212; \u201cQuien convoque debe ser la sociedad y yo me sumar\u00e9\u201d, aclara Norma Otilia Hern\u00e1ndez Mart\u00ednez<\/strong><\/em><\/p>\n\n\n\n<p><strong>Jes\u00fas Dorantes<\/strong><\/p>\n\n\n\n<p><strong>Chilpancingo, Gro.-<\/strong> La alcaldesa Norma Otilia Hern\u00e1ndez Mart\u00ednez se deslind\u00f3 de la convocatoria a una marcha por la paz o a favor de su administraci\u00f3n, por lo que aseguro que nuevamente se trata de una manipulaci\u00f3n de sus declaraciones.<\/p>\n\n\n\n<p>Durante la rueda de prensa matutina que ofrece cada semana, la jefa de cabildo neg\u00f3 que haya convocado a la ciudadan\u00eda a una marcha por la paz, como lo consignaron algunas plataformas digitales y medios de comunicaci\u00f3n: \u201cpude haber tomado ese momento tan sensible para m\u00ed para impulsar una marcha, pero no es as\u00ed\u201d.<\/p>\n\n\n\n<p>Lo anterior, luego de que manifestara que ante los se\u00f1alamientos que recurrentemente se hacen en su contra, varios compa\u00f1eros de Morena y ciudadan\u00eda se le hab\u00eda acercado para ofrecer salir a las calles y mostrarle su respaldo.<\/p>\n\n\n\n<p>Por lo que Hern\u00e1ndez Mart\u00ednez advirti\u00f3 que nuevamente se sacan de contexto algunas de sus declaraciones y se\u00f1al\u00f3 que si existiera una movilizaci\u00f3n, ella se sumar\u00eda a la convocatoria, pero siempre y cuando tuviera su origen en la ciudadan\u00eda: \u201cEl d\u00eda que se organice una marcha por la paz la tiene que encabezar la ciudadan\u00eda y yo me sumar\u00e9\u201d.<\/p>\n\n\n\n<p>En todo caso, se\u00f1al\u00f3 que el momento adecuado para que exista una marcha por la paz a favor de su gobierno, ser\u00eda cuando concluyan las investigaciones en su contra, a partir de la difusi\u00f3n de tres videos en los que aparece junto a un supuesto capo del crimen organizado.<\/p>\n\n\n\n<p>\u201cEsto ser\u00e1 despu\u00e9s de que pasen estos procesos y se den a conocer los resultados de todo lo que se me esta vinculando\u201d, anot\u00f3 la alcaldesa.<\/p>\n","protected":false},"excerpt":{"rendered":"<p>&#8212; \u201cQuien convoque debe ser la sociedad y yo me sumar\u00e9\u201d, aclara Norma Otilia Hern\u00e1ndez Mart\u00ednez Jes\u00fas Dorantes Chilpancingo, Gro.- La alcaldesa Norma Otilia Hern\u00e1ndez Mart\u00ednez se deslind\u00f3 de la&hellip; <\/p>\n","protected":false},"author":8,"featured_media":67501,"comment_status":"open","ping_status":"open","sticky":false,"template":"","format":"standard","meta":{"fifu_image_url":"","fifu_image_alt":"","footnotes":""},"categories":[13],"tags":[],"class_list":["post-67500","post","type-post","status-publish","format-standard","has-post-thumbnail","hentry","category-capital"],"_links":{"self":[{"href":"https:\/\/www.interaccionnoticias.com.mx\/index.php?rest_route=\/wp\/v2\/posts\/67500","targetHints":{"allow":["GET"]}}],"collection":[{"href":"https:\/\/www.interaccionnoticias.com.mx\/index.php?rest_route=\/wp\/v2\/posts"}],"about":[{"href":"https:\/\/www.interaccionnoticias.com.mx\/index.php?rest_route=\/wp\/v2\/types\/post"}],"author":[{"embeddable":true,"href":"https:\/\/www.interaccionnoticias.com.mx\/index.php?rest_route=\/wp\/v2\/users\/8"}],"replies":[{"embeddable":true,"href":"https:\/\/www.interaccionnoticias.com.mx\/index.php?rest_route=%2Fwp%2Fv2%2Fcomments&post=67500"}],"version-history":[{"count":1,"href":"https:\/\/www.interaccionnoticias.com.mx\/index.php?rest_route=\/wp\/v2\/posts\/67500\/revisions"}],"predecessor-version":[{"id":67502,"href":"https:\/\/www.interaccionnoticias.com.mx\/index.php?rest_route=\/wp\/v2\/posts\/67500\/revisions\/67502"}],"wp:featuredmedia":[{"embeddable":true,"href":"https:\/\/www.interaccionnoticias.com.mx\/index.php?rest_route=\/wp\/v2\/media\/67501"}],"wp:attachment":[{"href":"https:\/\/www.interaccionnoticias.com.mx\/index.php?rest_route=%2Fwp%2Fv2%2Fmedia&parent=67500"}],"wp:term":[{"taxonomy":"category","embeddable":true,"href":"https:\/\/www.interaccionnoticias.com.mx\/index.php?rest_route=%2Fwp%2Fv2%2Fcategories&post=67500"},{"taxonomy":"post_tag","embeddable":true,"href":"https:\/\/www.interaccionnoticias.com.mx\/index.php?rest_route=%2Fwp%2Fv2%2Ftags&post=67500"}],"curies":[{"name":"wp","href":"https:\/\/api.w.org\/{rel}","templated":true}]}}