{"id":67494,"date":"2023-09-04T13:22:04","date_gmt":"2023-09-04T18:22:04","guid":{"rendered":"https:\/\/interaccionnoticias.com.mx\/?p=67494"},"modified":"2023-09-04T13:22:06","modified_gmt":"2023-09-04T18:22:06","slug":"astudillo-en-2024-las-cosas-seran-muy-diferentes-a-2021","status":"publish","type":"post","link":"https:\/\/www.interaccionnoticias.com.mx\/?p=67494","title":{"rendered":"Astudillo: \u201cEn 2024 las cosas ser\u00e1n muy diferentes a 2021\u201d"},"content":{"rendered":"\n<p><em><strong>&#8212; Habla en torno al posicionamiento del Frente Amplio por M\u00e9xico (FAM), la elecci\u00f3n presidencial, as\u00ed como la proyecci\u00f3n para municipios, distritos electorales y la f\u00f3rmula de senadores<\/strong><\/em><\/p>\n\n\n\n<p><strong>Rogelio Agust\u00edn<\/strong><\/p>\n\n\n\n<p>El ex gobernador H\u00e9ctor Astudillo Flores asegur\u00f3 que \u201clas cosas van a ser muy diferentes\u201d en el proceso electoral de 2024, ya que el Frente Amplio por M\u00e9xico (FAM) tiene amplias posibilidades de disputar la presidencia de la Rep\u00fablica, as\u00ed como de recuperar diputaciones locales, federales, alcald\u00edas y la formula de senadores en Guerrero.<\/p>\n\n\n\n<p>Astudillo Flores reconoci\u00f3 que el momento que vive el pa\u00eds es hist\u00f3rico, entre otras cosas, porque su partido llegar\u00e1 a la elecci\u00f3n presidencial respaldando una candidatura que emerge de un partido distinto, pero que es abrazada por un frente amplio que se extiende hacia la ciudadan\u00eda sin partido.<\/p>\n\n\n\n<p>Indic\u00f3 que resulta importante analizar el discurso pronunciado por X\u00f3chilt G\u00e1lvez al momento de recibir la constancia que la acredita como coordinadora nacional del Frente Amplio por M\u00e9xico.<\/p>\n\n\n\n<p>Reconoci\u00f3 que tiene relevancia el hecho de que se asuma que banderas como la de la esperanza, ya est\u00e1n en manos de la oposici\u00f3n, adem\u00e1s de que se anuncie que desde Palacio Nacional se impulsar\u00e1 una pol\u00edtica que tenga como misi\u00f3n unir a los mexicano, sin confrontar ni promover el odio.<\/p>\n\n\n\n<p>\u201cLa verdad es que X\u00f3chilt est\u00e1 desarrollando muy r\u00e1pido una serie de posiciones, plantamientos como el de hacer la haza\u00f1a de ganar el 2024, el del domingo es un discurso interesante, disruptivo, que deja claro que las cosas van a cambiar, porque la competencia se ir\u00e1 cerrando\u201d, anot\u00f3.<\/p>\n\n\n\n<p>Destac\u00f3 que la semana pasada, una encuesta nacional coloc\u00f3 a X\u00f3chilt G\u00e1lvez entre 13 y 14 puntos debajo de quien ser\u00e1 la candidata oficial, diferencia que es completamente remontable.<\/p>\n\n\n\n<p>\u201cLa diferencia no es mucha cuando hacen falta casi nueve meses para llegar a la elecci\u00f3n, he visto a candidatos y candidatas caerse no 10 puntos ni 15; 20\u201d, asegur\u00f3.<\/p>\n\n\n\n<p>Reconoci\u00f3 que nueve meses de distancia representan mucho tiempo de exposici\u00f3n, en el que pueden pasar muchas cosas, por lo que seguramente resultar\u00e1 triunfadora la candidatura que represente mas esperanza y que garantice la reconciliaci\u00f3n.<\/p>\n\n\n\n<p><strong>En Guerrero las cosas van a ser diferentes<\/strong><\/p>\n\n\n\n<p>Si bien se\u00f1ala que el proyecto que representa X\u00f3chilt G\u00e1lvez tiene amplias posibilidades de crecer, en Guerrero es un hecho que las cosas van a ser diferentes a 2018 y 2021.<\/p>\n\n\n\n<p>Particularmente se refiri\u00f3 a la capital del estado, donde naci\u00f3 y ha sido tres veces alcalde: \u201cEl tema de Chilpancingo va a cambiar, por la circunstancia de que no veo que la sociedad de Chilpancingo est\u00e9 feliz, veo mucho temor por cosas que han sucedido, la sociedad premia pero tambi\u00e9n retira simpat\u00edas y apoyos\u201d.<\/p>\n\n\n\n<p>As\u00ed como observa un panorama interesante para la capital del estado, refiri\u00f3 que se percibe la situaci\u00f3n de otros municipios importantes, adem\u00e1s de distritos locales, federales y hasta la formula de senadores.<\/p>\n","protected":false},"excerpt":{"rendered":"<p>&#8212; Habla en torno al posicionamiento del Frente Amplio por M\u00e9xico (FAM), la elecci\u00f3n presidencial, as\u00ed como la proyecci\u00f3n para municipios, distritos electorales y la f\u00f3rmula de senadores Rogelio Agust\u00edn&hellip; <\/p>\n","protected":false},"author":21,"featured_media":67495,"comment_status":"open","ping_status":"open","sticky":false,"template":"","format":"standard","meta":{"fifu_image_url":"","fifu_image_alt":"","footnotes":""},"categories":[21],"tags":[],"class_list":["post-67494","post","type-post","status-publish","format-standard","has-post-thumbnail","hentry","category-politica"],"_links":{"self":[{"href":"https:\/\/www.interaccionnoticias.com.mx\/index.php?rest_route=\/wp\/v2\/posts\/67494","targetHints":{"allow":["GET"]}}],"collection":[{"href":"https:\/\/www.interaccionnoticias.com.mx\/index.php?rest_route=\/wp\/v2\/posts"}],"about":[{"href":"https:\/\/www.interaccionnoticias.com.mx\/index.php?rest_route=\/wp\/v2\/types\/post"}],"author":[{"embeddable":true,"href":"https:\/\/www.interaccionnoticias.com.mx\/index.php?rest_route=\/wp\/v2\/users\/21"}],"replies":[{"embeddable":true,"href":"https:\/\/www.interaccionnoticias.com.mx\/index.php?rest_route=%2Fwp%2Fv2%2Fcomments&post=67494"}],"version-history":[{"count":1,"href":"https:\/\/www.interaccionnoticias.com.mx\/index.php?rest_route=\/wp\/v2\/posts\/67494\/revisions"}],"predecessor-version":[{"id":67496,"href":"https:\/\/www.interaccionnoticias.com.mx\/index.php?rest_route=\/wp\/v2\/posts\/67494\/revisions\/67496"}],"wp:featuredmedia":[{"embeddable":true,"href":"https:\/\/www.interaccionnoticias.com.mx\/index.php?rest_route=\/wp\/v2\/media\/67495"}],"wp:attachment":[{"href":"https:\/\/www.interaccionnoticias.com.mx\/index.php?rest_route=%2Fwp%2Fv2%2Fmedia&parent=67494"}],"wp:term":[{"taxonomy":"category","embeddable":true,"href":"https:\/\/www.interaccionnoticias.com.mx\/index.php?rest_route=%2Fwp%2Fv2%2Fcategories&post=67494"},{"taxonomy":"post_tag","embeddable":true,"href":"https:\/\/www.interaccionnoticias.com.mx\/index.php?rest_route=%2Fwp%2Fv2%2Ftags&post=67494"}],"curies":[{"name":"wp","href":"https:\/\/api.w.org\/{rel}","templated":true}]}}