{"id":67491,"date":"2023-09-04T13:12:20","date_gmt":"2023-09-04T18:12:20","guid":{"rendered":"https:\/\/interaccionnoticias.com.mx\/?p=67491"},"modified":"2023-09-04T13:12:23","modified_gmt":"2023-09-04T18:12:23","slug":"lucio-cabanas-de-mediador-matrimonial-a-guerrillero","status":"publish","type":"post","link":"https:\/\/www.interaccionnoticias.com.mx\/?p=67491","title":{"rendered":"Lucio Caba\u00f1as de mediador matrimonial a guerrillero"},"content":{"rendered":"\n<p><strong><em>En 1957, Lucio Caba\u00f1as prest\u00f3 su servicio social como maestro en la comunidad nahua de Zacatzonapa, municipio de Tixtla, ah\u00ed medi\u00f3 a favor de Sebasti\u00e1n Agust\u00edn para que su esposa Emilia Esteban, a quien hab\u00eda intentado golpear, regresara con \u00e9l<\/em><\/strong><\/p>\n\n\n\n<p><strong>Marl\u00e9n Castro<\/strong><\/p>\n\n\n\n<p>-\u00a1Est\u00e1 bien! \u00a1A ver pues, p\u00e9game\u2026!<\/p>\n\n\n\n<p>Dijo Emilia Esteban con voz sumisa, apenas perceptible, a Sebasti\u00e1n Agust\u00edn.<\/p>\n\n\n\n<p>Uso ese tono de voz para que Sebasti\u00e1n, su esposo, se confiara. Ella ya ten\u00eda una piedra en la mano derecha para defenderse, la que ocultaba atr\u00e1s de su espalda.<\/p>\n\n\n\n<p>Sebasti\u00e1n, de 19 a\u00f1os, se fue contra Emilia, bajita, delgada, de apenas 14. Cuando la mano de Sebasti\u00e1n iba a tocar el rostro de Emilia, ella \u00e1gil, brinc\u00f3 para alcanzar la cara de su agresor y sorraj\u00f3 la mano con todo y piedra contra su cara. De inmediato un borboll\u00f3n de sangre surgi\u00f3 de los labios reventados y la mejilla abierta. El l\u00edquido purpura escurri\u00f3 por la camisa y los pantalones.<\/p>\n\n\n\n<p>Despu\u00e9s de eso, Emilia se alej\u00f3 y Sebasti\u00e1n se sali\u00f3 de la casa hecha de lodo y paja. De manera incomprensible, Sebasti\u00e1n, as\u00ed como estaba fue a la casa de do\u00f1a Natividad, la mam\u00e1 de Emilia, a ense\u00f1arle c\u00f3mo lo hab\u00eda dejado su hija.<\/p>\n\n\n\n<p>Do\u00f1a Natividad seguro habr\u00eda sonre\u00eddo, pues, justo eso, le hab\u00eda ense\u00f1ado; a defenderse.<\/p>\n\n\n\n<p>Emilia despu\u00e9s de que Sebasti\u00e1n se sali\u00f3, sin saber a d\u00f3nde hab\u00eda ido, tambi\u00e9n se fue para su casa.<\/p>\n\n\n\n<p>Toc\u00f3. Su madre tranquila, antes de dejarla entrar, advirti\u00f3: \u201cSi te dejaste golpear, yo aqu\u00ed te completo\u201d.<\/p>\n\n\n\n<p>No. Emilia estaba ilesa, pero su breve matrimonio con Sebasti\u00e1n, probablemente, hab\u00eda concluido.<\/p>\n\n\n\n<p><strong>Seis meses despu\u00e9s<\/strong><\/p>\n\n\n\n<p>Sebasti\u00e1n fue varias veces a buscar a su mujer para que regresara.<\/p>\n\n\n\n<p>Emilia, firme, despachaba a Sebasti\u00e1n de regreso. No iba a volver con \u00e9l.<\/p>\n\n\n\n<p>Una tarde, tocaron a su puerta. Sali\u00f3 Natividad a abrir. Era el maestro que hacia su servicio profesional en Zacatzonapa. \u00c9l y sus estudiantes hab\u00edan terminado una fajina (trabajo comunitario colectivo). Pregunt\u00f3 por Emilia.<\/p>\n\n\n\n<p>Lucio Caba\u00f1as, originario de Atoyac, municipio de la Costa Grande, estudi\u00f3 en la Normal Rural Ra\u00fal Isidro Burgos de Ayotzinapa, cuando a\u00fan se ingresaba desde la secundaria, de acuerdo con sus bi\u00f3grafos, se gradu\u00f3 como maestro rural en 1964.<\/p>\n\n\n\n<p>-Emilia te habla un joven, le dijo Natividad extra\u00f1ada. Era el a\u00f1o 1957. Emilia no recuerda de qu\u00e9 mes.<\/p>\n\n\n\n<p>-Soy Lucio. (Lucio Caba\u00f1as, entonces, de acuerdo con su biograf\u00eda, ten\u00eda 19 a\u00f1os) \u00bfT\u00fa eres Emilia? -pregunt\u00f3 el joven profesor rural.<\/p>\n\n\n\n<p>Le dijo que hab\u00eda hablado con Sebasti\u00e1n y que estaba arrepentido y que \u00e9l estaba ah\u00ed para interceder por \u00e9l. Para que regresara con su marido y retomaran su vida de pareja.<\/p>\n\n\n\n<p>-Y ust\u00e9 va a meter el lomo por m\u00ed, \u2013recuerda Emilia que interpel\u00f3.<\/p>\n\n\n\n<p>-No, ya no te va a volver a pegar, asegur\u00f3.<\/p>\n\n\n\n<p>-Que yo no le pegu\u00e9, ella me peg\u00f3 a m\u00ed, aclar\u00f3 Sebasti\u00e1n que para entonces estaba al lado de Lucio.<\/p>\n\n\n\n<p>La platica sigui\u00f3 por un largo rato, hasta que Emilia, despu\u00e9s de las razones de Lucio, acept\u00f3 regresar.<\/p>\n\n\n\n<p>-Me regreso, est\u00e1 bien, pero si intenta alguna vez volverme a pegar, ahora s\u00ed ah\u00ed va a quedar, asegur\u00f3 Emilia.<\/p>\n\n\n\n<p>-Jajajaja, -recuerda Emilia que r\u00edo el profesor rural, -eres canajita muchacha, pero est\u00e1 bien a una mujer no se le pega. A la mujer se le cuida, ya bastante sufren las mujeres porque no hay qu\u00e9 comer, porque no hay agua y hay que irla a buscar, para que encima de todo, el marido les pegue. No, eso no se hace, a una mujer no se le pega y si le vuelves a pegar ya escuchaste que es lo que te va a pasar.<\/p>\n\n\n\n<p>-Que yo no le pegu\u00e9, a m\u00ed me pegaron, insist\u00eda Sebasti\u00e1n en aclarar.<\/p>\n\n\n\n<p>63 a\u00f1os despu\u00e9s<\/p>\n\n\n\n<p>Micaela Caba\u00f1as, hija \u00fanica de Lucio Caba\u00f1as, saluda emocionada a Emilia Esteban, quien ahora de 79 a\u00f1os y vive en la segunda calle de la colonia del PRI, en Chilpancingo. Ella y Sebasti\u00e1n tuvieron ocho hijos y en su larga vida juntos, Sebasti\u00e1n nunca m\u00e1s intent\u00f3 pegarle de nuevo. Uno de los ocho hijos de Emilia y Sebasti\u00e1n es el periodista Rogelio Agust\u00edn Esteban.<\/p>\n\n\n\n<p>A Micaela Caba\u00f1as se le iluminan las ojos cuando escucha c\u00f3mo su padre, un jovencito a\u00fan y cuando estaba lejos de hablarse de ello en M\u00e9xico y en el mundo, era un defensor de los derechos de las mujeres.<\/p>\n\n\n\n<p>Rogelio Agust\u00edn cont\u00f3 la an\u00e9cdota de su mam\u00e1 y pap\u00e1 con Lucio Caba\u00f1as a Nicol\u00e1s Ch\u00e1vez Adame, coordinador de la Asamblea Popular de los Pueblos de Guerrero (APEG) y Nicol\u00e1s se la cont\u00f3 a Micaela y, Micaela, quien conoce de su pap\u00e1 a trav\u00e9s de los recuerdos de otros, porque ella naci\u00f3 el a\u00f1o que \u00e9l falleci\u00f3, en 1974, quiso escuchar de forma directa a do\u00f1a Emilia.<\/p>\n\n\n\n<p>En mayo de 1974, el Partido de los Pobres, liderado por Lucio Caba\u00f1as secuestr\u00f3 al entonces candidato a gobernador y senador pri\u00edsta, Rub\u00e9n Figueroa Alcocer, quien es liberado en septiembre y en diciembre del mismo a\u00f1o, despu\u00e9s de varios enfrentamientos entre el Ej\u00e9rcito y la guerrilla, Caba\u00f1as cae en combate.<\/p>\n\n\n\n<p>Micaela llega a casa de Emilia Esteban acompa\u00f1ada de Diana Hern\u00e1ndez, hija del luchador social Ranferi Hern\u00e1ndez Acevedo, asesinado en 2017, ambas recibir\u00e1n el pr\u00f3ximo 13 de agosto la Presea Sentimientos del Pueblo, que se otorga de manera paralela a la presea que entrega el Congreso local en el aniversario de los Sentimientos de la Naci\u00f3n dictados por Morelos en Chilpancingo, en 1813. Tambi\u00e9n va con ellas Nicol\u00e1s Ch\u00e1vez.<\/p>\n\n\n\n<p>Los ojos chiquitos y dormilones que se ven a Lucio Caba\u00f1as en las fotograf\u00edas disponibles se repiten en Micaela y en el hijo de Micaela, o sea el nieto del guerrillero, quien tambi\u00e9n vino a la visita a escuchar algo del abuelo. Cuando ambos r\u00eden los ojos se pierden en la frente amplia y los p\u00f3mulos prominentes.<\/p>\n\n\n\n<p>-\u00bfY c\u00f3mo es que Sebasti\u00e1n consigui\u00f3 que Lucio intercediera por \u00e9l? -preguntan en la pl\u00e1tica.<\/p>\n\n\n\n<p>Do\u00f1a Emilia, a pesar de los a\u00f1os, lo recuerda con claridad, aunque no lo vio de forma directa.<\/p>\n\n\n\n<p>-Lucio toc\u00f3 en la casa de mi marido para que le dieran algo de alimento para \u00e9l y para sus estudiantes.<\/p>\n\n\n\n<p>Sebasti\u00e1n ofreci\u00f3 lo que ten\u00eda, pero no hab\u00eda tortillas y no hab\u00eda qui\u00e9n las hiciera.<\/p>\n\n\n\n<p>Entonces le cont\u00f3 que su mujer se hab\u00eda ido seis meses atr\u00e1s y le pidi\u00f3 al maestro que lo acompa\u00f1ara a ir a hablar con su mujer para que lo perdonara.<\/p>\n\n\n\n<p>El maestro accedi\u00f3 pero le hizo prometer algo.<\/p>\n\n\n\n<p>-Yo voy y hablo y la convenzo, pero t\u00fa promete que nunca m\u00e1s intentar\u00e1s pegarle de nuevo.<\/p>\n\n\n\n<p>Sebasti\u00e1n, quien falleci\u00f3 en 2015, de 76 a\u00f1os, ofreci\u00f3 que nunca m\u00e1s le alzar\u00eda la mano a su mujer y lo cumpli\u00f3.<\/p>\n","protected":false},"excerpt":{"rendered":"<p>En 1957, Lucio Caba\u00f1as prest\u00f3 su servicio social como maestro en la comunidad nahua de Zacatzonapa, municipio de Tixtla, ah\u00ed medi\u00f3 a favor de Sebasti\u00e1n Agust\u00edn para que su esposa&hellip; <\/p>\n","protected":false},"author":4,"featured_media":67492,"comment_status":"open","ping_status":"open","sticky":false,"template":"","format":"standard","meta":{"fifu_image_url":"","fifu_image_alt":"","footnotes":""},"categories":[29],"tags":[],"class_list":["post-67491","post","type-post","status-publish","format-standard","has-post-thumbnail","hentry","category-sociedad"],"_links":{"self":[{"href":"https:\/\/www.interaccionnoticias.com.mx\/index.php?rest_route=\/wp\/v2\/posts\/67491","targetHints":{"allow":["GET"]}}],"collection":[{"href":"https:\/\/www.interaccionnoticias.com.mx\/index.php?rest_route=\/wp\/v2\/posts"}],"about":[{"href":"https:\/\/www.interaccionnoticias.com.mx\/index.php?rest_route=\/wp\/v2\/types\/post"}],"author":[{"embeddable":true,"href":"https:\/\/www.interaccionnoticias.com.mx\/index.php?rest_route=\/wp\/v2\/users\/4"}],"replies":[{"embeddable":true,"href":"https:\/\/www.interaccionnoticias.com.mx\/index.php?rest_route=%2Fwp%2Fv2%2Fcomments&post=67491"}],"version-history":[{"count":1,"href":"https:\/\/www.interaccionnoticias.com.mx\/index.php?rest_route=\/wp\/v2\/posts\/67491\/revisions"}],"predecessor-version":[{"id":67493,"href":"https:\/\/www.interaccionnoticias.com.mx\/index.php?rest_route=\/wp\/v2\/posts\/67491\/revisions\/67493"}],"wp:featuredmedia":[{"embeddable":true,"href":"https:\/\/www.interaccionnoticias.com.mx\/index.php?rest_route=\/wp\/v2\/media\/67492"}],"wp:attachment":[{"href":"https:\/\/www.interaccionnoticias.com.mx\/index.php?rest_route=%2Fwp%2Fv2%2Fmedia&parent=67491"}],"wp:term":[{"taxonomy":"category","embeddable":true,"href":"https:\/\/www.interaccionnoticias.com.mx\/index.php?rest_route=%2Fwp%2Fv2%2Fcategories&post=67491"},{"taxonomy":"post_tag","embeddable":true,"href":"https:\/\/www.interaccionnoticias.com.mx\/index.php?rest_route=%2Fwp%2Fv2%2Ftags&post=67491"}],"curies":[{"name":"wp","href":"https:\/\/api.w.org\/{rel}","templated":true}]}}