{"id":67473,"date":"2023-09-03T20:54:27","date_gmt":"2023-09-04T01:54:27","guid":{"rendered":"https:\/\/interaccionnoticias.com.mx\/?p=67473"},"modified":"2023-09-03T20:54:30","modified_gmt":"2023-09-04T01:54:30","slug":"se-fuga-reo-del-cereso-de-las-cruces-en-acapulco","status":"publish","type":"post","link":"https:\/\/www.interaccionnoticias.com.mx\/?p=67473","title":{"rendered":"Se fuga reo del CERESO de Las Cruces en Acapulco"},"content":{"rendered":"\n<p><em><strong>&#8212; Habr\u00eda salido por la puerta principal y las autoridades dicen que se fugo desde la torre nueve del penal<br>&#8212; Al menos tres motines en lo que va del a\u00f1o<\/strong><\/em><\/p>\n\n\n\n<p><strong>Javier Trujillo<\/strong><\/p>\n\n\n\n<p><strong>Acapulco, Gro.-<\/strong> Un interno que purgaba una condena de 35 a\u00f1os de prisi\u00f3n, se fugo del acceso principal del Centro de Reinserci\u00f3n Social (CERESO) del penal estatal de Las Cruces en Acapulco desde hace m\u00e1s de 72 horas.<\/p>\n\n\n\n<p>De acuerdo con la misma ficha de b\u00fasqueda de la Secretaria de Seguridad P\u00fablica de Guerrero, se indica que el sentenciado a 35 a\u00f1os de prisi\u00f3n por violaci\u00f3n, robo y delitos contra la salud est\u00e1 identificado como C\u00e9sar Valdez Rodr\u00edguez.<\/p>\n\n\n\n<p>Seg\u00fan la misma autoridad fue tras el pase de lista a las Personas Privadas de su Libertad (PPL) que hasta entonces se percataron que entre los internos hacia falta el sentenciado, ahora interno fugado Cesar Valdez.<\/p>\n\n\n\n<p>El delincuente ingreso al Cereso de Las Cruces en Acapulco, en el a\u00f1o de 1998, acusado por el delito de violaci\u00f3n, y fue sentenciado a 35 a\u00f1os de prisi\u00f3n.<\/p>\n\n\n\n<p>Tras darse cuenta de la fuga, las autoridades penitenciarias de inmediato iniciaron una intensa operaci\u00f3n de b\u00fasqueda y en primera instancia buscaron en el domicilio familiar ubicado en la calle El Pante\u00f3n sin n\u00famero en la colonia Cinco de Mayo.<\/p>\n\n\n\n<p>Ante la evidente falta de resultados se ordeno desplegar un impresionante operativo de b\u00fasqueda y localizaci\u00f3n con personal de la Guardia Nacional, y de Secretaria de Seguridad P\u00fablica en las colonias de la zona suburbana.<\/p>\n\n\n\n<p>Han pasado m\u00e1s de 72 horas de la fuga del interno, sentenciado a 35 a\u00f1os de c\u00e1rcel, desde el pasado viernes primero de septiembre, sin que hasta la fecha haya resultados favorables.<\/p>\n\n\n\n<p>A pesar del hermetismo, con los primeros informes policiales de las autoridades de la SSP de Guerrero se despleg\u00f3 un operativo de b\u00fasqueda con car\u00e1cter de urgente y desde entonces en las colonias de la zona suburbana se busca al interno.<\/p>\n\n\n\n<p>Una versi\u00f3n que trascendi\u00f3 de los custodios, refieren que C\u00e9sar Valdez habr\u00eda llegado hasta la torre nueve y que desde ese lugar se di\u00f3 a la fuga.<\/p>\n\n\n\n<p>Aunque todav\u00eda este s\u00e1bado y domingo, contin\u00faa la vigilancia en el domicilio del reo y patrullaje en el per\u00edmetro de la colonia en el puerto de Acapulco.<\/p>\n\n\n\n<p>En los \u00faltimos meses se han registrado un mot\u00edn y una protesta por las malas condiciones que prevalecen en la c\u00e1rcel estatal de Las Cruces, d\u00f3nde las PPL, exigen la destituci\u00f3n del director general Abraham Reyes y del jefe de seguridad Jes\u00fas Hern\u00e1ndez Delgado.<\/p>\n\n\n\n<p>El pasado dos de febrero del 2023 se habr\u00eda registrado el primer mot\u00edn, los internos se amotinaron en tres dormitorios del penal y de inmediato personal administrativo del CERESO fue evacuado al igual que en los juzgados.<\/p>\n\n\n\n<p>Otro mot\u00edn fue el 17 de agosto cuando m\u00e1s de 250 efectivos de la Guardia Nacional, Sedena, FGR y Seguridad P\u00fablica del estado se movilizaron, tras los disparos en el penal.<\/p>\n\n\n\n<p>Tres d\u00edas despu\u00e9s, nuevamente se report\u00f3 otro brote de inconformes que exigen la salida del director y jefe de seguridad del centro penitenciario.<\/p>\n","protected":false},"excerpt":{"rendered":"<p>&#8212; Habr\u00eda salido por la puerta principal y las autoridades dicen que se fugo desde la torre nueve del penal&#8212; Al menos tres motines en lo que va del a\u00f1o&hellip; <\/p>\n","protected":false},"author":3,"featured_media":67474,"comment_status":"open","ping_status":"open","sticky":false,"template":"","format":"standard","meta":{"fifu_image_url":"","fifu_image_alt":"","footnotes":""},"categories":[27],"tags":[],"class_list":["post-67473","post","type-post","status-publish","format-standard","has-post-thumbnail","hentry","category-seguridad-publica"],"_links":{"self":[{"href":"https:\/\/www.interaccionnoticias.com.mx\/index.php?rest_route=\/wp\/v2\/posts\/67473","targetHints":{"allow":["GET"]}}],"collection":[{"href":"https:\/\/www.interaccionnoticias.com.mx\/index.php?rest_route=\/wp\/v2\/posts"}],"about":[{"href":"https:\/\/www.interaccionnoticias.com.mx\/index.php?rest_route=\/wp\/v2\/types\/post"}],"author":[{"embeddable":true,"href":"https:\/\/www.interaccionnoticias.com.mx\/index.php?rest_route=\/wp\/v2\/users\/3"}],"replies":[{"embeddable":true,"href":"https:\/\/www.interaccionnoticias.com.mx\/index.php?rest_route=%2Fwp%2Fv2%2Fcomments&post=67473"}],"version-history":[{"count":1,"href":"https:\/\/www.interaccionnoticias.com.mx\/index.php?rest_route=\/wp\/v2\/posts\/67473\/revisions"}],"predecessor-version":[{"id":67475,"href":"https:\/\/www.interaccionnoticias.com.mx\/index.php?rest_route=\/wp\/v2\/posts\/67473\/revisions\/67475"}],"wp:featuredmedia":[{"embeddable":true,"href":"https:\/\/www.interaccionnoticias.com.mx\/index.php?rest_route=\/wp\/v2\/media\/67474"}],"wp:attachment":[{"href":"https:\/\/www.interaccionnoticias.com.mx\/index.php?rest_route=%2Fwp%2Fv2%2Fmedia&parent=67473"}],"wp:term":[{"taxonomy":"category","embeddable":true,"href":"https:\/\/www.interaccionnoticias.com.mx\/index.php?rest_route=%2Fwp%2Fv2%2Fcategories&post=67473"},{"taxonomy":"post_tag","embeddable":true,"href":"https:\/\/www.interaccionnoticias.com.mx\/index.php?rest_route=%2Fwp%2Fv2%2Ftags&post=67473"}],"curies":[{"name":"wp","href":"https:\/\/api.w.org\/{rel}","templated":true}]}}