{"id":67469,"date":"2023-09-03T20:49:50","date_gmt":"2023-09-04T01:49:50","guid":{"rendered":"https:\/\/interaccionnoticias.com.mx\/?p=67469"},"modified":"2023-09-03T20:49:52","modified_gmt":"2023-09-04T01:49:52","slug":"hombre-muere-ahogado-en-bahia-de-acapulco","status":"publish","type":"post","link":"https:\/\/www.interaccionnoticias.com.mx\/?p=67469","title":{"rendered":"Hombre muere ahogado en bah\u00eda de Acapulco"},"content":{"rendered":"\n<p><strong><em>&#8212; Las intensas marejadas y el oleaje provoc\u00f3 su muerte<br>&#8212; Persiste el evento de Mar de Fondo<\/em><\/strong><\/p>\n\n\n\n<p><strong>Javier Trujillo<\/strong><\/p>\n\n\n\n<p><strong>Acapulco, Gro.- <\/strong>El fuerte oleaje del Mar de Fondo, dejo como saldo un hombre ahogado en la playa Tamarindo en la bah\u00eda del puerto de Acapulco, la ma\u00f1ana de este domingo.<\/p>\n\n\n\n<p>Alrededor de las 11:45 horas, se inform\u00f3 sobre la desaparici\u00f3n de un hombre en la franja de arena, al ingresar a las aguas de la bah\u00eda de Santa Luc\u00eda.<\/p>\n\n\n\n<p>Tras el reporte, inform\u00f3 el director de la Promotora y Administradora de Playas, Alfredo Lacunza de la Cruz, dijo que esa dependencia manten\u00eda personal salvavidas en la zona para atender visitantes y que incluso hasta una embarcaci\u00f3n de la SEMAR, tipo Defender, BR-11, llev\u00f3 a cabo un recorridos en el per\u00edmetro donde deaaprecio el turista.<\/p>\n\n\n\n<p>Lacunza de la Cruz dijo que se le hab\u00eda informado que varias de las personas entraron al mar, pero solo tres lograron ser rescatadas por pescadores, y una m\u00e1s qued\u00f3 bajo el agua, pero m\u00e1s tarde la corriente marina arrojo el cuerpo de la v\u00edctima.<\/p>\n\n\n\n<p>Antes, en la zona acudieron las diferentes instancias de gobierno, as\u00ed como la Unidad de B\u00fasqueda y Rescate de la SEMAR, hab\u00edan comenzado la b\u00fasqueda y localizaci\u00f3n de la v\u00edctima, pero se indica que hab\u00eda muerto ahogado.<\/p>\n\n\n\n<p>Desde el pasado viernes la Secretar\u00eda de Gesti\u00f3n Integral de Riesgos y Protecci\u00f3n Civil de Guerrero (SGIRYPCG) alert\u00f3 a los hoteleros y restauranteros que habria evento de mar de fondo a lo largo del litoral guerrerense ya que se registraba oleaje elevado en la bah\u00eda, isla La Roqueta, zona Diamante y Pie de la Cuesta.<\/p>\n\n\n\n<p>El funcionario del gobierno de Guerrero, dijo que por el alertamiento hab\u00eda restricci\u00f3n en las actividades de embarque y desembarque en la isla de La Roqueta.<\/p>\n\n\n\n<p>Del mismo modo se hizo un llamado a todos los prestadores de servicios tur\u00edsticos para retirar el mobiliario de la franja de arena debido a las marejadas.<\/p>\n\n\n\n<p>En tanto, la Secretar\u00eda de Turismo, informo que este destino de playa registr\u00f3 una ocupaci\u00f3n hotelera del 53.8 por ciento.<\/p>\n\n\n\n<p>La zona del Acapulco Dorado se report\u00f3 una afluencia de visitantes de 63 puntos porcentuales, en tanto en la zona Tradicional report\u00f3 el 45.4 por ciento de sus habitaciones ocupadas y la zona Diamante contabiliz\u00f3 apenas una ocupaci\u00f3n del 36.7.<\/p>\n\n\n\n<div class=\"wp-block-jetpack-slideshow aligncenter\" data-effect=\"slide\"><div class=\"wp-block-jetpack-slideshow_container swiper-container\"><ul class=\"wp-block-jetpack-slideshow_swiper-wrapper swiper-wrapper\"><li class=\"wp-block-jetpack-slideshow_slide swiper-slide\"><figure><img decoding=\"async\" src=\"data:image\/gif;base64,R0lGODlhAQABAIAAAAAAAP\/\/\/ywAAAAAAQABAAACAUwAOw==\" fifu-lazy=\"1\" fifu-data-sizes=\"auto\" fifu-data-srcset=\"https:\/\/i2.wp.com\/interaccionnoticias.com.mx\/wp-content\/uploads\/2023\/09\/230903-ahogado-Acapulco-2-1024x751.jpg?ssl=1&w=75&resize=75&ssl=1 75w, https:\/\/i2.wp.com\/interaccionnoticias.com.mx\/wp-content\/uploads\/2023\/09\/230903-ahogado-Acapulco-2-1024x751.jpg?ssl=1&w=100&resize=100&ssl=1 100w, https:\/\/i2.wp.com\/interaccionnoticias.com.mx\/wp-content\/uploads\/2023\/09\/230903-ahogado-Acapulco-2-1024x751.jpg?ssl=1&w=150&resize=150&ssl=1 150w, https:\/\/i2.wp.com\/interaccionnoticias.com.mx\/wp-content\/uploads\/2023\/09\/230903-ahogado-Acapulco-2-1024x751.jpg?ssl=1&w=240&resize=240&ssl=1 240w, https:\/\/i2.wp.com\/interaccionnoticias.com.mx\/wp-content\/uploads\/2023\/09\/230903-ahogado-Acapulco-2-1024x751.jpg?ssl=1&w=320&resize=320&ssl=1 320w, https:\/\/i2.wp.com\/interaccionnoticias.com.mx\/wp-content\/uploads\/2023\/09\/230903-ahogado-Acapulco-2-1024x751.jpg?ssl=1&w=500&resize=500&ssl=1 500w, https:\/\/i2.wp.com\/interaccionnoticias.com.mx\/wp-content\/uploads\/2023\/09\/230903-ahogado-Acapulco-2-1024x751.jpg?ssl=1&w=640&resize=640&ssl=1 640w, https:\/\/i2.wp.com\/interaccionnoticias.com.mx\/wp-content\/uploads\/2023\/09\/230903-ahogado-Acapulco-2-1024x751.jpg?ssl=1&w=800&resize=800&ssl=1 800w, https:\/\/i2.wp.com\/interaccionnoticias.com.mx\/wp-content\/uploads\/2023\/09\/230903-ahogado-Acapulco-2-1024x751.jpg?ssl=1&w=1024&resize=1024&ssl=1 1024w, https:\/\/i2.wp.com\/interaccionnoticias.com.mx\/wp-content\/uploads\/2023\/09\/230903-ahogado-Acapulco-2-1024x751.jpg?ssl=1&w=1280&resize=1280&ssl=1 1280w, https:\/\/i2.wp.com\/interaccionnoticias.com.mx\/wp-content\/uploads\/2023\/09\/230903-ahogado-Acapulco-2-1024x751.jpg?ssl=1&w=1600&resize=1600&ssl=1 1600w\" alt=\"\" class=\"wp-block-jetpack-slideshow_image wp-image-67470\" data-id=\"67470\" fifu-data-src=\"https:\/\/i2.wp.com\/interaccionnoticias.com.mx\/wp-content\/uploads\/2023\/09\/230903-ahogado-Acapulco-2-1024x751.jpg?ssl=1\"\/><\/figure><\/li><li class=\"wp-block-jetpack-slideshow_slide swiper-slide\"><figure><img decoding=\"async\" src=\"data:image\/gif;base64,R0lGODlhAQABAIAAAAAAAP\/\/\/ywAAAAAAQABAAACAUwAOw==\" fifu-lazy=\"1\" fifu-data-sizes=\"auto\" fifu-data-srcset=\"https:\/\/i1.wp.com\/interaccionnoticias.com.mx\/wp-content\/uploads\/2023\/09\/230903-ahogado-Acapulco-1-1024x751.jpg?ssl=1&w=75&resize=75&ssl=1 75w, https:\/\/i1.wp.com\/interaccionnoticias.com.mx\/wp-content\/uploads\/2023\/09\/230903-ahogado-Acapulco-1-1024x751.jpg?ssl=1&w=100&resize=100&ssl=1 100w, https:\/\/i1.wp.com\/interaccionnoticias.com.mx\/wp-content\/uploads\/2023\/09\/230903-ahogado-Acapulco-1-1024x751.jpg?ssl=1&w=150&resize=150&ssl=1 150w, https:\/\/i1.wp.com\/interaccionnoticias.com.mx\/wp-content\/uploads\/2023\/09\/230903-ahogado-Acapulco-1-1024x751.jpg?ssl=1&w=240&resize=240&ssl=1 240w, https:\/\/i1.wp.com\/interaccionnoticias.com.mx\/wp-content\/uploads\/2023\/09\/230903-ahogado-Acapulco-1-1024x751.jpg?ssl=1&w=320&resize=320&ssl=1 320w, https:\/\/i1.wp.com\/interaccionnoticias.com.mx\/wp-content\/uploads\/2023\/09\/230903-ahogado-Acapulco-1-1024x751.jpg?ssl=1&w=500&resize=500&ssl=1 500w, https:\/\/i1.wp.com\/interaccionnoticias.com.mx\/wp-content\/uploads\/2023\/09\/230903-ahogado-Acapulco-1-1024x751.jpg?ssl=1&w=640&resize=640&ssl=1 640w, https:\/\/i1.wp.com\/interaccionnoticias.com.mx\/wp-content\/uploads\/2023\/09\/230903-ahogado-Acapulco-1-1024x751.jpg?ssl=1&w=800&resize=800&ssl=1 800w, https:\/\/i1.wp.com\/interaccionnoticias.com.mx\/wp-content\/uploads\/2023\/09\/230903-ahogado-Acapulco-1-1024x751.jpg?ssl=1&w=1024&resize=1024&ssl=1 1024w, https:\/\/i1.wp.com\/interaccionnoticias.com.mx\/wp-content\/uploads\/2023\/09\/230903-ahogado-Acapulco-1-1024x751.jpg?ssl=1&w=1280&resize=1280&ssl=1 1280w, https:\/\/i1.wp.com\/interaccionnoticias.com.mx\/wp-content\/uploads\/2023\/09\/230903-ahogado-Acapulco-1-1024x751.jpg?ssl=1&w=1600&resize=1600&ssl=1 1600w\" alt=\"\" class=\"wp-block-jetpack-slideshow_image wp-image-67471\" data-id=\"67471\" fifu-data-src=\"https:\/\/i1.wp.com\/interaccionnoticias.com.mx\/wp-content\/uploads\/2023\/09\/230903-ahogado-Acapulco-1-1024x751.jpg?ssl=1\"\/><\/figure><\/li><\/ul><a class=\"wp-block-jetpack-slideshow_button-prev swiper-button-prev swiper-button-white\" role=\"button\"><\/a><a class=\"wp-block-jetpack-slideshow_button-next swiper-button-next swiper-button-white\" role=\"button\"><\/a><a aria-label=\"Pause Slideshow\" class=\"wp-block-jetpack-slideshow_button-pause\" role=\"button\"><\/a><div class=\"wp-block-jetpack-slideshow_pagination swiper-pagination swiper-pagination-white\"><\/div><\/div><\/div>\n","protected":false},"excerpt":{"rendered":"<p>&#8212; Las intensas marejadas y el oleaje provoc\u00f3 su muerte&#8212; Persiste el evento de Mar de Fondo Javier Trujillo Acapulco, Gro.- El fuerte oleaje del Mar de Fondo, dejo como&hellip; <\/p>\n","protected":false},"author":3,"featured_media":67471,"comment_status":"open","ping_status":"open","sticky":false,"template":"","format":"standard","meta":{"fifu_image_url":"","fifu_image_alt":"","footnotes":""},"categories":[27],"tags":[],"class_list":["post-67469","post","type-post","status-publish","format-standard","has-post-thumbnail","hentry","category-seguridad-publica"],"_links":{"self":[{"href":"https:\/\/www.interaccionnoticias.com.mx\/index.php?rest_route=\/wp\/v2\/posts\/67469","targetHints":{"allow":["GET"]}}],"collection":[{"href":"https:\/\/www.interaccionnoticias.com.mx\/index.php?rest_route=\/wp\/v2\/posts"}],"about":[{"href":"https:\/\/www.interaccionnoticias.com.mx\/index.php?rest_route=\/wp\/v2\/types\/post"}],"author":[{"embeddable":true,"href":"https:\/\/www.interaccionnoticias.com.mx\/index.php?rest_route=\/wp\/v2\/users\/3"}],"replies":[{"embeddable":true,"href":"https:\/\/www.interaccionnoticias.com.mx\/index.php?rest_route=%2Fwp%2Fv2%2Fcomments&post=67469"}],"version-history":[{"count":1,"href":"https:\/\/www.interaccionnoticias.com.mx\/index.php?rest_route=\/wp\/v2\/posts\/67469\/revisions"}],"predecessor-version":[{"id":67472,"href":"https:\/\/www.interaccionnoticias.com.mx\/index.php?rest_route=\/wp\/v2\/posts\/67469\/revisions\/67472"}],"wp:featuredmedia":[{"embeddable":true,"href":"https:\/\/www.interaccionnoticias.com.mx\/index.php?rest_route=\/wp\/v2\/media\/67471"}],"wp:attachment":[{"href":"https:\/\/www.interaccionnoticias.com.mx\/index.php?rest_route=%2Fwp%2Fv2%2Fmedia&parent=67469"}],"wp:term":[{"taxonomy":"category","embeddable":true,"href":"https:\/\/www.interaccionnoticias.com.mx\/index.php?rest_route=%2Fwp%2Fv2%2Fcategories&post=67469"},{"taxonomy":"post_tag","embeddable":true,"href":"https:\/\/www.interaccionnoticias.com.mx\/index.php?rest_route=%2Fwp%2Fv2%2Ftags&post=67469"}],"curies":[{"name":"wp","href":"https:\/\/api.w.org\/{rel}","templated":true}]}}