{"id":67466,"date":"2023-09-03T19:02:40","date_gmt":"2023-09-04T00:02:40","guid":{"rendered":"https:\/\/interaccionnoticias.com.mx\/?p=67466"},"modified":"2023-09-03T19:02:42","modified_gmt":"2023-09-04T00:02:42","slug":"madres-y-padres-de-los-43-rechazan-el-circo-montado-por-eliseo-villar-respecto-al-paradero-de-sus-hijos","status":"publish","type":"post","link":"https:\/\/www.interaccionnoticias.com.mx\/?p=67466","title":{"rendered":"Madres y padres de los 43, rechazan el \u201ccirco\u201d montado por Eliseo Villar respecto al paradero de sus hijos"},"content":{"rendered":"\n<p><strong><em>&#8212; Nuevamente, el ex coordinador de la Polic\u00eda Comunitaria de San Luis Acatl\u00e1n difunde videos donde asegura que conoce el paradero de los estudiantes<br>&#8212; Hace cuatro a\u00f1os logr\u00f3 que Gobernaci\u00f3n Federal y los padres le pusieran atenci\u00f3n, la informaci\u00f3n aportada fue falsa<\/em><\/strong><\/p>\n\n\n\n<p><strong>Rogelio Agust\u00edn<\/strong><\/p>\n\n\n\n<p>Las madres y padres de los 43 manifestaron su rechazo \u201cal circo\u201d difundido por Eliseo Villar Castillo, ex coordinador de la Polic\u00eda Comunitaria de San Luis Acatl\u00e1n, quien asegura que conoce el lugar en que se encuentran los normalistas desaparecidos tras los ataques del 26 de septiembre de 2014.<\/p>\n\n\n\n<p>En un comunicado, los padres de los 43 se refieren a Villar Castillo como un ex coordinador de la Policia Comunitaria de la CRAC-PC de Guerrero, mismo que estuvo preso ocho a\u00f1os por varios delitos y causas penales, entre ellos el homicidio,secuestro agravado y robo calificado, entre otros.<\/p>\n\n\n\n<p>Recuerdan que Villar estuvo en la c\u00e1rcel de Chilpancingo, luego en Morelos y finalmente liberado el 22 de junio del 2023, sali\u00f3 del cereso de Oaxaca.<\/p>\n\n\n\n<p>Sin embargo, se\u00f1alan que para la Policia Comunitaria de la CRAC, que se rige por usos y costumbres, a\u00fan existe una orden de aprehensi\u00f3n en su contra en territorio comunitario.<\/p>\n\n\n\n<p>Luego, se\u00f1alan que hace cuatro a\u00f1os ,cuando todav\u00eda se encontraba en el Cereso de Chilpancingo, Eliseo dijo conocer la ubicaci\u00f3n exacta donde estaban enterrados los 43 normalistas de Ayotzinapa.<\/p>\n\n\n\n<p>En ese tiempo entabl\u00f3 comunicaci\u00f3n con Gobernacion Federal, lo mismo que con una comisi\u00f3n de los Padres y Madres de los 43.<\/p>\n\n\n\n<p>Indican: \u201cSolicit\u00f3 en ese entonces una serie de beneficios que las autoridades correspondientes dijeron se le pondr\u00edan a consideraci\u00f3n si los datos que ofrec\u00eda eran correctos, se tomaron acciones inmediatas y contundentes para verificar toda la informaci\u00f3n que proporcion\u00f3 pero desafortunadamente todos sus se\u00f1alamientos resultaron falsos\u201d.<\/p>\n\n\n\n<p>Ahora, cuando se est\u00e1 a pocos d\u00edas de que se cumplan nueve a\u00f1os de los ataques del 26 de septiembre, nuevamente Eliseo Villar reaperece para hacer los hace sus mismos posicionamientos, pero ahora se desconoce la finalidad, pues ya est\u00e1 fuera de prisi\u00f3n.<\/p>\n\n\n\n<p>Recuerdan que los Padres y Madres de los 43 han solicitado encarecidamente que si cualquier persona llegar\u00e1 a tener o tiene informaci\u00f3n veraz o fidedigna la proporcione ante las Instituciones correspondientes.<\/p>\n\n\n\n<p>Se\u00f1alan que en estos casi nueve a\u00f1os del caso, frecuentemente ha aparecido gente que asegura conocer el paradero de sus hijos, pero sus dichos nunca han sido verdaderos.<\/p>\n\n\n\n<p>\u201cSiempre han pedido algo a cambio, recursos o beneficios personales. No les ha importado el que cada vez que lo hacen nuestra esperanza e ilusi\u00f3n se prenda y se apague de nueva ocasi\u00f3n\u201d, reprochan.<\/p>\n\n\n\n<p>Indican que si bien no dejan de agradecer la solidaridad han recibido de muchas personas y organizaciones, tambi\u00e9n reiteran que si alguna persona tuviera cualquier informaci\u00f3n confiable y real, para poder llegar al paradero de lo 43, la presente ante las autoridades correspondientes, no a trav\u00e9s de un circo en redes sociales.<\/p>\n\n\n\n<p>\u201cFalsear informaci\u00f3n de un crimen de lesa humanidad es un delito que merece ser castigado con todo el peso de la ley\u201d, asegura el comunicado de las madres y padres de los 43. Normalistas rural.<\/p>\n","protected":false},"excerpt":{"rendered":"<p>&#8212; Nuevamente, el ex coordinador de la Polic\u00eda Comunitaria de San Luis Acatl\u00e1n difunde videos donde asegura que conoce el paradero de los estudiantes&#8212; Hace cuatro a\u00f1os logr\u00f3 que Gobernaci\u00f3n&hellip; <\/p>\n","protected":false},"author":21,"featured_media":67467,"comment_status":"open","ping_status":"open","sticky":false,"template":"","format":"standard","meta":{"fifu_image_url":"","fifu_image_alt":"","footnotes":""},"categories":[15],"tags":[],"class_list":["post-67466","post","type-post","status-publish","format-standard","has-post-thumbnail","hentry","category-movimientos-sociales"],"_links":{"self":[{"href":"https:\/\/www.interaccionnoticias.com.mx\/index.php?rest_route=\/wp\/v2\/posts\/67466","targetHints":{"allow":["GET"]}}],"collection":[{"href":"https:\/\/www.interaccionnoticias.com.mx\/index.php?rest_route=\/wp\/v2\/posts"}],"about":[{"href":"https:\/\/www.interaccionnoticias.com.mx\/index.php?rest_route=\/wp\/v2\/types\/post"}],"author":[{"embeddable":true,"href":"https:\/\/www.interaccionnoticias.com.mx\/index.php?rest_route=\/wp\/v2\/users\/21"}],"replies":[{"embeddable":true,"href":"https:\/\/www.interaccionnoticias.com.mx\/index.php?rest_route=%2Fwp%2Fv2%2Fcomments&post=67466"}],"version-history":[{"count":1,"href":"https:\/\/www.interaccionnoticias.com.mx\/index.php?rest_route=\/wp\/v2\/posts\/67466\/revisions"}],"predecessor-version":[{"id":67468,"href":"https:\/\/www.interaccionnoticias.com.mx\/index.php?rest_route=\/wp\/v2\/posts\/67466\/revisions\/67468"}],"wp:featuredmedia":[{"embeddable":true,"href":"https:\/\/www.interaccionnoticias.com.mx\/index.php?rest_route=\/wp\/v2\/media\/67467"}],"wp:attachment":[{"href":"https:\/\/www.interaccionnoticias.com.mx\/index.php?rest_route=%2Fwp%2Fv2%2Fmedia&parent=67466"}],"wp:term":[{"taxonomy":"category","embeddable":true,"href":"https:\/\/www.interaccionnoticias.com.mx\/index.php?rest_route=%2Fwp%2Fv2%2Fcategories&post=67466"},{"taxonomy":"post_tag","embeddable":true,"href":"https:\/\/www.interaccionnoticias.com.mx\/index.php?rest_route=%2Fwp%2Fv2%2Ftags&post=67466"}],"curies":[{"name":"wp","href":"https:\/\/api.w.org\/{rel}","templated":true}]}}