{"id":67452,"date":"2023-09-03T18:40:29","date_gmt":"2023-09-03T23:40:29","guid":{"rendered":"https:\/\/interaccionnoticias.com.mx\/?p=67452"},"modified":"2023-09-03T18:40:32","modified_gmt":"2023-09-03T23:40:32","slug":"eligen-habitantes-de-comunidades-indigenas-y-afrodescendientes-a-sus-representantes-ante-el-iepc-guerrero-es-el-primer-estado-en-conformar-de-manera-incluyente-su-organo-electoral","status":"publish","type":"post","link":"https:\/\/www.interaccionnoticias.com.mx\/?p=67452","title":{"rendered":"Eligen habitantes de comunidades ind\u00edgenas y afrodescendientes a sus representantes ante el IEPC-Guerrero es el primer estado en conformar de manera incluyente su \u00f3rgano electoral"},"content":{"rendered":"\n<p><strong>Rosario Garc\u00eda Orozco<\/strong><\/p>\n\n\n\n<p><strong>Chilpancingo, Gro., 3 de septiembre del 2023.-<\/strong> Este fin de semana el Instituto Electoral y de Participaci\u00f3n Ciudadana (IEPC) coordin\u00f3 las consultas para elegir a los representantes de comunidades ind\u00edgenas y afrodescendientes, que formar\u00e1n parte del Consejo General, con lo que Guerrero se convierte en el primer estado en contar con un \u00f3rgano incluyente, inform\u00f3 la presidenta de ese \u00f3rgano electoral, Luz Fabiola Matildes Gama.<\/p>\n\n\n\n<p>La asamblea estatal para la selecci\u00f3n de quien representar\u00e1 a los pueblos afromexicanos se llev\u00f3 a cabo en el municipio de Florencio Villarreal, a la que asistieron 14 representantes, mujeres y hombres de los municipios que conforman el distrito 15 afromexicano, donde Matildes Gama reconoci\u00f3 la organizaci\u00f3n de la comunidad afromexicana para la designaci\u00f3n de su representante.<\/p>\n\n\n\n<p>Mediante la consulta, los representantes de los pueblos afromexicanos de Guerrero eligieron a Mijane Jim\u00e9nez Salinas, mujer afrodescendiente, originaria de Cuajinicuilapa, quien consider\u00f3 \u00abesta responsabilidad es un aliciente para abonar a la participaci\u00f3n pol\u00edtica de nuestro pueblo, primero de las mujeres afromexicanos y el pueblo afromexicano en general, que nos permitir\u00e1 buscar estrategias para vencer al abstencionanismo en esas comunidades\u00bb.<\/p>\n\n\n\n<p>Agreg\u00f3 que la participaci\u00f3n pol\u00edtica y los derechos de ese sector de la poblaci\u00f3n deben ser una realidad, que puede fortalecerse al formar parte del IEPC, y de esa manera llevar la voz del pueblo afromexicano a esa instancia.<\/p>\n\n\n\n<p>En el caso de la consulta para la selecci\u00f3n de quien representara a los pueblos ind\u00edgenas ante el Consejo General del IEPC, que se llev\u00f3 a cabo en Tlapa de Comonfort, los asamble\u00edstas de esas localidades determinaron que sea Rossibel Bello Mateo, quien los represente ante el \u00f3rgano electoral para el proceso 2023\/2024, que dar\u00e1 inicio el pr\u00f3ximo 8 de septiembre.<\/p>\n\n\n\n<p>Al respecto, la presidenta del IEPC agradeci\u00f3 la disposici\u00f3n de los y las representantes de los pueblos ind\u00edgenas para participar en esa asamblea y elegir con 56 votos a favor a Bello Mateo.<\/p>\n\n\n\n<p>Rossibel Bello Mateo pertenece al pueblo n\u00e1huatl del municipio de Jos\u00e9 Joaqu\u00edn de Herrera y fue apoyada y respaldada por las 4 etnias que tienen presencia en el estado, las cuales se unieron para la designaci\u00f3n de una sola representaci\u00f3n, se dijo durante ese ejercicio democr\u00e1tico, llevado a cabo por usos y costumbres.<\/p>\n","protected":false},"excerpt":{"rendered":"<p>Rosario Garc\u00eda Orozco Chilpancingo, Gro., 3 de septiembre del 2023.- Este fin de semana el Instituto Electoral y de Participaci\u00f3n Ciudadana (IEPC) coordin\u00f3 las consultas para elegir a los representantes&hellip; <\/p>\n","protected":false},"author":14,"featured_media":67453,"comment_status":"open","ping_status":"open","sticky":false,"template":"","format":"standard","meta":{"fifu_image_url":"","fifu_image_alt":"","footnotes":""},"categories":[17],"tags":[],"class_list":["post-67452","post","type-post","status-publish","format-standard","has-post-thumbnail","hentry","category-organos-electorales"],"_links":{"self":[{"href":"https:\/\/www.interaccionnoticias.com.mx\/index.php?rest_route=\/wp\/v2\/posts\/67452","targetHints":{"allow":["GET"]}}],"collection":[{"href":"https:\/\/www.interaccionnoticias.com.mx\/index.php?rest_route=\/wp\/v2\/posts"}],"about":[{"href":"https:\/\/www.interaccionnoticias.com.mx\/index.php?rest_route=\/wp\/v2\/types\/post"}],"author":[{"embeddable":true,"href":"https:\/\/www.interaccionnoticias.com.mx\/index.php?rest_route=\/wp\/v2\/users\/14"}],"replies":[{"embeddable":true,"href":"https:\/\/www.interaccionnoticias.com.mx\/index.php?rest_route=%2Fwp%2Fv2%2Fcomments&post=67452"}],"version-history":[{"count":1,"href":"https:\/\/www.interaccionnoticias.com.mx\/index.php?rest_route=\/wp\/v2\/posts\/67452\/revisions"}],"predecessor-version":[{"id":67454,"href":"https:\/\/www.interaccionnoticias.com.mx\/index.php?rest_route=\/wp\/v2\/posts\/67452\/revisions\/67454"}],"wp:featuredmedia":[{"embeddable":true,"href":"https:\/\/www.interaccionnoticias.com.mx\/index.php?rest_route=\/wp\/v2\/media\/67453"}],"wp:attachment":[{"href":"https:\/\/www.interaccionnoticias.com.mx\/index.php?rest_route=%2Fwp%2Fv2%2Fmedia&parent=67452"}],"wp:term":[{"taxonomy":"category","embeddable":true,"href":"https:\/\/www.interaccionnoticias.com.mx\/index.php?rest_route=%2Fwp%2Fv2%2Fcategories&post=67452"},{"taxonomy":"post_tag","embeddable":true,"href":"https:\/\/www.interaccionnoticias.com.mx\/index.php?rest_route=%2Fwp%2Fv2%2Ftags&post=67452"}],"curies":[{"name":"wp","href":"https:\/\/api.w.org\/{rel}","templated":true}]}}