{"id":67429,"date":"2023-09-01T22:16:17","date_gmt":"2023-09-02T03:16:17","guid":{"rendered":"https:\/\/interaccionnoticias.com.mx\/?p=67429"},"modified":"2023-09-01T22:16:20","modified_gmt":"2023-09-02T03:16:20","slug":"ejecutan-a-cuatro-en-acapulco","status":"publish","type":"post","link":"https:\/\/www.interaccionnoticias.com.mx\/?p=67429","title":{"rendered":"Ejecutan a cuatro en Acapulco"},"content":{"rendered":"\n<p><strong><em>&#8212; Hechos en la colonia Francisco Villa, Centro y Lomas de Magallanes<br>&#8212; Un hijo mat\u00f3 a su padre de dos balazos<\/em><\/strong><\/p>\n\n\n\n<p><strong>Javier Trujillo<\/strong><\/p>\n\n\n\n<p><strong>Acapulco, Gro.-<\/strong> La jornada de violencia en colonias del puerto de Acapulco dej\u00f3 un saldo de cuatro personas asesinadas a balazos, entre las v\u00edctimas est\u00e1 un padre que fue privado de la vida por su propio hijo.<\/p>\n\n\n\n<p>Los hechos se registraron en las colonias Lomas de Magallanes, Centro, y Francisco Villa, todos los hechos en la zona urbana de este destino tur\u00edstico.<\/p>\n\n\n\n<p>El primer caso ocurri\u00f3 cuando se report\u00f3 que dos hombres fueron encontrados con huellas de tortura y privados de la vida por arma de fuego en la colonia Francisco Villa, zona urbana de Acapulco.<\/p>\n\n\n\n<p>De acuerdo con los primeros reportes, alrededor de las 05:50 horas, fueron encontrados los dos cuerpos de dos hombres a quienes les habr\u00edan disparado en repetidas ocasiones.<\/p>\n\n\n\n<p>Las dos v\u00edctimas privadas de la vida quedaron en la calle Felipe Carrillo Puerto en la colonia Francisco Villa, en la parte alta del puerto de Acapulco.<\/p>\n\n\n\n<p>Aunque el hecho ocurri\u00f3 durante la madrugada, fue poco despu\u00e9s de las 07:00 horas que se report\u00f3 al Servicio de Emergencia del 911 y al lugar acudieron las autoridades y m\u00e1s tarde Servicios Periciales y el Servicio M\u00e9dico Forense, realiz\u00f3 el levantamiento cadav\u00e9rico.<\/p>\n\n\n\n<p>Fue a las 11 horas que se inform\u00f3 que en la calle Moto Tab\u00fa, del fraccionamiento Lomas de Magallanes, inicialmente reportaron disparos y hasta un domicilio particular llegaron las autoridades ministeriales y de seguridad.<\/p>\n\n\n\n<p>Inicialmente se dijo que la v\u00edctima era un maestro y que presuntamente habr\u00eda sido un suicidio. Pero horas m\u00e1s tarde, a la escena del crimen arribaron agentes ministeriales y detuvieron al hijo como presunto responsable del homicidio de su padre.<\/p>\n\n\n\n<p>A las 18:15 horas en la calle Jos\u00e9 Valdez Ar\u00e9valo, se report\u00f3 otro homicidio doloso, un hombre fue dejado sin vida y con una cartulina en el t\u00f3rax.<\/p>\n\n\n\n<p>Cabe mencionar que el mes de agosto es el segundo mes m\u00e1s violento en lo que va del a\u00f1o al terminar con 53 homicidios dolosos, solo en el puerto de Acapulco.<\/p>\n\n\n\n<p>Antes fue el mes de enero del 2023 que registr\u00f3 la cifra m\u00e1s alta al reportar 70 cr\u00edmenes.<\/p>\n","protected":false},"excerpt":{"rendered":"<p>&#8212; Hechos en la colonia Francisco Villa, Centro y Lomas de Magallanes&#8212; Un hijo mat\u00f3 a su padre de dos balazos Javier Trujillo Acapulco, Gro.- La jornada de violencia en&hellip; <\/p>\n","protected":false},"author":3,"featured_media":67430,"comment_status":"open","ping_status":"open","sticky":false,"template":"","format":"standard","meta":{"fifu_image_url":"","fifu_image_alt":"","footnotes":""},"categories":[27],"tags":[],"class_list":["post-67429","post","type-post","status-publish","format-standard","has-post-thumbnail","hentry","category-seguridad-publica"],"_links":{"self":[{"href":"https:\/\/www.interaccionnoticias.com.mx\/index.php?rest_route=\/wp\/v2\/posts\/67429","targetHints":{"allow":["GET"]}}],"collection":[{"href":"https:\/\/www.interaccionnoticias.com.mx\/index.php?rest_route=\/wp\/v2\/posts"}],"about":[{"href":"https:\/\/www.interaccionnoticias.com.mx\/index.php?rest_route=\/wp\/v2\/types\/post"}],"author":[{"embeddable":true,"href":"https:\/\/www.interaccionnoticias.com.mx\/index.php?rest_route=\/wp\/v2\/users\/3"}],"replies":[{"embeddable":true,"href":"https:\/\/www.interaccionnoticias.com.mx\/index.php?rest_route=%2Fwp%2Fv2%2Fcomments&post=67429"}],"version-history":[{"count":1,"href":"https:\/\/www.interaccionnoticias.com.mx\/index.php?rest_route=\/wp\/v2\/posts\/67429\/revisions"}],"predecessor-version":[{"id":67431,"href":"https:\/\/www.interaccionnoticias.com.mx\/index.php?rest_route=\/wp\/v2\/posts\/67429\/revisions\/67431"}],"wp:featuredmedia":[{"embeddable":true,"href":"https:\/\/www.interaccionnoticias.com.mx\/index.php?rest_route=\/wp\/v2\/media\/67430"}],"wp:attachment":[{"href":"https:\/\/www.interaccionnoticias.com.mx\/index.php?rest_route=%2Fwp%2Fv2%2Fmedia&parent=67429"}],"wp:term":[{"taxonomy":"category","embeddable":true,"href":"https:\/\/www.interaccionnoticias.com.mx\/index.php?rest_route=%2Fwp%2Fv2%2Fcategories&post=67429"},{"taxonomy":"post_tag","embeddable":true,"href":"https:\/\/www.interaccionnoticias.com.mx\/index.php?rest_route=%2Fwp%2Fv2%2Ftags&post=67429"}],"curies":[{"name":"wp","href":"https:\/\/api.w.org\/{rel}","templated":true}]}}