{"id":67426,"date":"2023-09-01T22:08:26","date_gmt":"2023-09-02T03:08:26","guid":{"rendered":"https:\/\/interaccionnoticias.com.mx\/?p=67426"},"modified":"2023-09-01T22:08:28","modified_gmt":"2023-09-02T03:08:28","slug":"pide-rector-jose-alfredo-romero-intensificar-la-busqueda-de-maestro-universitario","status":"publish","type":"post","link":"https:\/\/www.interaccionnoticias.com.mx\/?p=67426","title":{"rendered":"Pide rector Jos\u00e9 Alfredo Romero intensificar la b\u00fasqueda de maestro universitario"},"content":{"rendered":"\n<p><strong>Rosario Garc\u00eda Orozco<\/strong><\/p>\n\n\n\n<p><strong>Chilpancingo, Gro., 1 de septiembre del 2023.-<\/strong> El rector de la Universidad Aut\u00f3noma de Guerrero, Jos\u00e9 Alfredo Romero Olea inform\u00f3 que solicit\u00f3 a la Fiscal\u00eda General del Estado que intensifique la b\u00fasqueda del maestro de la prepa 4 de Taxco, Esteban Arredondo Avila, desaparecido hace 4 d\u00edas.<\/p>\n\n\n\n<p>Cabe recordar que el docente universitario, originario de Iguala, desapareci\u00f3 desde el pasado 28 de agosto, y sus familiares refieren que dejaron de tener contacto con \u00e9l alrededor del medio d\u00eda, despu\u00e9s de que realiz\u00f3 algunos tr\u00e1mites en oficinas centrales de la rector\u00eda, en Chilpancingo.<\/p>\n\n\n\n<p>\u00abYa hicimos la petici\u00f3n para que nos puedan apoyar en esas investigaciones, ya hicimos esa solicitud a todas las autoridades, porque desconocemos que sucedio, y nosotros no podemos asegurar nada sobre la desaparici\u00f3n del maestro\u00bb, dijo el rector de la M\u00e1xima Casa de estudios.<\/p>\n\n\n\n<p>Confi\u00f3 en que se lleven a cabo de manera puntual y efectiva las investigaciones correspontiendes para que el maestro universitario pueda aparecer con vida, y agreg\u00f3 que los familiares del docente hay comentado que siguen sin tener ning\u00fan tipo de comunicaci\u00f3n con \u00e9l, \u00abtambi\u00e9n nosotros estamos con esa preocupacion\u00bb, enfatiz\u00f3.<\/p>\n\n\n\n<p>Romero Olea dijo que la comunidad universitaria est\u00e1 de manera solidaria con la familia del docente, y que estar\u00e1n respaldando los en lo que est\u00e9 en sus manos, sobre todo en el llamado a las instituciones para que se investigue la desaparici\u00f3n del maestro Esteban Arredondo.<\/p>\n","protected":false},"excerpt":{"rendered":"<p>Rosario Garc\u00eda Orozco Chilpancingo, Gro., 1 de septiembre del 2023.- El rector de la Universidad Aut\u00f3noma de Guerrero, Jos\u00e9 Alfredo Romero Olea inform\u00f3 que solicit\u00f3 a la Fiscal\u00eda General del&hellip; <\/p>\n","protected":false},"author":14,"featured_media":67427,"comment_status":"open","ping_status":"open","sticky":false,"template":"","format":"standard","meta":{"fifu_image_url":"","fifu_image_alt":"","footnotes":""},"categories":[30],"tags":[],"class_list":["post-67426","post","type-post","status-publish","format-standard","has-post-thumbnail","hentry","category-universidad"],"_links":{"self":[{"href":"https:\/\/www.interaccionnoticias.com.mx\/index.php?rest_route=\/wp\/v2\/posts\/67426","targetHints":{"allow":["GET"]}}],"collection":[{"href":"https:\/\/www.interaccionnoticias.com.mx\/index.php?rest_route=\/wp\/v2\/posts"}],"about":[{"href":"https:\/\/www.interaccionnoticias.com.mx\/index.php?rest_route=\/wp\/v2\/types\/post"}],"author":[{"embeddable":true,"href":"https:\/\/www.interaccionnoticias.com.mx\/index.php?rest_route=\/wp\/v2\/users\/14"}],"replies":[{"embeddable":true,"href":"https:\/\/www.interaccionnoticias.com.mx\/index.php?rest_route=%2Fwp%2Fv2%2Fcomments&post=67426"}],"version-history":[{"count":1,"href":"https:\/\/www.interaccionnoticias.com.mx\/index.php?rest_route=\/wp\/v2\/posts\/67426\/revisions"}],"predecessor-version":[{"id":67428,"href":"https:\/\/www.interaccionnoticias.com.mx\/index.php?rest_route=\/wp\/v2\/posts\/67426\/revisions\/67428"}],"wp:featuredmedia":[{"embeddable":true,"href":"https:\/\/www.interaccionnoticias.com.mx\/index.php?rest_route=\/wp\/v2\/media\/67427"}],"wp:attachment":[{"href":"https:\/\/www.interaccionnoticias.com.mx\/index.php?rest_route=%2Fwp%2Fv2%2Fmedia&parent=67426"}],"wp:term":[{"taxonomy":"category","embeddable":true,"href":"https:\/\/www.interaccionnoticias.com.mx\/index.php?rest_route=%2Fwp%2Fv2%2Fcategories&post=67426"},{"taxonomy":"post_tag","embeddable":true,"href":"https:\/\/www.interaccionnoticias.com.mx\/index.php?rest_route=%2Fwp%2Fv2%2Ftags&post=67426"}],"curies":[{"name":"wp","href":"https:\/\/api.w.org\/{rel}","templated":true}]}}