{"id":6740,"date":"2017-07-25T21:12:11","date_gmt":"2017-07-26T02:12:11","guid":{"rendered":"http:\/\/www.inter-accion.com.mx\/?p=6740"},"modified":"2017-07-25T21:12:11","modified_gmt":"2017-07-26T02:12:11","slug":"coordinadora-pro-amlo-insiste-en-alianza-de-izquierdas-para-2018","status":"publish","type":"post","link":"https:\/\/www.interaccionnoticias.com.mx\/?p=6740","title":{"rendered":"Coordinadora Pro-AMLO insiste en alianza de izquierdas para 2018"},"content":{"rendered":"<p>Integrantes de la coordinadora estatal Pro-AMLO, entre ellos ex dirigentes del Partido de la Revoluci\u00f3n Democr\u00e1tica (PRD), refirmaron que no renunciar\u00e1n a promover la unidad de la militancia de izquierda, pese a la conformaci\u00f3n del denominado Frente Amplio Democr\u00e1tico (FAD), el cual \u00abrompe\u00bb con la historia del partido del sol azteca al incluir fuerzas pol\u00edticas de derecha.<br \/>\nEste martes, fundadores del PRD en Guerrero, entre ellos Misael Medrano Baza y Sa\u00fal L\u00f3pez Sollano, realizaron una rueda de prensa en Chilpancingo, para ratificar la postura de integrar un proyecto a nivel local, el cual sea liderado por Andr\u00e9s Manuel L\u00f3pez Obrador (AMLO).<br \/>\nMedrano Baza adelant\u00f3 que en los pr\u00f3ximos meses, tendr\u00e1n cubiertos 9 comit\u00e9s Pro-AMLO, los cuales estar\u00e1n ubicados en los 9 distritos electorales federales del estado.<br \/>\nDijo que tiene respeto por las decisiones de la dirigencia perredista, en el sentido de que el llamado a nivel nacional ha sido de promover una alianza con fuerzas pol\u00edticas como el Partido Acci\u00f3n Nacional (PAN) y Nueva Alianza.<br \/>\nAsimismo, se\u00f1al\u00f3 que el hecho de que el PRD haya iniciado di\u00e1logos con Movimiento Ciudadano (MC) y el Partido del Trabajo (PT), no desalienta que en la pr\u00f3xima jornada electoral en julio de 2018, pueda resultar victorioso el l\u00edder nacional de Movimiento Regeneraci\u00f3n Nacional (MORENA), Andr\u00e9s Manuel L\u00f3pez Obrador.<br \/>\nEl grupo de ex presidentes estatales del PRD en Guerrero, ha sostenido encuentros privados con el l\u00edder de MORENA, Pablo Amilcar Sandoval Ballesteros.<br \/>\nMientras que el dirigente perredista Celestino Ces\u00e1reo Guzm\u00e1n ha descartado cualquier tipo de acercamiento con MORENA, incluso ha manifestado que cualquier tipo de alianza es casi imposible.<\/p>\n","protected":false},"excerpt":{"rendered":"<p>Integrantes de la coordinadora estatal Pro-AMLO, entre ellos ex dirigentes del Partido de la Revoluci\u00f3n Democr\u00e1tica (PRD), refirmaron que no renunciar\u00e1n a promover la unidad de la militancia de izquierda,&hellip; <\/p>\n","protected":false},"author":1,"featured_media":0,"comment_status":"closed","ping_status":"closed","sticky":false,"template":"","format":"standard","meta":{"fifu_image_url":"","fifu_image_alt":"","footnotes":""},"categories":[8,18],"tags":[],"class_list":["post-6740","post","type-post","status-publish","format-standard","hentry","category-featured","category-partidos-politicos"],"_links":{"self":[{"href":"https:\/\/www.interaccionnoticias.com.mx\/index.php?rest_route=\/wp\/v2\/posts\/6740","targetHints":{"allow":["GET"]}}],"collection":[{"href":"https:\/\/www.interaccionnoticias.com.mx\/index.php?rest_route=\/wp\/v2\/posts"}],"about":[{"href":"https:\/\/www.interaccionnoticias.com.mx\/index.php?rest_route=\/wp\/v2\/types\/post"}],"author":[{"embeddable":true,"href":"https:\/\/www.interaccionnoticias.com.mx\/index.php?rest_route=\/wp\/v2\/users\/1"}],"replies":[{"embeddable":true,"href":"https:\/\/www.interaccionnoticias.com.mx\/index.php?rest_route=%2Fwp%2Fv2%2Fcomments&post=6740"}],"version-history":[{"count":0,"href":"https:\/\/www.interaccionnoticias.com.mx\/index.php?rest_route=\/wp\/v2\/posts\/6740\/revisions"}],"wp:attachment":[{"href":"https:\/\/www.interaccionnoticias.com.mx\/index.php?rest_route=%2Fwp%2Fv2%2Fmedia&parent=6740"}],"wp:term":[{"taxonomy":"category","embeddable":true,"href":"https:\/\/www.interaccionnoticias.com.mx\/index.php?rest_route=%2Fwp%2Fv2%2Fcategories&post=6740"},{"taxonomy":"post_tag","embeddable":true,"href":"https:\/\/www.interaccionnoticias.com.mx\/index.php?rest_route=%2Fwp%2Fv2%2Ftags&post=6740"}],"curies":[{"name":"wp","href":"https:\/\/api.w.org\/{rel}","templated":true}]}}