{"id":67398,"date":"2023-09-01T19:51:00","date_gmt":"2023-09-02T00:51:00","guid":{"rendered":"https:\/\/interaccionnoticias.com.mx\/?p=67398"},"modified":"2023-09-01T19:51:03","modified_gmt":"2023-09-02T00:51:03","slug":"asiste-evelyn-salgado-al-5-informe-del-presidente-andres-manuel-lopez-obrador","status":"publish","type":"post","link":"https:\/\/www.interaccionnoticias.com.mx\/?p=67398","title":{"rendered":"Asiste Evelyn Salgado al 5\u00b0 Informe del Presidente, Andr\u00e9s Manuel L\u00f3pez Obrador"},"content":{"rendered":"\n<p><strong><em>&#8212; Celebra gobernadora de Guerrero grandes avances de la transformaci\u00f3n en M\u00e9xico<br>&#8211;Desde Campeche destaca disminuci\u00f3n de pobreza de 7.5 por ciento y pensi\u00f3n universal en Guerrero<\/em><\/strong><\/p>\n\n\n\n<p><strong>Campeche, Camp. 1 de septiembre del 2023. &#8211; <\/strong>La gobernadora Evelyn Salgado Pineda acompa\u00f1\u00f3 al presidente de la Rep\u00fablica Andr\u00e9s Manuel L\u00f3pez Obrador en su 5\u00b0 Informe de Gobierno, para respaldar los avances y logros de la Cuarta Transformaci\u00f3n en el pa\u00eds y en el estado de Guerrero.<\/p>\n\n\n\n<p>Junto con sus hom\u00f3logos de diversas entidades de la Rep\u00fablica, Evelyn Salgado Pineda resalt\u00f3 las pol\u00edticas p\u00fablicas de gobierno permitieron que salieran de la pobreza 5 millones de personas en el pa\u00eds, mientras que en el estado de Guerrero la disminuci\u00f3n de la pobreza fue de 7.5 por ciento.<\/p>\n\n\n\n<p>La mandataria guerrerense expres\u00f3 su felicitaci\u00f3n a quien dijo, es el mejor Presidente que hemos tenido en M\u00e9xico, Andr\u00e9s Manuel L\u00f3pez Obrador por su Quinto Informe de Gobierno, y su agradecimiento por el respaldo y cari\u00f1o que brinda al pueblo guerrerense, transformando vidas durante estos cinco a\u00f1os de trabajo con importantes resultados.<\/p>\n\n\n\n<p>Desde Campeche el presidente L\u00f3pez Obrador inform\u00f3 y subray\u00f3 que 1 mill\u00f3n 276 mil personas con incapacidad son beneficiadas con pensiones y este programa se aplica de manera universal en 19 estados de la Rep\u00fablica, entre ellos Guerrero, gracias a la contribuci\u00f3n que han hecho la gobernadora Evelyn Salgado Pineda.<\/p>\n\n\n\n<div class=\"wp-block-jetpack-slideshow aligncenter\" data-effect=\"slide\"><div class=\"wp-block-jetpack-slideshow_container swiper-container\"><ul class=\"wp-block-jetpack-slideshow_swiper-wrapper swiper-wrapper\"><li class=\"wp-block-jetpack-slideshow_slide swiper-slide\"><figure><img decoding=\"async\" src=\"data:image\/gif;base64,R0lGODlhAQABAIAAAAAAAP\/\/\/ywAAAAAAQABAAACAUwAOw==\" fifu-lazy=\"1\" fifu-data-sizes=\"auto\" fifu-data-srcset=\"https:\/\/i0.wp.com\/interaccionnoticias.com.mx\/wp-content\/uploads\/2023\/09\/230901-Evelyn-Salgado-p-1-1024x768.jpg?ssl=1&w=75&resize=75&ssl=1 75w, https:\/\/i0.wp.com\/interaccionnoticias.com.mx\/wp-content\/uploads\/2023\/09\/230901-Evelyn-Salgado-p-1-1024x768.jpg?ssl=1&w=100&resize=100&ssl=1 100w, https:\/\/i0.wp.com\/interaccionnoticias.com.mx\/wp-content\/uploads\/2023\/09\/230901-Evelyn-Salgado-p-1-1024x768.jpg?ssl=1&w=150&resize=150&ssl=1 150w, https:\/\/i0.wp.com\/interaccionnoticias.com.mx\/wp-content\/uploads\/2023\/09\/230901-Evelyn-Salgado-p-1-1024x768.jpg?ssl=1&w=240&resize=240&ssl=1 240w, https:\/\/i0.wp.com\/interaccionnoticias.com.mx\/wp-content\/uploads\/2023\/09\/230901-Evelyn-Salgado-p-1-1024x768.jpg?ssl=1&w=320&resize=320&ssl=1 320w, https:\/\/i0.wp.com\/interaccionnoticias.com.mx\/wp-content\/uploads\/2023\/09\/230901-Evelyn-Salgado-p-1-1024x768.jpg?ssl=1&w=500&resize=500&ssl=1 500w, https:\/\/i0.wp.com\/interaccionnoticias.com.mx\/wp-content\/uploads\/2023\/09\/230901-Evelyn-Salgado-p-1-1024x768.jpg?ssl=1&w=640&resize=640&ssl=1 640w, https:\/\/i0.wp.com\/interaccionnoticias.com.mx\/wp-content\/uploads\/2023\/09\/230901-Evelyn-Salgado-p-1-1024x768.jpg?ssl=1&w=800&resize=800&ssl=1 800w, https:\/\/i0.wp.com\/interaccionnoticias.com.mx\/wp-content\/uploads\/2023\/09\/230901-Evelyn-Salgado-p-1-1024x768.jpg?ssl=1&w=1024&resize=1024&ssl=1 1024w, https:\/\/i0.wp.com\/interaccionnoticias.com.mx\/wp-content\/uploads\/2023\/09\/230901-Evelyn-Salgado-p-1-1024x768.jpg?ssl=1&w=1280&resize=1280&ssl=1 1280w, https:\/\/i0.wp.com\/interaccionnoticias.com.mx\/wp-content\/uploads\/2023\/09\/230901-Evelyn-Salgado-p-1-1024x768.jpg?ssl=1&w=1600&resize=1600&ssl=1 1600w\" alt=\"\" class=\"wp-block-jetpack-slideshow_image wp-image-67399\" data-id=\"67399\" fifu-data-src=\"https:\/\/i0.wp.com\/interaccionnoticias.com.mx\/wp-content\/uploads\/2023\/09\/230901-Evelyn-Salgado-p-1-1024x768.jpg?ssl=1\"\/><\/figure><\/li><li class=\"wp-block-jetpack-slideshow_slide swiper-slide\"><figure><img decoding=\"async\" src=\"data:image\/gif;base64,R0lGODlhAQABAIAAAAAAAP\/\/\/ywAAAAAAQABAAACAUwAOw==\" fifu-lazy=\"1\" fifu-data-sizes=\"auto\" fifu-data-srcset=\"https:\/\/i3.wp.com\/interaccionnoticias.com.mx\/wp-content\/uploads\/2023\/09\/230901-Evelyn-Salgado-p-2-1024x768.jpg?ssl=1&w=75&resize=75&ssl=1 75w, https:\/\/i3.wp.com\/interaccionnoticias.com.mx\/wp-content\/uploads\/2023\/09\/230901-Evelyn-Salgado-p-2-1024x768.jpg?ssl=1&w=100&resize=100&ssl=1 100w, https:\/\/i3.wp.com\/interaccionnoticias.com.mx\/wp-content\/uploads\/2023\/09\/230901-Evelyn-Salgado-p-2-1024x768.jpg?ssl=1&w=150&resize=150&ssl=1 150w, https:\/\/i3.wp.com\/interaccionnoticias.com.mx\/wp-content\/uploads\/2023\/09\/230901-Evelyn-Salgado-p-2-1024x768.jpg?ssl=1&w=240&resize=240&ssl=1 240w, https:\/\/i3.wp.com\/interaccionnoticias.com.mx\/wp-content\/uploads\/2023\/09\/230901-Evelyn-Salgado-p-2-1024x768.jpg?ssl=1&w=320&resize=320&ssl=1 320w, https:\/\/i3.wp.com\/interaccionnoticias.com.mx\/wp-content\/uploads\/2023\/09\/230901-Evelyn-Salgado-p-2-1024x768.jpg?ssl=1&w=500&resize=500&ssl=1 500w, https:\/\/i3.wp.com\/interaccionnoticias.com.mx\/wp-content\/uploads\/2023\/09\/230901-Evelyn-Salgado-p-2-1024x768.jpg?ssl=1&w=640&resize=640&ssl=1 640w, https:\/\/i3.wp.com\/interaccionnoticias.com.mx\/wp-content\/uploads\/2023\/09\/230901-Evelyn-Salgado-p-2-1024x768.jpg?ssl=1&w=800&resize=800&ssl=1 800w, https:\/\/i3.wp.com\/interaccionnoticias.com.mx\/wp-content\/uploads\/2023\/09\/230901-Evelyn-Salgado-p-2-1024x768.jpg?ssl=1&w=1024&resize=1024&ssl=1 1024w, https:\/\/i3.wp.com\/interaccionnoticias.com.mx\/wp-content\/uploads\/2023\/09\/230901-Evelyn-Salgado-p-2-1024x768.jpg?ssl=1&w=1280&resize=1280&ssl=1 1280w, https:\/\/i3.wp.com\/interaccionnoticias.com.mx\/wp-content\/uploads\/2023\/09\/230901-Evelyn-Salgado-p-2-1024x768.jpg?ssl=1&w=1600&resize=1600&ssl=1 1600w\" alt=\"\" class=\"wp-block-jetpack-slideshow_image wp-image-67400\" data-id=\"67400\" fifu-data-src=\"https:\/\/i3.wp.com\/interaccionnoticias.com.mx\/wp-content\/uploads\/2023\/09\/230901-Evelyn-Salgado-p-2-1024x768.jpg?ssl=1\"\/><\/figure><\/li><\/ul><a class=\"wp-block-jetpack-slideshow_button-prev swiper-button-prev swiper-button-white\" role=\"button\"><\/a><a class=\"wp-block-jetpack-slideshow_button-next swiper-button-next swiper-button-white\" role=\"button\"><\/a><a aria-label=\"Pause Slideshow\" class=\"wp-block-jetpack-slideshow_button-pause\" role=\"button\"><\/a><div class=\"wp-block-jetpack-slideshow_pagination swiper-pagination swiper-pagination-white\"><\/div><\/div><\/div>\n","protected":false},"excerpt":{"rendered":"<p>&#8212; Celebra gobernadora de Guerrero grandes avances de la transformaci\u00f3n en M\u00e9xico&#8211;Desde Campeche destaca disminuci\u00f3n de pobreza de 7.5 por ciento y pensi\u00f3n universal en Guerrero Campeche, Camp. 1 de&hellip; <\/p>\n","protected":false},"author":19,"featured_media":67399,"comment_status":"open","ping_status":"open","sticky":false,"template":"","format":"standard","meta":{"fifu_image_url":"","fifu_image_alt":"","footnotes":""},"categories":[11],"tags":[],"class_list":["post-67398","post","type-post","status-publish","format-standard","has-post-thumbnail","hentry","category-guerrero"],"_links":{"self":[{"href":"https:\/\/www.interaccionnoticias.com.mx\/index.php?rest_route=\/wp\/v2\/posts\/67398","targetHints":{"allow":["GET"]}}],"collection":[{"href":"https:\/\/www.interaccionnoticias.com.mx\/index.php?rest_route=\/wp\/v2\/posts"}],"about":[{"href":"https:\/\/www.interaccionnoticias.com.mx\/index.php?rest_route=\/wp\/v2\/types\/post"}],"author":[{"embeddable":true,"href":"https:\/\/www.interaccionnoticias.com.mx\/index.php?rest_route=\/wp\/v2\/users\/19"}],"replies":[{"embeddable":true,"href":"https:\/\/www.interaccionnoticias.com.mx\/index.php?rest_route=%2Fwp%2Fv2%2Fcomments&post=67398"}],"version-history":[{"count":1,"href":"https:\/\/www.interaccionnoticias.com.mx\/index.php?rest_route=\/wp\/v2\/posts\/67398\/revisions"}],"predecessor-version":[{"id":67401,"href":"https:\/\/www.interaccionnoticias.com.mx\/index.php?rest_route=\/wp\/v2\/posts\/67398\/revisions\/67401"}],"wp:featuredmedia":[{"embeddable":true,"href":"https:\/\/www.interaccionnoticias.com.mx\/index.php?rest_route=\/wp\/v2\/media\/67399"}],"wp:attachment":[{"href":"https:\/\/www.interaccionnoticias.com.mx\/index.php?rest_route=%2Fwp%2Fv2%2Fmedia&parent=67398"}],"wp:term":[{"taxonomy":"category","embeddable":true,"href":"https:\/\/www.interaccionnoticias.com.mx\/index.php?rest_route=%2Fwp%2Fv2%2Fcategories&post=67398"},{"taxonomy":"post_tag","embeddable":true,"href":"https:\/\/www.interaccionnoticias.com.mx\/index.php?rest_route=%2Fwp%2Fv2%2Ftags&post=67398"}],"curies":[{"name":"wp","href":"https:\/\/api.w.org\/{rel}","templated":true}]}}