{"id":6729,"date":"2017-07-25T19:38:04","date_gmt":"2017-07-26T00:38:04","guid":{"rendered":"http:\/\/www.inter-accion.com.mx\/?p=6729"},"modified":"2017-07-25T19:38:04","modified_gmt":"2017-07-26T00:38:04","slug":"reprocha-el-congreso-de-guerrero-doble-discurso-de-la-minera-media-luna","status":"publish","type":"post","link":"https:\/\/www.interaccionnoticias.com.mx\/?p=6729","title":{"rendered":"Reprocha el Congreso de Guerrero doble discurso de la Minera Media luna"},"content":{"rendered":"<p>El presidente de la Comisi\u00f3n de Desarrollo Econ\u00f3mico del Congreso local, Silvano Blanco Dequino reproch\u00f3 el doble discurso de la Minera Media Luna en Guerrero; ya que se asume como humanista y comprometida con el desarrollo de los pueblos en que opera, pero en los hechos recurre a los tribunales para evitar el pago del impuesto minero de reciente creaci\u00f3n.<br \/>\nBlanco de Aquino expuso que cuando se dialoga con los ejecutivos de Media Luna, estos asumen un discurso humanista, en el se comprometen&nbsp;&nbsp;detonar desarrollo y crecimiento en los pueblos en que se instalan.<br \/>\nSin embargo, refiri\u00f3 que en los hechos el discurso choca con las acciones de la compa\u00f1\u00eda, entre otras cosas porque hay acciones como el hecho de que desde junio pasado promovi\u00f3 un juicio amparo en contra de la Ley Federal de Derechos, que contempla el pago de un impuesto especial, que es del 7.5 porciento de las ganancias que las mineras generan cada a\u00f1o.<br \/>\nLa Ley Federal de Derechos se aprob\u00f3 en enero de 2014, a m\u00e1s de dos a\u00f1os de su aprobaci\u00f3n, Media Luna promovi\u00f3 un amparo ante el Poder Judicial de la Federaci\u00f3n.<br \/>\nAnte dicha argucia legal, record\u00f3 que cuando se aprueba una figura como la del Fondo Minero, son muy pocas las posibilidades de que los amparos proceden, puesto que se reclama un decreto emitido por la Presidencia de la Rep\u00fablica, el cual antes fue aprobado por la C\u00e1mara de Diputados federales y el Senado.<br \/>\n\u201cLa l\u00f3gica nos indica que si ninguno de los amparos promovidos contra legislaci\u00f3n similar no han procedido, pues lo m\u00e1s probable es que este tampoco tenga \u00e9xito\u201d, refiri\u00f3 el representante popular.<br \/>\nDel juicio presentado por la compa\u00f1\u00eda, dijo que ser\u00e1 notificada la Presidencia, la C\u00e1mara de Diputados y el Senado como autoridades responsables del acto reclamado, en tanto como terceros afectados tambi\u00e9n se notificar\u00e1 a los municipios que reciben recursos del FM, adem\u00e1s del gobierno estatal.<br \/>\nAsegur\u00f3 que si en el Poder Judicial hay un razonamiento responsable, el recurso legal de Media Luna no prosperar\u00e1, pero insisti\u00f3 en que lo cuestionable es la actitud de la empresa.<br \/>\n\u201cNo es tanto que si jur\u00eddicamente pueda o no proceder, sino que queda al descubierto un doble discurso. Porque al final de cuentas no hay un compromiso real con el estado\u201d, asever\u00f3.<br \/>\nRecord\u00f3 que durante muchos a\u00f1os, las empresas pagaron muy pocos impuestos y siempre operaron con mucha ventaja en Guerrero, pues entre lo poco que se aportaba era el 2 porciento del monto que representaba la n\u00f3mina, pero en algunos casos peleaban la excepci\u00f3n.<br \/>\nDijo que en el caso de Media Luna no paga el 2 porciento sobre la n\u00f3mina, ya que en aras de mantener la inversi\u00f3n, el gobierno de Guerrero les exent\u00f3 dicho pago.<br \/>\nInsisti\u00f3 en que las compa\u00f1\u00edas extranjeras deben ser m\u00e1s solidarias con Guerrero, pero el que busquen el amparo de la justicia para no cumplir solo demuestra que no est\u00e1n en el \u00e1nimo de apoyar a los pueblos donde se instalan.<\/p>\n","protected":false},"excerpt":{"rendered":"<p>El presidente de la Comisi\u00f3n de Desarrollo Econ\u00f3mico del Congreso local, Silvano Blanco Dequino reproch\u00f3 el doble discurso de la Minera Media Luna en Guerrero; ya que se asume como&hellip; <\/p>\n","protected":false},"author":1,"featured_media":0,"comment_status":"closed","ping_status":"closed","sticky":false,"template":"","format":"standard","meta":{"fifu_image_url":"","fifu_image_alt":"","footnotes":""},"categories":[2,8],"tags":[],"class_list":["post-6729","post","type-post","status-publish","format-standard","hentry","category-congreso","category-featured"],"_links":{"self":[{"href":"https:\/\/www.interaccionnoticias.com.mx\/index.php?rest_route=\/wp\/v2\/posts\/6729","targetHints":{"allow":["GET"]}}],"collection":[{"href":"https:\/\/www.interaccionnoticias.com.mx\/index.php?rest_route=\/wp\/v2\/posts"}],"about":[{"href":"https:\/\/www.interaccionnoticias.com.mx\/index.php?rest_route=\/wp\/v2\/types\/post"}],"author":[{"embeddable":true,"href":"https:\/\/www.interaccionnoticias.com.mx\/index.php?rest_route=\/wp\/v2\/users\/1"}],"replies":[{"embeddable":true,"href":"https:\/\/www.interaccionnoticias.com.mx\/index.php?rest_route=%2Fwp%2Fv2%2Fcomments&post=6729"}],"version-history":[{"count":0,"href":"https:\/\/www.interaccionnoticias.com.mx\/index.php?rest_route=\/wp\/v2\/posts\/6729\/revisions"}],"wp:attachment":[{"href":"https:\/\/www.interaccionnoticias.com.mx\/index.php?rest_route=%2Fwp%2Fv2%2Fmedia&parent=6729"}],"wp:term":[{"taxonomy":"category","embeddable":true,"href":"https:\/\/www.interaccionnoticias.com.mx\/index.php?rest_route=%2Fwp%2Fv2%2Fcategories&post=6729"},{"taxonomy":"post_tag","embeddable":true,"href":"https:\/\/www.interaccionnoticias.com.mx\/index.php?rest_route=%2Fwp%2Fv2%2Ftags&post=6729"}],"curies":[{"name":"wp","href":"https:\/\/api.w.org\/{rel}","templated":true}]}}