{"id":6720,"date":"2017-07-25T11:59:53","date_gmt":"2017-07-25T16:59:53","guid":{"rendered":"http:\/\/www.inter-accion.com.mx\/?p=6720"},"modified":"2017-07-25T11:59:53","modified_gmt":"2017-07-25T16:59:53","slug":"matan-a-cinco-policias-en-asalto-a-camioneta-de-prospera","status":"publish","type":"post","link":"https:\/\/www.interaccionnoticias.com.mx\/?p=6720","title":{"rendered":"Matan a cinco polic\u00edas en asalto a camioneta  de PROSPERA"},"content":{"rendered":"<p>Hay dos empleados de la SEDESOL desaparecidos<br \/>\nUn asalto a personal de PROSPERA dej\u00f3 el saldo de cinco polic\u00edas preventivos muertos y dos empleados de la Secretar\u00eda de Desarrollo Social (SEDESOL) desaparecidos, hasta el monto se desconoce el monto de lo robado.<br \/>\nDe acuerdo con reportes polic\u00edacos, el atraco se registr\u00f3 la ma\u00f1ana de este martes 25 de julio, cuando hombres armados interceptaron la camioneta oficial en el camino que comunica a la cabecera municipal de Ahuocotzingo con la comunidad de Rinc\u00f3n de Cosoapan, en el l\u00edmite con Olinal\u00e1.<br \/>\nEl primer saldo reporta cinco elementos de la Polic\u00eda Preventiva Municipal abatidos, en tanto que dos empleados no estaban localizados.<br \/>\nEn las pr\u00f3ximas horas, el vocero oficial del Grupo de Coordinaci\u00f3n Guerrero (GCG), Roberto Alvarez Heredia dar\u00e1 a conocer la versi\u00f3n sobre el hecho.&nbsp;&nbsp;&nbsp;&nbsp;&nbsp;&nbsp;<br \/>\n&nbsp;<\/p>\n","protected":false},"excerpt":{"rendered":"<p>Hay dos empleados de la SEDESOL desaparecidos Un asalto a personal de PROSPERA dej\u00f3 el saldo de cinco polic\u00edas preventivos muertos y dos empleados de la Secretar\u00eda de Desarrollo Social&hellip; <\/p>\n","protected":false},"author":1,"featured_media":0,"comment_status":"closed","ping_status":"closed","sticky":false,"template":"","format":"standard","meta":{"fifu_image_url":"","fifu_image_alt":"","footnotes":""},"categories":[8,27],"tags":[],"class_list":["post-6720","post","type-post","status-publish","format-standard","hentry","category-featured","category-seguridad-publica"],"_links":{"self":[{"href":"https:\/\/www.interaccionnoticias.com.mx\/index.php?rest_route=\/wp\/v2\/posts\/6720","targetHints":{"allow":["GET"]}}],"collection":[{"href":"https:\/\/www.interaccionnoticias.com.mx\/index.php?rest_route=\/wp\/v2\/posts"}],"about":[{"href":"https:\/\/www.interaccionnoticias.com.mx\/index.php?rest_route=\/wp\/v2\/types\/post"}],"author":[{"embeddable":true,"href":"https:\/\/www.interaccionnoticias.com.mx\/index.php?rest_route=\/wp\/v2\/users\/1"}],"replies":[{"embeddable":true,"href":"https:\/\/www.interaccionnoticias.com.mx\/index.php?rest_route=%2Fwp%2Fv2%2Fcomments&post=6720"}],"version-history":[{"count":0,"href":"https:\/\/www.interaccionnoticias.com.mx\/index.php?rest_route=\/wp\/v2\/posts\/6720\/revisions"}],"wp:attachment":[{"href":"https:\/\/www.interaccionnoticias.com.mx\/index.php?rest_route=%2Fwp%2Fv2%2Fmedia&parent=6720"}],"wp:term":[{"taxonomy":"category","embeddable":true,"href":"https:\/\/www.interaccionnoticias.com.mx\/index.php?rest_route=%2Fwp%2Fv2%2Fcategories&post=6720"},{"taxonomy":"post_tag","embeddable":true,"href":"https:\/\/www.interaccionnoticias.com.mx\/index.php?rest_route=%2Fwp%2Fv2%2Ftags&post=6720"}],"curies":[{"name":"wp","href":"https:\/\/api.w.org\/{rel}","templated":true}]}}