{"id":672,"date":"2017-01-12T17:42:16","date_gmt":"2017-01-12T23:42:16","guid":{"rendered":"http:\/\/www.inter-accion.com.mx\/?p=672"},"modified":"2017-01-12T17:42:16","modified_gmt":"2017-01-12T23:42:16","slug":"congreso-de-guerrero-guarda-minuto-de-silencio-en-memoria-de-angel-aguirre-herrera","status":"publish","type":"post","link":"https:\/\/www.interaccionnoticias.com.mx\/?p=672","title":{"rendered":"Congreso de Guerrero guarda minuto de silencio en memoria de Angel Aguirre Herrera"},"content":{"rendered":"<p>La jornada del jueves, el Pleno del Congreso local guard\u00f3 un minuto de silencia en memoria de Angel Aguirre Herrera, hijo del ex gobernador Angel Aguirre Rivero, quien muri\u00f3 la madrugada del jueves en la Ciudad de M\u00e9xico.<br \/>\nEn medio de un debate generado por el tema del gasolina, el diputado local del PRI, H\u00e9ctor Vicario Castrej\u00f3n solicit\u00f3 a la presidenta de la Mesa Directiva, Magdalena Camacho D\u00edaz la declaratoria de un minuto de silencio en memoria del tambi\u00e9n representante popular.<br \/>\nVicario Castrej\u00f3n record\u00f3 que Aguirre Herrera fue parte del Congreso de Guerrero en la 60 Legislatura local, que form\u00f3 parte de la fracci\u00f3n parlamentaria del PRD y presidio la Comisi\u00f3n de Asuntos Pol\u00edticos.<br \/>\nLa presidenta recibi\u00f3 la petici\u00f3n en positivo, decret\u00f3 el minuto de silencio y acto seguido, los diputados locales se pusieron de pie y evocaron la memoria del hijo del ex titular del Ejecutivo local.<\/p>\n","protected":false},"excerpt":{"rendered":"<p>La jornada del jueves, el Pleno del Congreso local guard\u00f3 un minuto de silencia en memoria de Angel Aguirre Herrera, hijo del ex gobernador Angel Aguirre Rivero, quien muri\u00f3 la&hellip; <\/p>\n","protected":false},"author":1,"featured_media":0,"comment_status":"open","ping_status":"open","sticky":false,"template":"","format":"standard","meta":{"fifu_image_url":"","fifu_image_alt":"","footnotes":""},"categories":[2],"tags":[],"class_list":["post-672","post","type-post","status-publish","format-standard","hentry","category-congreso"],"_links":{"self":[{"href":"https:\/\/www.interaccionnoticias.com.mx\/index.php?rest_route=\/wp\/v2\/posts\/672","targetHints":{"allow":["GET"]}}],"collection":[{"href":"https:\/\/www.interaccionnoticias.com.mx\/index.php?rest_route=\/wp\/v2\/posts"}],"about":[{"href":"https:\/\/www.interaccionnoticias.com.mx\/index.php?rest_route=\/wp\/v2\/types\/post"}],"author":[{"embeddable":true,"href":"https:\/\/www.interaccionnoticias.com.mx\/index.php?rest_route=\/wp\/v2\/users\/1"}],"replies":[{"embeddable":true,"href":"https:\/\/www.interaccionnoticias.com.mx\/index.php?rest_route=%2Fwp%2Fv2%2Fcomments&post=672"}],"version-history":[{"count":0,"href":"https:\/\/www.interaccionnoticias.com.mx\/index.php?rest_route=\/wp\/v2\/posts\/672\/revisions"}],"wp:attachment":[{"href":"https:\/\/www.interaccionnoticias.com.mx\/index.php?rest_route=%2Fwp%2Fv2%2Fmedia&parent=672"}],"wp:term":[{"taxonomy":"category","embeddable":true,"href":"https:\/\/www.interaccionnoticias.com.mx\/index.php?rest_route=%2Fwp%2Fv2%2Fcategories&post=672"},{"taxonomy":"post_tag","embeddable":true,"href":"https:\/\/www.interaccionnoticias.com.mx\/index.php?rest_route=%2Fwp%2Fv2%2Ftags&post=672"}],"curies":[{"name":"wp","href":"https:\/\/api.w.org\/{rel}","templated":true}]}}