{"id":6717,"date":"2017-07-24T20:27:40","date_gmt":"2017-07-25T01:27:40","guid":{"rendered":"http:\/\/www.inter-accion.com.mx\/?p=6717"},"modified":"2017-07-24T20:27:40","modified_gmt":"2017-07-25T01:27:40","slug":"niega-astudillo-alentar-conflictos-con-proyectos-mineros","status":"publish","type":"post","link":"https:\/\/www.interaccionnoticias.com.mx\/?p=6717","title":{"rendered":"Niega Astudillo alentar conflictos con proyectos mineros"},"content":{"rendered":"<p>El gobernador H\u00e9ctor Astudillo Flores ratific\u00f3 su disposici\u00f3n de impulsar la industria minera en la entidad, aunque aclar\u00f3 que los proyectos&nbsp; se promover\u00e1n solamente en las zonas en que sean viables y no generen conflictos sociales.<br \/>\nEn las instalaciones del Palacio de Gobierno, el jefe del Ejecutivo local habl\u00f3 sobre la disposici\u00f3n que el gobierno de Guerrero ha mostrado para respaldar a las compa\u00f1ias extranjeras que se dedican a la extracci\u00f3n de minerales en Guerrero, principalmente de oro.<br \/>\nIndic\u00f3 que la mayor\u00eda de las empresas que operan en la entidad son de nacionalidad canadiense, las que han mostrado inter\u00e9s por impulsar proyectos de largo alcance en la entidad.<br \/>\n\u00abEl gobierno ha respaldado todas las iniciativas de empresas canadienses principalmente y mexicanas donde las hay, solo en donde es viable hacerlo. en donde no es viable no se hace\u00bb, destac\u00f3 Astudillo Flores.<br \/>\nIndic\u00f3 que no hay en su administraci\u00f3n una actitud improdente, de imposicion que pueda generar un conflicto de tipo social.<br \/>\nManifest\u00f3 que todo lo que tiene relaci\u00f3n con proyectos que detonen desarrollo econ\u00f3mico se realiza dentro del marco legal.<br \/>\nA pregunta expresa, dijo que la actividad minera se desarrolla con normalidad en la entidad, tan es as\u00ed, que el complejo de Los Filos se vendi\u00f3 al top m\u00e1s alto.<br \/>\nAnte la versi\u00f3n de que Media Luna y Lea Gold promueven amparos ante el Poder Judicial de la Federaci\u00f3n para evitar el pago del Fondo Minero, Astudillo Flores refiri\u00f3 que no cuenta con informaci\u00f3n de ese tipo.<br \/>\n\u00abLo que sabemos nosotros, es que este a\u00f1o el Fondo Minero se incrementar\u00e1\u00bb, anot\u00f3 el mandatario estatal.<\/p>\n","protected":false},"excerpt":{"rendered":"<p>El gobernador H\u00e9ctor Astudillo Flores ratific\u00f3 su disposici\u00f3n de impulsar la industria minera en la entidad, aunque aclar\u00f3 que los proyectos&nbsp; se promover\u00e1n solamente en las zonas en que sean&hellip; <\/p>\n","protected":false},"author":1,"featured_media":0,"comment_status":"closed","ping_status":"closed","sticky":false,"template":"","format":"standard","meta":{"fifu_image_url":"","fifu_image_alt":"","footnotes":""},"categories":[8,11],"tags":[],"class_list":["post-6717","post","type-post","status-publish","format-standard","hentry","category-featured","category-guerrero"],"_links":{"self":[{"href":"https:\/\/www.interaccionnoticias.com.mx\/index.php?rest_route=\/wp\/v2\/posts\/6717","targetHints":{"allow":["GET"]}}],"collection":[{"href":"https:\/\/www.interaccionnoticias.com.mx\/index.php?rest_route=\/wp\/v2\/posts"}],"about":[{"href":"https:\/\/www.interaccionnoticias.com.mx\/index.php?rest_route=\/wp\/v2\/types\/post"}],"author":[{"embeddable":true,"href":"https:\/\/www.interaccionnoticias.com.mx\/index.php?rest_route=\/wp\/v2\/users\/1"}],"replies":[{"embeddable":true,"href":"https:\/\/www.interaccionnoticias.com.mx\/index.php?rest_route=%2Fwp%2Fv2%2Fcomments&post=6717"}],"version-history":[{"count":0,"href":"https:\/\/www.interaccionnoticias.com.mx\/index.php?rest_route=\/wp\/v2\/posts\/6717\/revisions"}],"wp:attachment":[{"href":"https:\/\/www.interaccionnoticias.com.mx\/index.php?rest_route=%2Fwp%2Fv2%2Fmedia&parent=6717"}],"wp:term":[{"taxonomy":"category","embeddable":true,"href":"https:\/\/www.interaccionnoticias.com.mx\/index.php?rest_route=%2Fwp%2Fv2%2Fcategories&post=6717"},{"taxonomy":"post_tag","embeddable":true,"href":"https:\/\/www.interaccionnoticias.com.mx\/index.php?rest_route=%2Fwp%2Fv2%2Ftags&post=6717"}],"curies":[{"name":"wp","href":"https:\/\/api.w.org\/{rel}","templated":true}]}}