{"id":6710,"date":"2017-07-24T18:35:57","date_gmt":"2017-07-24T23:35:57","guid":{"rendered":"http:\/\/www.inter-accion.com.mx\/?p=6710"},"modified":"2017-07-24T18:35:57","modified_gmt":"2017-07-24T23:35:57","slug":"se-les-aplicara-la-ley-dice-el-gobernador-a-las-autodefensas","status":"publish","type":"post","link":"https:\/\/www.interaccionnoticias.com.mx\/?p=6710","title":{"rendered":"Se les aplicar\u00e1 la ley, dice el gobernador a las autodefensas"},"content":{"rendered":"<p><strong>Si insisten en utilizar armas de uso exclusivo del Ej\u00e9rcito<\/strong><br \/>\n\u201cSe les aplicar\u00e1 la ley\u201d, advirti\u00f3 el gobernador H\u00e9ctor Astudillo Flores a los integrantes de las autodefensas que se aferren al uso de armas de alto poder.<br \/>\nLa jornada del domingo 23 de julio, en playa Las Tortugas, del municipio de Marquelia, la dirigencia de la Uni\u00f3n de Pueblos y Organizaciones del Estado de Guerrero (UPOEG) se reuni\u00f3 para tomar acuerdos en torno a&nbsp;&nbsp;temas importantes, entre ellos lo relacionado con el asesinato de seis personas en la comunidad de Cacahuatepec, en la zona rural de Acapulco.<br \/>\nLa asamblea regional acord\u00f3 no entregar a los supuestos integrantes de la autodefensa de la UPOEG que son relacionados con los asesinatos de Cacahuatepec, as\u00ed como tampoco permitir su desarme.<br \/>\nDurante la asamblea del domingo 23 de julio, la UPOEG acord\u00f3 la integraci\u00f3n de un Consejo Estatal de Autoridades, \u00f3rgano de control interno que se dar\u00e1 a la tarea de impedir la infiltraci\u00f3n del Sistema de Seguridad y Justicia&nbsp;&nbsp;Ciudadano (SSJC) por parte de la delincuencia.<br \/>\nEste lunes, el jefe del poder Ejecutivo local habl\u00f3 sobre el tema y se refiri\u00f3 hacia los integrantes de la UPOEG: \u201cMientras usen armas de uso exclusivo para el Ej\u00e9rcito y est\u00e9n fuera de los territorios ind\u00edgenas, est\u00e1n fuera de la ley\u201d.<br \/>\nNeg\u00f3 que la Ley 701, en materia de derechos y cultura ind\u00edgena tenga una finalidad expresa de desacreditar la operaci\u00f3n de la UPOEG, como lo han se\u00f1alado algunos l\u00edderes sociales que simpatizan con la Coordinadora Regional de Autoridades Comunitarias (CRAC).<br \/>\nAstudillo Flores record\u00f3 que las leyes son generales, se redactan sin tener una dedicatoria espec\u00edfica, lo que deben tener en cuenta todos los que opinan respecto a la existencia de polic\u00edas comunitarias y grupos de autodefensa.<br \/>\n\u201cLas leyes no pueden contemplar cuestiones de grupos y organizaciones; las leyes son generales y esa es una caracter\u00edstica que se da aqu\u00ed y en todo el mundo\u201d, destac\u00f3.<br \/>\n&nbsp;&nbsp;&nbsp;&nbsp;&nbsp;<\/p>\n","protected":false},"excerpt":{"rendered":"<p>Si insisten en utilizar armas de uso exclusivo del Ej\u00e9rcito \u201cSe les aplicar\u00e1 la ley\u201d, advirti\u00f3 el gobernador H\u00e9ctor Astudillo Flores a los integrantes de las autodefensas que se aferren&hellip; <\/p>\n","protected":false},"author":1,"featured_media":0,"comment_status":"closed","ping_status":"closed","sticky":false,"template":"","format":"standard","meta":{"fifu_image_url":"","fifu_image_alt":"","footnotes":""},"categories":[8,27],"tags":[],"class_list":["post-6710","post","type-post","status-publish","format-standard","hentry","category-featured","category-seguridad-publica"],"_links":{"self":[{"href":"https:\/\/www.interaccionnoticias.com.mx\/index.php?rest_route=\/wp\/v2\/posts\/6710","targetHints":{"allow":["GET"]}}],"collection":[{"href":"https:\/\/www.interaccionnoticias.com.mx\/index.php?rest_route=\/wp\/v2\/posts"}],"about":[{"href":"https:\/\/www.interaccionnoticias.com.mx\/index.php?rest_route=\/wp\/v2\/types\/post"}],"author":[{"embeddable":true,"href":"https:\/\/www.interaccionnoticias.com.mx\/index.php?rest_route=\/wp\/v2\/users\/1"}],"replies":[{"embeddable":true,"href":"https:\/\/www.interaccionnoticias.com.mx\/index.php?rest_route=%2Fwp%2Fv2%2Fcomments&post=6710"}],"version-history":[{"count":0,"href":"https:\/\/www.interaccionnoticias.com.mx\/index.php?rest_route=\/wp\/v2\/posts\/6710\/revisions"}],"wp:attachment":[{"href":"https:\/\/www.interaccionnoticias.com.mx\/index.php?rest_route=%2Fwp%2Fv2%2Fmedia&parent=6710"}],"wp:term":[{"taxonomy":"category","embeddable":true,"href":"https:\/\/www.interaccionnoticias.com.mx\/index.php?rest_route=%2Fwp%2Fv2%2Fcategories&post=6710"},{"taxonomy":"post_tag","embeddable":true,"href":"https:\/\/www.interaccionnoticias.com.mx\/index.php?rest_route=%2Fwp%2Fv2%2Ftags&post=6710"}],"curies":[{"name":"wp","href":"https:\/\/api.w.org\/{rel}","templated":true}]}}