{"id":66961,"date":"2023-08-24T21:36:07","date_gmt":"2023-08-25T02:36:07","guid":{"rendered":"https:\/\/interaccionnoticias.com.mx\/?p=66961"},"modified":"2023-08-24T21:36:09","modified_gmt":"2023-08-25T02:36:09","slug":"sgirpcgro-emite-alertamiento-preventivo-urgente-por-cercania-de-zona-de-baja-presion-con-potencial-ciclonico","status":"publish","type":"post","link":"https:\/\/www.interaccionnoticias.com.mx\/?p=66961","title":{"rendered":"SGIRPCGRO EMITE ALERTAMIENTO PREVENTIVO URGENTE POR CERCAN\u00cdA DE ZONA DE BAJA PRESI\u00d3N CON POTENCIAL CICL\u00d3NICO"},"content":{"rendered":"\n<p><strong><em>&#8212; El posible cicl\u00f3n tropical podr\u00eda impactar entre las costas de Guerrero y Michoac\u00e1n, incrementando el potencial de lluvias muy fuertes a partir del viernes<\/em><\/strong><\/p>\n\n\n\n<p><strong>Chilpancingo, Gro., 24 de agosto de 2023.-<\/strong> La Secretar\u00eda de Gesti\u00f3n Integral de Riesgos y Protecci\u00f3n Civil emiti\u00f3 un alertamiento preventivo, ante el pron\u00f3stico de lluvias muy fuertes a puntuales intensas para los d\u00edas viernes, s\u00e1bado y domingo, debido a la cercan\u00eda de una Zona de Baja Presi\u00f3n con potencial cicl\u00f3nico, que se ubica al sur de las costas de Guerrero y Oaxaca.<\/p>\n\n\n\n<p>De acuerdo con el pron\u00f3stico del Servicio Meteorol\u00f3gico Nacional, se prev\u00e9 que dicho sistema se intensifique gradualmente en las pr\u00f3ximas horas, con la posibilidad de impactar entre los estados de Guerrero y Michoac\u00e1n en el transcurso del d\u00eda domingo.<\/p>\n\n\n\n<p>Se espera que su amplia circulaci\u00f3n nubosa, incremente el potencial de lluvias muy fuertes a puntuales intensas a partir de los d\u00edas viernes y s\u00e1bado, con acumulados de 75 a 150 mil\u00edmetros por metro cuadrado, as\u00ed como la presencia de vientos fuertes y oleaje elevado en las costas de los estados del Pac\u00edfico Sur y Pac\u00edfico Central Mexicano.<\/p>\n\n\n\n<p>Para el d\u00eda domingo se pronostican lluvias intensas a puntuales torrenciales, con acumulados de 150 a 250 mil\u00edmetros por metro cuadrado, as\u00ed como vientos fuertes con rachas de 60 a 80 kil\u00f3metros por hora y oleaje de 2 a 4 metros de altura en las costas de Guerrero, Michoac\u00e1n, Colima y Jalisco.<\/p>\n\n\n\n<p>Cabe se\u00f1alar que las lluvias pronosticadas podr\u00e1n estar acompa\u00f1adas de descargas el\u00e9ctricas y rachas de viento, incrementando el riesgo de derrumbes y deslaves, as\u00ed como inundaciones por desbordamientos de r\u00edos, arroyos y lagunas.<\/p>\n\n\n\n<p>Por lo anterior, la dependencia estatal emiti\u00f3 un aviso preventivo urgente, dirigido a las autoridades municipales e integrantes del Consejo Estatal de Protecci\u00f3n Civil, a fin de que se activen los protocolos preventivos necesarios para salvaguardar el patrimonio y la integridad de la poblaci\u00f3n, sobre todo de la ubicada en zonas de riesgo.<\/p>\n\n\n\n<p><\/p>\n","protected":false},"excerpt":{"rendered":"<p>&#8212; El posible cicl\u00f3n tropical podr\u00eda impactar entre las costas de Guerrero y Michoac\u00e1n, incrementando el potencial de lluvias muy fuertes a partir del viernes Chilpancingo, Gro., 24 de agosto&hellip; <\/p>\n","protected":false},"author":19,"featured_media":66962,"comment_status":"open","ping_status":"open","sticky":false,"template":"","format":"standard","meta":{"fifu_image_url":"","fifu_image_alt":"","footnotes":""},"categories":[9],"tags":[],"class_list":["post-66961","post","type-post","status-publish","format-standard","has-post-thumbnail","hentry","category-fenomenos-naturales"],"_links":{"self":[{"href":"https:\/\/www.interaccionnoticias.com.mx\/index.php?rest_route=\/wp\/v2\/posts\/66961","targetHints":{"allow":["GET"]}}],"collection":[{"href":"https:\/\/www.interaccionnoticias.com.mx\/index.php?rest_route=\/wp\/v2\/posts"}],"about":[{"href":"https:\/\/www.interaccionnoticias.com.mx\/index.php?rest_route=\/wp\/v2\/types\/post"}],"author":[{"embeddable":true,"href":"https:\/\/www.interaccionnoticias.com.mx\/index.php?rest_route=\/wp\/v2\/users\/19"}],"replies":[{"embeddable":true,"href":"https:\/\/www.interaccionnoticias.com.mx\/index.php?rest_route=%2Fwp%2Fv2%2Fcomments&post=66961"}],"version-history":[{"count":1,"href":"https:\/\/www.interaccionnoticias.com.mx\/index.php?rest_route=\/wp\/v2\/posts\/66961\/revisions"}],"predecessor-version":[{"id":66963,"href":"https:\/\/www.interaccionnoticias.com.mx\/index.php?rest_route=\/wp\/v2\/posts\/66961\/revisions\/66963"}],"wp:featuredmedia":[{"embeddable":true,"href":"https:\/\/www.interaccionnoticias.com.mx\/index.php?rest_route=\/wp\/v2\/media\/66962"}],"wp:attachment":[{"href":"https:\/\/www.interaccionnoticias.com.mx\/index.php?rest_route=%2Fwp%2Fv2%2Fmedia&parent=66961"}],"wp:term":[{"taxonomy":"category","embeddable":true,"href":"https:\/\/www.interaccionnoticias.com.mx\/index.php?rest_route=%2Fwp%2Fv2%2Fcategories&post=66961"},{"taxonomy":"post_tag","embeddable":true,"href":"https:\/\/www.interaccionnoticias.com.mx\/index.php?rest_route=%2Fwp%2Fv2%2Ftags&post=66961"}],"curies":[{"name":"wp","href":"https:\/\/api.w.org\/{rel}","templated":true}]}}