{"id":66933,"date":"2023-08-24T16:04:09","date_gmt":"2023-08-24T21:04:09","guid":{"rendered":"https:\/\/interaccionnoticias.com.mx\/?p=66933"},"modified":"2023-08-24T16:04:11","modified_gmt":"2023-08-24T21:04:11","slug":"menor-norteamericano-desaparecido-en-zihuatanejo","status":"publish","type":"post","link":"https:\/\/www.interaccionnoticias.com.mx\/?p=66933","title":{"rendered":"Menor norteamericano desaparecido en Zihuatanejo"},"content":{"rendered":"\n<p><strong><em>&#8212; Desde el martes no lo encuentran en Ixtapa<br>&#8212; Ayer se interpuso la denuncia ante la fiscal\u00eda<\/em><\/strong><\/p>\n\n\n\n<p><strong>Javier Trujillo<\/strong><\/p>\n\n\n\n<p><strong>Acapulco, Gro. \u2013 <\/strong>Desde hace m\u00e1s de 48 horas el menor de cinco a\u00f1os de edad y de origen norteamericano Atlas Neptune Boylan, se encuentra desaparecido en el puerto de Ixtapa Zihuatanejo.<\/p>\n\n\n\n<p>De acuerdo con la Alerta Amber Guerrero, emitida por la Fiscal\u00eda General del Estado desde el martes 22 de agosto, el menor fue visto por \u00faltima vez en Ixtapa, y hasta el momento se ignora su paradero.<\/p>\n\n\n\n<p>La alerta Amber, empez\u00f3 a circular este jueves, luego de haberse presentado la denuncia el 23 de agosto, por la desaparici\u00f3n del ni\u00f1o norteamericano, del que se teme puede ser v\u00edctima de alg\u00fan delito.<\/p>\n\n\n\n<p>De acuerdo con las autoridades ministeriales, tras la denuncia el personal de la Polic\u00eda de Investigaci\u00f3n Ministerial, activaron los protocolos de b\u00fasqueda y localizaci\u00f3n del infante.<\/p>\n\n\n\n<figure class=\"wp-block-gallery has-nested-images columns-default is-cropped wp-block-gallery-1 is-layout-flex wp-block-gallery-is-layout-flex\">\n<figure class=\"wp-block-image size-large\"><img decoding=\"async\" src=\"data:image\/gif;base64,R0lGODlhAQABAIAAAAAAAP\/\/\/ywAAAAAAQABAAACAUwAOw==\" fifu-lazy=\"1\" fifu-data-sizes=\"auto\" fifu-data-srcset=\"https:\/\/i1.wp.com\/interaccionnoticias.com.mx\/wp-content\/uploads\/2023\/08\/230824-norteamericano-desaparecido-1-785x1024.jpg?ssl=1&w=75&resize=75&ssl=1 75w, https:\/\/i1.wp.com\/interaccionnoticias.com.mx\/wp-content\/uploads\/2023\/08\/230824-norteamericano-desaparecido-1-785x1024.jpg?ssl=1&w=100&resize=100&ssl=1 100w, https:\/\/i1.wp.com\/interaccionnoticias.com.mx\/wp-content\/uploads\/2023\/08\/230824-norteamericano-desaparecido-1-785x1024.jpg?ssl=1&w=150&resize=150&ssl=1 150w, https:\/\/i1.wp.com\/interaccionnoticias.com.mx\/wp-content\/uploads\/2023\/08\/230824-norteamericano-desaparecido-1-785x1024.jpg?ssl=1&w=240&resize=240&ssl=1 240w, https:\/\/i1.wp.com\/interaccionnoticias.com.mx\/wp-content\/uploads\/2023\/08\/230824-norteamericano-desaparecido-1-785x1024.jpg?ssl=1&w=320&resize=320&ssl=1 320w, https:\/\/i1.wp.com\/interaccionnoticias.com.mx\/wp-content\/uploads\/2023\/08\/230824-norteamericano-desaparecido-1-785x1024.jpg?ssl=1&w=500&resize=500&ssl=1 500w, https:\/\/i1.wp.com\/interaccionnoticias.com.mx\/wp-content\/uploads\/2023\/08\/230824-norteamericano-desaparecido-1-785x1024.jpg?ssl=1&w=640&resize=640&ssl=1 640w, https:\/\/i1.wp.com\/interaccionnoticias.com.mx\/wp-content\/uploads\/2023\/08\/230824-norteamericano-desaparecido-1-785x1024.jpg?ssl=1&w=800&resize=800&ssl=1 800w, https:\/\/i1.wp.com\/interaccionnoticias.com.mx\/wp-content\/uploads\/2023\/08\/230824-norteamericano-desaparecido-1-785x1024.jpg?ssl=1&w=1024&resize=1024&ssl=1 1024w, https:\/\/i1.wp.com\/interaccionnoticias.com.mx\/wp-content\/uploads\/2023\/08\/230824-norteamericano-desaparecido-1-785x1024.jpg?ssl=1&w=1280&resize=1280&ssl=1 1280w, https:\/\/i1.wp.com\/interaccionnoticias.com.mx\/wp-content\/uploads\/2023\/08\/230824-norteamericano-desaparecido-1-785x1024.jpg?ssl=1&w=1600&resize=1600&ssl=1 1600w\" data-id=\"66935\" fifu-data-src=\"https:\/\/i1.wp.com\/interaccionnoticias.com.mx\/wp-content\/uploads\/2023\/08\/230824-norteamericano-desaparecido-1-785x1024.jpg?ssl=1\" alt=\"\" class=\"wp-image-66935\"\/><\/figure>\n<\/figure>\n","protected":false},"excerpt":{"rendered":"<p>&#8212; Desde el martes no lo encuentran en Ixtapa&#8212; Ayer se interpuso la denuncia ante la fiscal\u00eda Javier Trujillo Acapulco, Gro. \u2013 Desde hace m\u00e1s de 48 horas el menor&hellip; <\/p>\n","protected":false},"author":3,"featured_media":66934,"comment_status":"open","ping_status":"open","sticky":false,"template":"","format":"standard","meta":{"fifu_image_url":"","fifu_image_alt":"","footnotes":""},"categories":[27],"tags":[],"class_list":["post-66933","post","type-post","status-publish","format-standard","has-post-thumbnail","hentry","category-seguridad-publica"],"_links":{"self":[{"href":"https:\/\/www.interaccionnoticias.com.mx\/index.php?rest_route=\/wp\/v2\/posts\/66933","targetHints":{"allow":["GET"]}}],"collection":[{"href":"https:\/\/www.interaccionnoticias.com.mx\/index.php?rest_route=\/wp\/v2\/posts"}],"about":[{"href":"https:\/\/www.interaccionnoticias.com.mx\/index.php?rest_route=\/wp\/v2\/types\/post"}],"author":[{"embeddable":true,"href":"https:\/\/www.interaccionnoticias.com.mx\/index.php?rest_route=\/wp\/v2\/users\/3"}],"replies":[{"embeddable":true,"href":"https:\/\/www.interaccionnoticias.com.mx\/index.php?rest_route=%2Fwp%2Fv2%2Fcomments&post=66933"}],"version-history":[{"count":1,"href":"https:\/\/www.interaccionnoticias.com.mx\/index.php?rest_route=\/wp\/v2\/posts\/66933\/revisions"}],"predecessor-version":[{"id":66936,"href":"https:\/\/www.interaccionnoticias.com.mx\/index.php?rest_route=\/wp\/v2\/posts\/66933\/revisions\/66936"}],"wp:featuredmedia":[{"embeddable":true,"href":"https:\/\/www.interaccionnoticias.com.mx\/index.php?rest_route=\/wp\/v2\/media\/66934"}],"wp:attachment":[{"href":"https:\/\/www.interaccionnoticias.com.mx\/index.php?rest_route=%2Fwp%2Fv2%2Fmedia&parent=66933"}],"wp:term":[{"taxonomy":"category","embeddable":true,"href":"https:\/\/www.interaccionnoticias.com.mx\/index.php?rest_route=%2Fwp%2Fv2%2Fcategories&post=66933"},{"taxonomy":"post_tag","embeddable":true,"href":"https:\/\/www.interaccionnoticias.com.mx\/index.php?rest_route=%2Fwp%2Fv2%2Ftags&post=66933"}],"curies":[{"name":"wp","href":"https:\/\/api.w.org\/{rel}","templated":true}]}}