{"id":66922,"date":"2023-08-24T15:51:07","date_gmt":"2023-08-24T20:51:07","guid":{"rendered":"https:\/\/interaccionnoticias.com.mx\/?p=66922"},"modified":"2023-08-24T15:51:09","modified_gmt":"2023-08-24T20:51:09","slug":"liberan-la-carretera-chilapa-hueycantenango-a-5-dias-de-bloqueo","status":"publish","type":"post","link":"https:\/\/www.interaccionnoticias.com.mx\/?p=66922","title":{"rendered":"Liberan la carretera Chilapa-Hueycantenango, a 5 d\u00edas de bloqueo"},"content":{"rendered":"\n<p><strong><em>&#8212; No logra el CIPOG-EZ la presentaci\u00f3n con vida de sus tres compa\u00f1eros desaparecidos<br>&#8212; Uno fue localizado muerto, de los otros dos se desconoce el paradero<\/em><\/strong><\/p>\n\n\n\n<p><strong>Rogelio Agust\u00edn<\/strong><\/p>\n\n\n\n<p>A cinco d\u00edas de que instalaran un bloqueo en el crucero de Alcozac\u00e1n, el Consejo Ind\u00edgena y Popular del Estado de Guerrero, Emiliano Zapata (CIPOG-EZ) liber\u00f3 la carretera estatal Chilapa-Jos\u00e9 Joaqu\u00edn de Herrera, sin lograr la presentaci\u00f3n con vida de sus dos compa\u00f1eros desaparecidos.<\/p>\n\n\n\n<p>V\u00eda mensaje, el coordinador del CIPOG-EZ, Jes\u00fas Pl\u00e1cido Galindo inform\u00f3 que la tarde del jueves 24 de agosto, a cinco d\u00edas de que se instalara el bloqueo en el crucero de Alcozac\u00e1n, municipio de Chilapa, la carretera estatal que comunica a parte importante de la Monta\u00f1a baja se hab\u00eda liberado.<\/p>\n\n\n\n<p>Dicho bloqueo se instal\u00f3 tambi\u00e9n con la participaci\u00f3n de integrantes de la Polic\u00eda Comunitaria de Pueblos Fundadores (CRAC-PF), para reclamar la presentaci\u00f3n con vida de<\/p>\n\n\n\n<p>Marcelino Hern\u00e1ndez Tecorral, Nicol\u00e1s Rodr\u00edguez D\u00edaz y \u00c1ngel Villalva Salvador, quienes se dijo, eran jornaleros migrantes que el pasado 17 de agosto regresaban a su comunidad de origen, Zacapexco provenientes del estado de Sinaloa, donde hab\u00edan trabajado en la temporada de cosecha.<\/p>\n\n\n\n<p>El lunes 21 de agosto, \u00c1ngel Villalva y Nicol\u00e1s Rodr\u00edguez fueron exhibidos en un video que se colg\u00f3 en diferentes redes sociales, en los que declaran que no son jornaleros migrantes y que no regresaban del estado de Sinaloa, m\u00e1s bien, se asumen como integrantes de un grupo delictivo y refieren que trataban de regresar a Zacapexco para descansar durante cinco d\u00edas, despu\u00e9s regresar\u00edan a la zona del Balsas con refuerzos para el grupo de Los Tlacos.<\/p>\n\n\n\n<p>El CIPOG-EZ emiti\u00f3 un comunicado el martes 22, para insistir en que sus compa\u00f1eros eran jornaleros migrantes e hicieron notar que las declaraciones les fueron arrancadas por medio de la tortura.<\/p>\n\n\n\n<p>Para el mi\u00e9rcoles 23 de agosto, se confirm\u00f3 que Marcelino Hern\u00e1ndez Tecorral fue privado de la vida el mismo d\u00eda en que lo interceptaron cuatro hombres armados, mismos que portaban uniformes de la polic\u00eda del estado falsos.<\/p>\n\n\n\n<p>El cad\u00e1ver de Hern\u00e1ndez Tecorral fue levantado en la comunidad de Zoquiapa, municipio de Tixtla y despu\u00e9s llevado al Servicio M\u00e9dico Forense (Semefo), donde su familia lo identific\u00f3 y reclam\u00f3 la entrega.<\/p>\n\n\n\n<p>En un comunicado emitido la tarde del jueves 24 de agosto, el CIPOG-EZ inform\u00f3 que la organizaci\u00f3n logr\u00f3 afianzar un acuerdo con el secretario general de Gobierno, Ludwid Marcial Reynoso N\u00fa\u00f1ez y con el director de Gobernaci\u00f3n Estatal, Francisco Rodr\u00edguez Cisneros.<\/p>\n\n\n\n<p>Ambos funcionarios se comprometieron a revisar las demandas de car\u00e1cter social del CIPOG, adem\u00e1s de darle seguimiento a las denuncias que existen en el \u00e1mbito de la procuraci\u00f3n de justicia, para que se investiguen los asesinatos que se han cometido en contra de por lo menos 50 de sus compa\u00f1eros.<\/p>\n\n\n\n<p>La carretera estatal, Chilapa-Jos\u00e9 Joaqu\u00edn de Herrera ya se encuentra despejada.<\/p>\n","protected":false},"excerpt":{"rendered":"<p>&#8212; No logra el CIPOG-EZ la presentaci\u00f3n con vida de sus tres compa\u00f1eros desaparecidos&#8212; Uno fue localizado muerto, de los otros dos se desconoce el paradero Rogelio Agust\u00edn A cinco&hellip; <\/p>\n","protected":false},"author":21,"featured_media":66576,"comment_status":"open","ping_status":"open","sticky":false,"template":"","format":"standard","meta":{"fifu_image_url":"","fifu_image_alt":"","footnotes":""},"categories":[23],"tags":[],"class_list":["post-66922","post","type-post","status-publish","format-standard","has-post-thumbnail","hentry","category-regionales"],"_links":{"self":[{"href":"https:\/\/www.interaccionnoticias.com.mx\/index.php?rest_route=\/wp\/v2\/posts\/66922","targetHints":{"allow":["GET"]}}],"collection":[{"href":"https:\/\/www.interaccionnoticias.com.mx\/index.php?rest_route=\/wp\/v2\/posts"}],"about":[{"href":"https:\/\/www.interaccionnoticias.com.mx\/index.php?rest_route=\/wp\/v2\/types\/post"}],"author":[{"embeddable":true,"href":"https:\/\/www.interaccionnoticias.com.mx\/index.php?rest_route=\/wp\/v2\/users\/21"}],"replies":[{"embeddable":true,"href":"https:\/\/www.interaccionnoticias.com.mx\/index.php?rest_route=%2Fwp%2Fv2%2Fcomments&post=66922"}],"version-history":[{"count":1,"href":"https:\/\/www.interaccionnoticias.com.mx\/index.php?rest_route=\/wp\/v2\/posts\/66922\/revisions"}],"predecessor-version":[{"id":66923,"href":"https:\/\/www.interaccionnoticias.com.mx\/index.php?rest_route=\/wp\/v2\/posts\/66922\/revisions\/66923"}],"wp:featuredmedia":[{"embeddable":true,"href":"https:\/\/www.interaccionnoticias.com.mx\/index.php?rest_route=\/wp\/v2\/media\/66576"}],"wp:attachment":[{"href":"https:\/\/www.interaccionnoticias.com.mx\/index.php?rest_route=%2Fwp%2Fv2%2Fmedia&parent=66922"}],"wp:term":[{"taxonomy":"category","embeddable":true,"href":"https:\/\/www.interaccionnoticias.com.mx\/index.php?rest_route=%2Fwp%2Fv2%2Fcategories&post=66922"},{"taxonomy":"post_tag","embeddable":true,"href":"https:\/\/www.interaccionnoticias.com.mx\/index.php?rest_route=%2Fwp%2Fv2%2Ftags&post=66922"}],"curies":[{"name":"wp","href":"https:\/\/api.w.org\/{rel}","templated":true}]}}