{"id":6679,"date":"2017-07-23T20:44:26","date_gmt":"2017-07-24T01:44:26","guid":{"rendered":"http:\/\/www.inter-accion.com.mx\/?p=6679"},"modified":"2017-07-23T20:44:26","modified_gmt":"2017-07-24T01:44:26","slug":"panistas-de-taxco-se-sumaran-al-fad","status":"publish","type":"post","link":"https:\/\/www.interaccionnoticias.com.mx\/?p=6679","title":{"rendered":"Panistas de Taxco se sumar\u00e1n al FAD"},"content":{"rendered":"<p>Lo perciben como una gran alianza opositora<br \/>\nPara la elecci\u00f3n constitucional del 2018 se est\u00e1n generando las condiciones para la conformaci\u00f3n del Frente Amplio Democr\u00e1tico (FAD) en Taxco, donde varios sectores de la sociedad se estar\u00edan sumando a esa \u201cgran alianza opositora\u201d, asegur\u00f3 el dirigente del comit\u00e9 municipal del Partido Acci\u00f3n Nacional (PAN), Andr\u00e9s Bahena Montero.<br \/>\nDijo que al igual que a nivel nacional, en Guerrero y Taxco se replicar\u00e1 la estrategia y por ello se est\u00e1 trabajando en la conformaci\u00f3n de ese bloque partidista en el cual participar\u00e1n Acci\u00f3n Nacional, el PRD y l\u00edderes pol\u00edticos y sociales del municipio, para hacer suma de esfuerzos, aportar puntos de vista y llegar competitivos al proceso electoral del pr\u00f3ximo a\u00f1o.<br \/>\nBahena Montero, adelant\u00f3 que al interior de su partido ya se generan alianzas internas y se trabaja en esa propuesta para su debida estructuraci\u00f3n, por lo que ya se han desarrollado varias pl\u00e1ticas con actores del sol azteca y personajes representativos de la sociedad civil del mismo municipio, en busca de consolidar el FAD como una gran alianza opositora ciudadana.<br \/>\nInform\u00f3 que se mantiene comunicaci\u00f3n constante con quienes est\u00e1n considerados dentro de la alianza, con el objetivo de afinar detalles, valorar el escenario pol\u00edtico que se avecina, ofrecer alternativas, proponer acciones y complementar el proyecto con los mejores elementos para ser m\u00e1s competitivos en la reyerta del 2018, donde se elegir\u00e1n alcaldes y diputados locales en Guerrero, as\u00ed como legisladores federales, senadores y presidente de la rep\u00fablica. &nbsp; &nbsp; &nbsp;<br \/>\nSin embargo, el panista acept\u00f3 que en determinado momento podr\u00edan generarse algunas diferencias entre los participantes, durante el proceso para elegir al candidato que encabezar\u00e1 el FAD para la elecci\u00f3n en el municipio, aunque su partido actuar\u00e1 con cautela y velara para que se valore a la inclusi\u00f3n como premisa de la alianza opositora. &nbsp;<br \/>\nSe trata de hacer un buen ejercicio pol\u00edtico, dijo Andr\u00e9s Bahena, al asegurar que se convocar\u00e1 de manera responsable a todos los actores que abonen al proyecto de unidad plena para consolidar el bloque partidista y ciudadano y del cual se est\u00e1 logrando y se tiene un buen avance, gracias a la voluntad de quienes contin\u00faan en la ruta de trabajar para el proceso electoral venidero. &nbsp;&nbsp;<br \/>\nReconoci\u00f3 que el FAD reforzar\u00e1 sus acciones y har\u00e1 m\u00e1s presencia en zonas electorales tradicionales del municipio para generar las condiciones de aceptaci\u00f3n y triunfo. &nbsp;&nbsp;<br \/>\nAcepto que su partido ha cometido errores en los \u00faltimos a\u00f1os en las distintas elecciones, pero con la experiencia y aportaci\u00f3n de sus cuadros y aliados se ir\u00e1n subsanando de manera paulatina para llegar al 2018 con unidad y evitar fallas. &nbsp;<\/p>\n","protected":false},"excerpt":{"rendered":"<p>Lo perciben como una gran alianza opositora Para la elecci\u00f3n constitucional del 2018 se est\u00e1n generando las condiciones para la conformaci\u00f3n del Frente Amplio Democr\u00e1tico (FAD) en Taxco, donde varios&hellip; <\/p>\n","protected":false},"author":1,"featured_media":0,"comment_status":"closed","ping_status":"closed","sticky":false,"template":"","format":"standard","meta":{"fifu_image_url":"","fifu_image_alt":"","footnotes":""},"categories":[8,23],"tags":[],"class_list":["post-6679","post","type-post","status-publish","format-standard","hentry","category-featured","category-regionales"],"_links":{"self":[{"href":"https:\/\/www.interaccionnoticias.com.mx\/index.php?rest_route=\/wp\/v2\/posts\/6679","targetHints":{"allow":["GET"]}}],"collection":[{"href":"https:\/\/www.interaccionnoticias.com.mx\/index.php?rest_route=\/wp\/v2\/posts"}],"about":[{"href":"https:\/\/www.interaccionnoticias.com.mx\/index.php?rest_route=\/wp\/v2\/types\/post"}],"author":[{"embeddable":true,"href":"https:\/\/www.interaccionnoticias.com.mx\/index.php?rest_route=\/wp\/v2\/users\/1"}],"replies":[{"embeddable":true,"href":"https:\/\/www.interaccionnoticias.com.mx\/index.php?rest_route=%2Fwp%2Fv2%2Fcomments&post=6679"}],"version-history":[{"count":0,"href":"https:\/\/www.interaccionnoticias.com.mx\/index.php?rest_route=\/wp\/v2\/posts\/6679\/revisions"}],"wp:attachment":[{"href":"https:\/\/www.interaccionnoticias.com.mx\/index.php?rest_route=%2Fwp%2Fv2%2Fmedia&parent=6679"}],"wp:term":[{"taxonomy":"category","embeddable":true,"href":"https:\/\/www.interaccionnoticias.com.mx\/index.php?rest_route=%2Fwp%2Fv2%2Fcategories&post=6679"},{"taxonomy":"post_tag","embeddable":true,"href":"https:\/\/www.interaccionnoticias.com.mx\/index.php?rest_route=%2Fwp%2Fv2%2Ftags&post=6679"}],"curies":[{"name":"wp","href":"https:\/\/api.w.org\/{rel}","templated":true}]}}