{"id":66756,"date":"2023-08-21T21:08:32","date_gmt":"2023-08-22T02:08:32","guid":{"rendered":"https:\/\/interaccionnoticias.com.mx\/?p=66756"},"modified":"2023-08-21T21:08:34","modified_gmt":"2023-08-22T02:08:34","slug":"guerrero-si-presenta-avances-en-el-tema-de-las-alertas-por-violencia-de-genero-gasman-zylbermann","status":"publish","type":"post","link":"https:\/\/www.interaccionnoticias.com.mx\/?p=66756","title":{"rendered":"Guerrero s\u00ed presenta avances en el tema de las alertas por violencia de g\u00e9nero: Gasman Zylbermann"},"content":{"rendered":"\n<p><strong>Rosario Garc\u00eda Orozco<\/strong><\/p>\n\n\n\n<p><strong>Chilpancingo, Gro., 21 de agosto del 2023.-<\/strong> El estado de Guerrero s\u00ed presenta avances para abatir la violencia contra las mujeres, tras la declaratoria de las dos alertas por violencia de g\u00e9nero que tiene la entidad, asegur\u00f3 la presidenta del Instituto Nacional de las Mujeres (Inmujer), Nadine Gasman Zylbermann.<\/p>\n\n\n\n<p>Nadine Gasman acudi\u00f3 a Guerrero para participar en el Encuentro de Mujeres Mun\u00edcipes, que organiz\u00f3 el Instituto Electoral y de Participaci\u00f3n Ciudadana (IEPC), en el marco de los 70 a\u00f1os del reconocimiento del voto de la mujer en M\u00e9xico .<\/p>\n\n\n\n<p>En entrevista, dijo que \u00abel gobierno de Guerrero est\u00e1 trabajando en implementar las medidas, est\u00e1 comprometido, es una de las cosas m\u00e1s importantes y est\u00e1 implementando acciones como el transporte p\u00fablico para mujeres\u201d.<\/p>\n\n\n\n<p>Se\u00f1alo que el gobierno estatal que encabeza la gobernadora Evelyn Salgado Pineda ha implementado acciones en las unidades de g\u00e9nero, en algunas \u00e1reas de estado, entre otras como parte de las medidas que se han dictado, producto de estas alertas que tiene la entidad.<\/p>\n\n\n\n<p>A\u00f1adi\u00f3 que el gobierno de Guerrero est\u00e1 respondiendo a las medidas que el grupo interinstitucional ha planteado, \u201cestamos avanzando en todo el pa\u00eds\u201d, expres\u00f3 la funcionaria federal.<\/p>\n\n\n\n<p>Sin dar cifras sostuvo que el avance que se tiene a nivel nacional ha permitido que disminuya el n\u00famero de feminicidios, haciendo \u00e9nfasis en que desde el punto de vista de la CONAVIM y del INMUJER, las medidas que se han implementado para prevenir, atender y sancionar la violencia contra las mujeres, pero s\u00ed reconoci\u00f3 que se necesita tiempo, \u201chay mucho que hacer en el cambio de mentalidades en fortalecer el sistema de justicia, en realmente tiene un abordaje integral y se est\u00e1 trabajando\u201d.<\/p>\n\n\n\n<p>Dijo que para que haya un cambio verdadero, se requiere que la mentalidad de los varones cambie, y en ese sentido dijo que se ha identificado en los j\u00f3venes una nueva mentalidad la cual est\u00e1 cambiando respecto a las mujeres.<\/p>\n\n\n\n<p>Se requiere que los hombres se involucren, explic\u00f3, \u00abque se cuestionen la forma de ser hombre, que crean en la igualdad, que trabajemos en esto, de que somos iguales de que compartimos nuestras vidas y que hay formas de resolver los conflictos que no son la violencia\u201d.<\/p>\n\n\n\n<p>Coment\u00f3 que existen 27 estados con alerta de violencia en raz\u00f3n de g\u00e9nero, algunos con una alerta, y otros como Guerrero con 2 alertas, y se espera que a la brevedad se informe del avance que se tiene concretamente sobre las medidas dictadas luego de las alertas que se emitieron, en el caso de esta entidad en 9 municipios.<\/p>\n\n\n\n<p>Reconoci\u00f3 que en Guerrero se haya tipificado la violencia pol\u00edtica en raz\u00f3n de g\u00e9nero, \u00abque anteriormente estaba escondida y que nadie ve\u00eda\u00bb, y agreg\u00f3 que esos avances forman parte de \u00abla revoluci\u00f3n de las conciencias, es parte de c\u00f3mo cambiamos y c\u00f3mo le decimos claramente a la sociedad, a los hombres agresores que esto no lo aceptamos, que esto no es parte de la cultura, que esto no es parte de c\u00f3mo se hace pol\u00edtica, que la pol\u00edtica es respetuosa, de altura, de ideas y que se no puede atacar a las mujeres por ser mujeres\u201d.<\/p>\n","protected":false},"excerpt":{"rendered":"<p>Rosario Garc\u00eda Orozco Chilpancingo, Gro., 21 de agosto del 2023.- El estado de Guerrero s\u00ed presenta avances para abatir la violencia contra las mujeres, tras la declaratoria de las dos&hellip; <\/p>\n","protected":false},"author":14,"featured_media":66757,"comment_status":"open","ping_status":"open","sticky":false,"template":"","format":"standard","meta":{"fifu_image_url":"","fifu_image_alt":"","footnotes":""},"categories":[11],"tags":[],"class_list":["post-66756","post","type-post","status-publish","format-standard","has-post-thumbnail","hentry","category-guerrero"],"_links":{"self":[{"href":"https:\/\/www.interaccionnoticias.com.mx\/index.php?rest_route=\/wp\/v2\/posts\/66756","targetHints":{"allow":["GET"]}}],"collection":[{"href":"https:\/\/www.interaccionnoticias.com.mx\/index.php?rest_route=\/wp\/v2\/posts"}],"about":[{"href":"https:\/\/www.interaccionnoticias.com.mx\/index.php?rest_route=\/wp\/v2\/types\/post"}],"author":[{"embeddable":true,"href":"https:\/\/www.interaccionnoticias.com.mx\/index.php?rest_route=\/wp\/v2\/users\/14"}],"replies":[{"embeddable":true,"href":"https:\/\/www.interaccionnoticias.com.mx\/index.php?rest_route=%2Fwp%2Fv2%2Fcomments&post=66756"}],"version-history":[{"count":1,"href":"https:\/\/www.interaccionnoticias.com.mx\/index.php?rest_route=\/wp\/v2\/posts\/66756\/revisions"}],"predecessor-version":[{"id":66758,"href":"https:\/\/www.interaccionnoticias.com.mx\/index.php?rest_route=\/wp\/v2\/posts\/66756\/revisions\/66758"}],"wp:featuredmedia":[{"embeddable":true,"href":"https:\/\/www.interaccionnoticias.com.mx\/index.php?rest_route=\/wp\/v2\/media\/66757"}],"wp:attachment":[{"href":"https:\/\/www.interaccionnoticias.com.mx\/index.php?rest_route=%2Fwp%2Fv2%2Fmedia&parent=66756"}],"wp:term":[{"taxonomy":"category","embeddable":true,"href":"https:\/\/www.interaccionnoticias.com.mx\/index.php?rest_route=%2Fwp%2Fv2%2Fcategories&post=66756"},{"taxonomy":"post_tag","embeddable":true,"href":"https:\/\/www.interaccionnoticias.com.mx\/index.php?rest_route=%2Fwp%2Fv2%2Ftags&post=66756"}],"curies":[{"name":"wp","href":"https:\/\/api.w.org\/{rel}","templated":true}]}}