{"id":66744,"date":"2023-08-21T20:19:24","date_gmt":"2023-08-22T01:19:24","guid":{"rendered":"https:\/\/interaccionnoticias.com.mx\/?p=66744"},"modified":"2023-08-21T20:19:26","modified_gmt":"2023-08-22T01:19:26","slug":"iepc-alfredo-sanchez-no-podra-contender-por-un-cargo-de-eleccion-popular-en-el-siguiente-proceso","status":"publish","type":"post","link":"https:\/\/www.interaccionnoticias.com.mx\/?p=66744","title":{"rendered":"IEPC: Alfredo S\u00e1nchez no podr\u00e1 contender por un cargo de elecci\u00f3n popular en el siguiente proceso"},"content":{"rendered":"\n<p><strong><em>&#8212; Al estar inscrito en el padr\u00f3n de violentadores de mujeres<\/em><\/strong><\/p>\n\n\n\n<p><strong>Rosario Garc\u00eda Orozco<\/strong><\/p>\n\n\n\n<p><strong>Chilpancingo, Gro., 20 de agosto del 2023.- <\/strong>La presidenta del Instituto Electoral y de Participaci\u00f3n Ciudadana (IEPC), Luz Fabiola Matildes Gama, confirm\u00f3 que el diputado morenista Alfredo S\u00e1nchez Esquivel no podra registrarse para contender por alg\u00fan cargo de elecci\u00f3n popular, luego de que fue sancionado por el Tribunal Electoral del Estado (TEE), y deber\u00e1 tomar dos cursos sobre violencia pol\u00edtica en razon de g\u00e9nero, emitir una disculpa p\u00fablica a la diputada Yoloczin Dom\u00ednguez Serna, y estar\u00e1 inscrito, por dos a\u00f1os, en el listado de personas sancionadas por ejercer ese tipo de violencia.<\/p>\n\n\n\n<p>La sanci\u00f3n del TEE fue resultado de un juicio especial sancionador promovido por su compa\u00f1era legisladora, Yoloczin Dom\u00ednguez Serna, quien acredit\u00f3 un clima de violencia sistem\u00e1tico en su contra por parte de S\u00e1nchez Esquivel<\/p>\n\n\n\n<p>La funcionaria electoral fue abordada por medios de comunicaci\u00f3n en torno a las consecuencias que trae esa sanci\u00f3n al legislador por Morena y ex presidente de la Junta de Coordinacion Pol\u00edtica del Congreso Local, quien mencion\u00f3 que esa determinaci\u00f3n del Tribunal Electoral inhabilita al diputado para registrarse como aspirante a alg\u00fan cargo de elecci\u00f3n popular, \u00abtodas las personas que resulten sancionadas por violencia pol\u00edtica de g\u00e9nero y otros tipos de violencias no pueden ser candidatos, as\u00ed lo dice la Ley\u00bb.<\/p>\n\n\n\n<p>Record\u00f3 que hay otros casos de violencia pol\u00edtica que est\u00e1n en proceso ante las instancias correspondientes, y que esos \u00f3rganos tienen hasta poco antes de que inicie el registro de candidaturas para resolver, es decir hasta marzo o abril del proximo a\u00f1o, dependiendo del tipo de candidatura al que aspiren, es decir si es del orden local o federal.<\/p>\n\n\n\n<p>La funcionaria electoral local llam\u00f3 a los actores pol\u00edticos a que tengan cuidado y no violenten a las mujeres porque quieran ser candidatas, \u00abel llamado es para que no violen la ley, los Tribunales act\u00faan conforme a la Ley\u00bb, y agreg\u00f3 que a\u00fan hay otras instancias a las que pueden acudir los sancionados en caso de que consideren que no fue justa la determinaci\u00f3n de los tribunales locales.<\/p>\n\n\n\n<p>-De la La ley 3 de 3<\/p>\n\n\n\n<p>La presidenta del IEPC fue entrevistada al t\u00e9rmino de la inauguraci\u00f3n del encuentro de presidentas municipales de Michoac\u00e1n, Morelos, Oaxaca, Puebla y Guerrero, donde tambi\u00e9n fue firmado el convenio para respetar la Ley 3 de 3 entre el gobierno del estado el IEPC y el Tribunal SUperior de Justicia del estado.<\/p>\n\n\n\n<p>Al respecto, Matildes Gama mencion\u00f3 que ese compromiso implica que el TSJ y el IEPC van a intercambiar informaci\u00f3n \u00abpara que se nos proporcionen las sentencias de aquellas personas violentadoras, hombres y mujeres, que ejercen violencia de todo tipo contra mujeres, porque eso les impide ahora que sean candidatos o candidatas\u00bb.<\/p>\n","protected":false},"excerpt":{"rendered":"<p>&#8212; Al estar inscrito en el padr\u00f3n de violentadores de mujeres Rosario Garc\u00eda Orozco Chilpancingo, Gro., 20 de agosto del 2023.- La presidenta del Instituto Electoral y de Participaci\u00f3n Ciudadana&hellip; <\/p>\n","protected":false},"author":14,"featured_media":66745,"comment_status":"open","ping_status":"open","sticky":false,"template":"","format":"standard","meta":{"fifu_image_url":"","fifu_image_alt":"","footnotes":""},"categories":[17],"tags":[],"class_list":["post-66744","post","type-post","status-publish","format-standard","has-post-thumbnail","hentry","category-organos-electorales"],"_links":{"self":[{"href":"https:\/\/www.interaccionnoticias.com.mx\/index.php?rest_route=\/wp\/v2\/posts\/66744","targetHints":{"allow":["GET"]}}],"collection":[{"href":"https:\/\/www.interaccionnoticias.com.mx\/index.php?rest_route=\/wp\/v2\/posts"}],"about":[{"href":"https:\/\/www.interaccionnoticias.com.mx\/index.php?rest_route=\/wp\/v2\/types\/post"}],"author":[{"embeddable":true,"href":"https:\/\/www.interaccionnoticias.com.mx\/index.php?rest_route=\/wp\/v2\/users\/14"}],"replies":[{"embeddable":true,"href":"https:\/\/www.interaccionnoticias.com.mx\/index.php?rest_route=%2Fwp%2Fv2%2Fcomments&post=66744"}],"version-history":[{"count":1,"href":"https:\/\/www.interaccionnoticias.com.mx\/index.php?rest_route=\/wp\/v2\/posts\/66744\/revisions"}],"predecessor-version":[{"id":66746,"href":"https:\/\/www.interaccionnoticias.com.mx\/index.php?rest_route=\/wp\/v2\/posts\/66744\/revisions\/66746"}],"wp:featuredmedia":[{"embeddable":true,"href":"https:\/\/www.interaccionnoticias.com.mx\/index.php?rest_route=\/wp\/v2\/media\/66745"}],"wp:attachment":[{"href":"https:\/\/www.interaccionnoticias.com.mx\/index.php?rest_route=%2Fwp%2Fv2%2Fmedia&parent=66744"}],"wp:term":[{"taxonomy":"category","embeddable":true,"href":"https:\/\/www.interaccionnoticias.com.mx\/index.php?rest_route=%2Fwp%2Fv2%2Fcategories&post=66744"},{"taxonomy":"post_tag","embeddable":true,"href":"https:\/\/www.interaccionnoticias.com.mx\/index.php?rest_route=%2Fwp%2Fv2%2Ftags&post=66744"}],"curies":[{"name":"wp","href":"https:\/\/api.w.org\/{rel}","templated":true}]}}