{"id":66739,"date":"2023-08-21T20:13:56","date_gmt":"2023-08-22T01:13:56","guid":{"rendered":"https:\/\/interaccionnoticias.com.mx\/?p=66739"},"modified":"2023-08-21T20:13:58","modified_gmt":"2023-08-22T01:13:58","slug":"al-menos-20-sicarios-irrumpen-en-agencia-del-mp-de-coyuca-de-catalan-y-se-llevan-a-la-titular","status":"publish","type":"post","link":"https:\/\/www.interaccionnoticias.com.mx\/?p=66739","title":{"rendered":"Al menos 20 sicarios irrumpen en agencia del MP de Coyuca de Catal\u00e1n y se llevan a la titular"},"content":{"rendered":"\n<p><em><strong>&#8212; Los polic\u00edas ministeriales a cargo del resguardo fueron sometidos y desarmados<br>&#8212; Polic\u00edas y militares ya iniciaron los operativos de b\u00fasqueda, confirma la FGE<\/strong><\/em><\/p>\n\n\n\n<p><strong>Jes\u00fas Dorantes<\/strong><\/p>\n\n\n\n<p>Un grupo aproximado de 20 hombres armados irrumpi\u00f3 en la Agencia del Ministerio P\u00fablico de Coyuca de Catal\u00e1n, en la regi\u00f3n de la Tierra Caliente y se llev\u00f3 a la titular, Jaquel\u00edn Salgado Gonz\u00e1lez, lo que desat\u00f3 un operativo de b\u00fasqueda por parte dediferentes corporaciones pol\u00edacas y personal del Ej\u00e9rcito Mexicano<\/p>\n\n\n\n<p>La informaci\u00f3n fue conformada por el Vicefiscal de Investugaci\u00f3 de la Fiscal\u00eda General del Estado (FGE), Gabriel Alejandro Hern\u00e1ndez, a petici\u00f3n del vocero de la Mesa Central para la Construcci\u00f3n de la Paz, Randy Suastegui Cebrero, durante la transmisi\u00f3n de seguridad realizada este lunes 21 de agosto.<\/p>\n\n\n\n<p>Hern\u00e1ndez Mendoza indic\u00f3 que la irrupci\u00f3n de los civiles armados se registr\u00f3 a las 13:00 horas del lunes, cuando los elementos de la Polic\u00eda Ministerial que se encontraban a cargo del resguardo del MP fueron sometidos y desarmados.<\/p>\n\n\n\n<p>El funcionario indic\u00f3: \u201cAproximadamente a las 13:00 horas del d\u00eda de hoy ingresaron 20 sujetos armados, mismos que despojaron y desarmaron a la guardia que ten\u00edamos ah\u00ed de la Polic\u00eda de Investigaci\u00f3n Ministerial, privaron de la libertad a la agente titular del Ministerio P\u00fablico de esa regi\u00f3n y hasta este momento no conocemos su paradero\u201d.<\/p>\n\n\n\n<p>Indic\u00f3 que la FGE ya inici\u00f3 la carpeta de investigaci\u00f3n correspondiente, adem\u00e1s de que se pusieron emn marcha los operativos de b\u00fasqueda en conjunto con el Ej\u00e9rcito Mexicano y las fuerzas estatales.<\/p>\n\n\n\n<p>\u201cEn estos momentos se encuentran haciendo recorridos para dar con el paradero pronto y oportuno de nuestra compa\u00f1era\u201d, indic\u00f3 el vicefiscal Hern\u00e1ndez.<\/p>\n","protected":false},"excerpt":{"rendered":"<p>&#8212; Los polic\u00edas ministeriales a cargo del resguardo fueron sometidos y desarmados&#8212; Polic\u00edas y militares ya iniciaron los operativos de b\u00fasqueda, confirma la FGE Jes\u00fas Dorantes Un grupo aproximado de&hellip; <\/p>\n","protected":false},"author":8,"featured_media":66742,"comment_status":"open","ping_status":"open","sticky":false,"template":"","format":"standard","meta":{"fifu_image_url":"","fifu_image_alt":"","footnotes":""},"categories":[27],"tags":[],"class_list":["post-66739","post","type-post","status-publish","format-standard","has-post-thumbnail","hentry","category-seguridad-publica"],"_links":{"self":[{"href":"https:\/\/www.interaccionnoticias.com.mx\/index.php?rest_route=\/wp\/v2\/posts\/66739","targetHints":{"allow":["GET"]}}],"collection":[{"href":"https:\/\/www.interaccionnoticias.com.mx\/index.php?rest_route=\/wp\/v2\/posts"}],"about":[{"href":"https:\/\/www.interaccionnoticias.com.mx\/index.php?rest_route=\/wp\/v2\/types\/post"}],"author":[{"embeddable":true,"href":"https:\/\/www.interaccionnoticias.com.mx\/index.php?rest_route=\/wp\/v2\/users\/8"}],"replies":[{"embeddable":true,"href":"https:\/\/www.interaccionnoticias.com.mx\/index.php?rest_route=%2Fwp%2Fv2%2Fcomments&post=66739"}],"version-history":[{"count":1,"href":"https:\/\/www.interaccionnoticias.com.mx\/index.php?rest_route=\/wp\/v2\/posts\/66739\/revisions"}],"predecessor-version":[{"id":66743,"href":"https:\/\/www.interaccionnoticias.com.mx\/index.php?rest_route=\/wp\/v2\/posts\/66739\/revisions\/66743"}],"wp:featuredmedia":[{"embeddable":true,"href":"https:\/\/www.interaccionnoticias.com.mx\/index.php?rest_route=\/wp\/v2\/media\/66742"}],"wp:attachment":[{"href":"https:\/\/www.interaccionnoticias.com.mx\/index.php?rest_route=%2Fwp%2Fv2%2Fmedia&parent=66739"}],"wp:term":[{"taxonomy":"category","embeddable":true,"href":"https:\/\/www.interaccionnoticias.com.mx\/index.php?rest_route=%2Fwp%2Fv2%2Fcategories&post=66739"},{"taxonomy":"post_tag","embeddable":true,"href":"https:\/\/www.interaccionnoticias.com.mx\/index.php?rest_route=%2Fwp%2Fv2%2Ftags&post=66739"}],"curies":[{"name":"wp","href":"https:\/\/api.w.org\/{rel}","templated":true}]}}