{"id":6667,"date":"2017-07-23T19:36:38","date_gmt":"2017-07-24T00:36:38","guid":{"rendered":"http:\/\/www.inter-accion.com.mx\/?p=6667"},"modified":"2017-07-23T19:36:38","modified_gmt":"2017-07-24T00:36:38","slug":"esperan-en-guerrero-mas-de-un-millon-de-turistas","status":"publish","type":"post","link":"https:\/\/www.interaccionnoticias.com.mx\/?p=6667","title":{"rendered":"Esperan en Guerrero m\u00e1s de un mill\u00f3n de turistas"},"content":{"rendered":"<p>En el primer fin de semana, la ocupaci\u00f3n hotelera es del 80 porciento&nbsp;<br \/>\nEl titular de la Secretar\u00eda de Fomento Tur\u00edstico del estado de Guerrero, Ernesto Rodr\u00edguez Escalona confi\u00f3 en que este periodo vacacional haya m\u00e1s de un mill\u00f3n de visitantes en los destinos que integran el Tri\u00e1ngulo del Sol.<br \/>\nEn Chilpancingo, el titular de la SEFOTUR sostuvo que de acuerdo con la proyecci\u00f3n que se tiene, en el periodo vacacional que inicia se espera recibir por lo menos un mill\u00f3n de visitantes, tanto nacional como internacional.<br \/>\nRodr\u00edguez Escalona sostuvo que no se trata de una cifra inventada, ya que se sustenta en los registros que se obtienen de l\u00edneas a\u00e9reas, terminales de autobuses y reservaciones de hoteles.<br \/>\nEn consecuencia, manifest\u00f3 que el Verano 2017 pinta positivamente para Guerrero, ya que solo durante el primer fin de semana del periodo vacacional, la ocupaci\u00f3n hotelera se coloc\u00f3 por encima del 80 porciento&nbsp;&nbsp;en el puerto de Acapulco, Ixtapa y Taxco de Alarc\u00f3n.<br \/>\n\u201cM\u00e1s de ocho cuartes est\u00e1n ocupados este fin de semana en el estado de Guerrero\u201d, asegur\u00f3 el funcionario.<br \/>\nRecord\u00f3 que el turismo extranjero ha crecido en forma importante, aunque la base principal de visitantes se integra por el nacional.<br \/>\nAunque se han registrado algunos hechos de violencia, manifest\u00f3 que no se tiene reporte de cancelaciones importantes para la temporada vacacional que comienza.<\/p>\n","protected":false},"excerpt":{"rendered":"<p>En el primer fin de semana, la ocupaci\u00f3n hotelera es del 80 porciento&nbsp; El titular de la Secretar\u00eda de Fomento Tur\u00edstico del estado de Guerrero, Ernesto Rodr\u00edguez Escalona confi\u00f3 en&hellip; <\/p>\n","protected":false},"author":1,"featured_media":0,"comment_status":"closed","ping_status":"closed","sticky":false,"template":"","format":"standard","meta":{"fifu_image_url":"","fifu_image_alt":"","footnotes":""},"categories":[8,11],"tags":[],"class_list":["post-6667","post","type-post","status-publish","format-standard","hentry","category-featured","category-guerrero"],"_links":{"self":[{"href":"https:\/\/www.interaccionnoticias.com.mx\/index.php?rest_route=\/wp\/v2\/posts\/6667","targetHints":{"allow":["GET"]}}],"collection":[{"href":"https:\/\/www.interaccionnoticias.com.mx\/index.php?rest_route=\/wp\/v2\/posts"}],"about":[{"href":"https:\/\/www.interaccionnoticias.com.mx\/index.php?rest_route=\/wp\/v2\/types\/post"}],"author":[{"embeddable":true,"href":"https:\/\/www.interaccionnoticias.com.mx\/index.php?rest_route=\/wp\/v2\/users\/1"}],"replies":[{"embeddable":true,"href":"https:\/\/www.interaccionnoticias.com.mx\/index.php?rest_route=%2Fwp%2Fv2%2Fcomments&post=6667"}],"version-history":[{"count":0,"href":"https:\/\/www.interaccionnoticias.com.mx\/index.php?rest_route=\/wp\/v2\/posts\/6667\/revisions"}],"wp:attachment":[{"href":"https:\/\/www.interaccionnoticias.com.mx\/index.php?rest_route=%2Fwp%2Fv2%2Fmedia&parent=6667"}],"wp:term":[{"taxonomy":"category","embeddable":true,"href":"https:\/\/www.interaccionnoticias.com.mx\/index.php?rest_route=%2Fwp%2Fv2%2Fcategories&post=6667"},{"taxonomy":"post_tag","embeddable":true,"href":"https:\/\/www.interaccionnoticias.com.mx\/index.php?rest_route=%2Fwp%2Fv2%2Ftags&post=6667"}],"curies":[{"name":"wp","href":"https:\/\/api.w.org\/{rel}","templated":true}]}}