{"id":6637,"date":"2017-07-20T19:05:06","date_gmt":"2017-07-21T00:05:06","guid":{"rendered":"http:\/\/www.inter-accion.com.mx\/?p=6637"},"modified":"2017-07-20T19:05:06","modified_gmt":"2017-07-21T00:05:06","slug":"no-procedera-el-amparo-promovido-por-las-mineras-para-no-aportar-a-municipios","status":"publish","type":"post","link":"https:\/\/www.interaccionnoticias.com.mx\/?p=6637","title":{"rendered":"No proceder\u00e1 el amparo promovido por las mineras para no aportar a municipios"},"content":{"rendered":"<p>El presidente de la Comisi\u00f3n de Desarrollo Econ\u00f3mico del Congreso local, Silvano Blanco Deaquino sostuvo que la ley que crea el Fondo Minero como un impuesto especial para favorecer a los municipios en que operan varios consorcios internacionales es legalmente inatacable, por lo que anticip\u00f3 que el ampro promovido por Media Luna y Leagold en el caso de Eduardo Neri, no proceder\u00e1.<br \/>\nBlanco de Aquino fue secretario de la Comisi\u00f3n de Hacienda de la C\u00e1mara de Diputados federales en la legislatura pasada, en la que indic\u00f3, se aprob\u00f3 la legislaci\u00f3n que rige actualmente al sector minero.<br \/>\nExplic\u00f3 que en su momento, los diputados federales argumentaron que las empresas extranjeras obten\u00edan ganancias por muchos millones de d\u00f3lares en Guerrero, de tal suerte que el recurso que generan se va hacia los pa\u00edses de donde son originarios los due\u00f1os de las compa\u00f1\u00edas, en el caso de Guerrero se habla espec\u00edficamente de Canad\u00e1.<br \/>\nEs en ese tiempo en que se cre\u00f3 el Impuesto Especial que grava las ventas anuales y que da vida al Fondo Minero, el cual ha crecido de manera significativa para el caso de Guerrero.<br \/>\nRecord\u00f3 que en 2015, el FM represent\u00f3 60 millones de pesos que se distribuyeron en seis municipios&nbsp;de Guerrero, por lo que en 2017 la cantidad a distribuir ser\u00e1 superior a los 100 millones de pesos.<br \/>\nAunque las mineras obtienen mucho m\u00e1s de lo que aportan al fondo, refiri\u00f3 que dicho recurso es importante para los ayuntamientos, ya que en algunos casos supera el monto de sus participaciones federales anuales.<br \/>\nExplic\u00f3 que hasta antes de la creaci\u00f3n del Fondo Minero, a los municipios no llegaba ning\u00fan recurso, puesto que los impuestos que pagaban eran solo de \u00edndole federal, en tanto que al gobierno estatal solamente se le cubr\u00eda un 2 porciento sobre la n\u00f3mina.<br \/>\nEn muchos casos, el 2 porciento se negocia con el estado y se llega a exentar, como parte de los ofrecimientos que se plantean para que las compa\u00f1\u00edas se queden en la entidad.<br \/>\nEl mi\u00e9rcoles 19 de julio, el presidente municipal de Eduardo Neri, Pablo Higuera Fuentes denunci\u00f3 que dos empresas; Media Luna y Leagold solicitaron el amparo del Poder Judicial federal para no tener que cumplir con la aportaci\u00f3n al Fondo Minero, con el argumento de que ellos ya generan otro tipo de aportaciones, v\u00eda impuestos y generaci\u00f3n de empleos.<br \/>\nCuestionado al respecto, el ahora presidente de la Comisi\u00f3n de Desarrollo Econ\u00f3mico del Congreso de Guerrero, record\u00f3 que la legislatura federal cuid\u00f3 mucho que el asunto quedara contenido en la Ley de Impuestos Especiales, por lo que jur\u00eddicamente es inatacable.<br \/>\nExplic\u00f3: \u201cHay empresas refresqueras y de otros giros que se han querido amparar contra esos impuestos especiales y sus recursos no han prosperado\u201d.<br \/>\nSi el amparo promovido por las mineras fuera similar, asegur\u00f3 que no habr\u00e1 manera de que se vaya en contra de una ley emitida hace ya varios a\u00f1os por la C\u00e1mara de diputados federal.<br \/>\nRecord\u00f3 que ya en su momento, en Campo Morado, el grupo empresarial que opera en Arcelia se ampar\u00f3 para no pagar el predial, lo que es una responsabilidad de la las compa\u00f1\u00edas no se pueden liberar.<br \/>\n\u201cLas minas a veces dicen que no les resulta rentable, pero si observamos toda la movilidad que tienen, principalmente lo relacionado con la explotaci\u00f3n del oro, pues vamos a darnos cuenta de que s\u00ed les conviene invertir en Guerrero\u201d.&nbsp;&nbsp;&nbsp;<br \/>\nReconoci\u00f3 que en el caso de M\u00e9xico, hace falta trabajar m\u00e1s en la adecuaci\u00f3n al marco legal, para efecto de que la explotaci\u00f3n de los minerales deje beneficios tambi\u00e9n a las comunidades en donde se instalan las compa\u00f1\u00edas extranjeras, lo que hasta el momento no ha sucedido en t\u00e9rminos adecuados.<\/p>\n","protected":false},"excerpt":{"rendered":"<p>El presidente de la Comisi\u00f3n de Desarrollo Econ\u00f3mico del Congreso local, Silvano Blanco Deaquino sostuvo que la ley que crea el Fondo Minero como un impuesto especial para favorecer a&hellip; <\/p>\n","protected":false},"author":1,"featured_media":0,"comment_status":"closed","ping_status":"closed","sticky":false,"template":"","format":"standard","meta":{"fifu_image_url":"","fifu_image_alt":"","footnotes":""},"categories":[8,23],"tags":[],"class_list":["post-6637","post","type-post","status-publish","format-standard","hentry","category-featured","category-regionales"],"_links":{"self":[{"href":"https:\/\/www.interaccionnoticias.com.mx\/index.php?rest_route=\/wp\/v2\/posts\/6637","targetHints":{"allow":["GET"]}}],"collection":[{"href":"https:\/\/www.interaccionnoticias.com.mx\/index.php?rest_route=\/wp\/v2\/posts"}],"about":[{"href":"https:\/\/www.interaccionnoticias.com.mx\/index.php?rest_route=\/wp\/v2\/types\/post"}],"author":[{"embeddable":true,"href":"https:\/\/www.interaccionnoticias.com.mx\/index.php?rest_route=\/wp\/v2\/users\/1"}],"replies":[{"embeddable":true,"href":"https:\/\/www.interaccionnoticias.com.mx\/index.php?rest_route=%2Fwp%2Fv2%2Fcomments&post=6637"}],"version-history":[{"count":0,"href":"https:\/\/www.interaccionnoticias.com.mx\/index.php?rest_route=\/wp\/v2\/posts\/6637\/revisions"}],"wp:attachment":[{"href":"https:\/\/www.interaccionnoticias.com.mx\/index.php?rest_route=%2Fwp%2Fv2%2Fmedia&parent=6637"}],"wp:term":[{"taxonomy":"category","embeddable":true,"href":"https:\/\/www.interaccionnoticias.com.mx\/index.php?rest_route=%2Fwp%2Fv2%2Fcategories&post=6637"},{"taxonomy":"post_tag","embeddable":true,"href":"https:\/\/www.interaccionnoticias.com.mx\/index.php?rest_route=%2Fwp%2Fv2%2Ftags&post=6637"}],"curies":[{"name":"wp","href":"https:\/\/api.w.org\/{rel}","templated":true}]}}