{"id":6634,"date":"2017-07-20T18:55:18","date_gmt":"2017-07-20T23:55:18","guid":{"rendered":"http:\/\/www.inter-accion.com.mx\/?p=6634"},"modified":"2017-07-20T18:55:18","modified_gmt":"2017-07-20T23:55:18","slug":"cuestionamientos-de-la-segob-contra-las-autodefensas-fortalecen-a-la-crac","status":"publish","type":"post","link":"https:\/\/www.interaccionnoticias.com.mx\/?p=6634","title":{"rendered":"Cuestionamientos de la SEGOB contra las autodefensas fortalecen a la CRAC"},"content":{"rendered":"<p><strong>El gobierno federal debe ser m\u00e1s especifico en sus consideraciones&nbsp;&nbsp;<\/strong><br \/>\nPara los representantes de la Coordinadora Regional de Autoridades Comunitarias (CRAC), los cuestionamientos hechos por el titular de la Secretar\u00eda de Gobernaci\u00f3n, Miguel Angel Osorio Chong hacia los grupos de autodefensas fortalecen al sistema de seguridad que representan, pues la polic\u00eda comunitaria es una instituci\u00f3n que desde hace 22 a\u00f1os opera en por lo menos 12 municipios.<br \/>\nLa jornada del jueves 20 de julio, una comisi\u00f3n de representantes de la CRAC estuvo en las instalaciones del Poder Legislativo de Guerrero, en el contexto de las reuniones que se realizan de cara a las adecuaciones a la Ley 701, en materia de Derechos y Cultura Ind\u00edgena.<br \/>\nLos consejeros del sistema comunitario solicitaron a la fracci\u00f3n parlamentara del PRI que respalden la iniciativa de ley que ellos ya hicieron llegar al Congreso, misma que ha sido acogida por las fracciones parlamentarias del PRD y&nbsp;&nbsp;Movimiento&nbsp;&nbsp;Ciudadano (MC), adem\u00e1s de la representaci\u00f3n del Movimiento de Regeneraci\u00f3n Nacional (Morena).<br \/>\nPablo Guzm\u00e1n Hern\u00e1ndez, ex coordinador de la Casa de Justicia de la CRAC en San Luis Acatl\u00e1n, consider\u00f3 que el titular de la SEGOB debi\u00f3 ser m\u00e1s espec\u00edfico en las consideraciones planteadas durante su reciente visita a la capital de Guerrero, cuando se\u00f1al\u00f3 que la proliferaci\u00f3n de grupos de autodefensa solamente lleva hacia la anarqu\u00eda.<br \/>\nIndic\u00f3: \u201cEl secretario debi\u00f3 reconocer con todas sus letras, que el Sistema Comunitario de Seguridad, Justicia y reeducaci\u00f3n de la Costa Chica y Monta\u00f1a\u201d.<br \/>\nIndic\u00f3 que la administraci\u00f3n federal debe analizar muy bien cada uno de los casos que existen en Guerrero, para que en donde haya viabilidad, se les otorgue un marco legal para evitar que pierdan su esencia<br \/>\n\u201cNosotros consideramos que el Estado Mexicano debe reconocer que sus cuerpos de seguridad han sido insuficientes o ineficientes, porque vemos las grandes caravanas de polic\u00edas en las principales ciudades de Guerrero, pero nos damos cuenta que&nbsp;&nbsp;se siguen cometiendo asesinatos, levantones, secuestros y extorsiones, por eso es que la gente busca soluciones. A veces no son las m\u00e1s adecuadas porque las autodefensas pueden desnaturalizarse con mucha facilidad para servir a intereses no leg\u00edtimos\u201d, apunt\u00f3.<br \/>\nBajo dicha circunstancia, Guzm\u00e1n Hern\u00e1ndez refiri\u00f3 que lo conveniente es que los tres niveles de gobierno busquen la manera de tener una vinculaci\u00f3n m\u00e1s directa con la poblaci\u00f3n, no con caudillos o dirigentes,&nbsp;&nbsp;sino con los \u00f3rganos de representaci\u00f3n popular, encontrar\u00eda la soluci\u00f3n a los problemas que se viven en el actual contexto de violencia.<br \/>\n&nbsp;&nbsp;&nbsp;<\/p>\n","protected":false},"excerpt":{"rendered":"<p>El gobierno federal debe ser m\u00e1s especifico en sus consideraciones&nbsp;&nbsp; Para los representantes de la Coordinadora Regional de Autoridades Comunitarias (CRAC), los cuestionamientos hechos por el titular de la Secretar\u00eda&hellip; <\/p>\n","protected":false},"author":1,"featured_media":0,"comment_status":"closed","ping_status":"closed","sticky":false,"template":"","format":"standard","meta":{"fifu_image_url":"","fifu_image_alt":"","footnotes":""},"categories":[8,15],"tags":[],"class_list":["post-6634","post","type-post","status-publish","format-standard","hentry","category-featured","category-movimientos-sociales"],"_links":{"self":[{"href":"https:\/\/www.interaccionnoticias.com.mx\/index.php?rest_route=\/wp\/v2\/posts\/6634","targetHints":{"allow":["GET"]}}],"collection":[{"href":"https:\/\/www.interaccionnoticias.com.mx\/index.php?rest_route=\/wp\/v2\/posts"}],"about":[{"href":"https:\/\/www.interaccionnoticias.com.mx\/index.php?rest_route=\/wp\/v2\/types\/post"}],"author":[{"embeddable":true,"href":"https:\/\/www.interaccionnoticias.com.mx\/index.php?rest_route=\/wp\/v2\/users\/1"}],"replies":[{"embeddable":true,"href":"https:\/\/www.interaccionnoticias.com.mx\/index.php?rest_route=%2Fwp%2Fv2%2Fcomments&post=6634"}],"version-history":[{"count":0,"href":"https:\/\/www.interaccionnoticias.com.mx\/index.php?rest_route=\/wp\/v2\/posts\/6634\/revisions"}],"wp:attachment":[{"href":"https:\/\/www.interaccionnoticias.com.mx\/index.php?rest_route=%2Fwp%2Fv2%2Fmedia&parent=6634"}],"wp:term":[{"taxonomy":"category","embeddable":true,"href":"https:\/\/www.interaccionnoticias.com.mx\/index.php?rest_route=%2Fwp%2Fv2%2Fcategories&post=6634"},{"taxonomy":"post_tag","embeddable":true,"href":"https:\/\/www.interaccionnoticias.com.mx\/index.php?rest_route=%2Fwp%2Fv2%2Ftags&post=6634"}],"curies":[{"name":"wp","href":"https:\/\/api.w.org\/{rel}","templated":true}]}}