{"id":66323,"date":"2023-08-15T15:59:20","date_gmt":"2023-08-15T20:59:20","guid":{"rendered":"https:\/\/interaccionnoticias.com.mx\/?p=66323"},"modified":"2023-08-15T15:59:22","modified_gmt":"2023-08-15T20:59:22","slug":"impulsa-evelyn-salgado-capacitacion-de-choferes-en-materia-de-atencion-a-emergencias-y-primeros-auxilios","status":"publish","type":"post","link":"https:\/\/www.interaccionnoticias.com.mx\/?p=66323","title":{"rendered":"Impulsa Evelyn Salgado capacitaci\u00f3n de choferes en materia de atenci\u00f3n a emergencias y primeros auxilios"},"content":{"rendered":"\n<p><strong><em>&#8212; Es parte de las iniciativas de la gobernadora para consolidar la profesionalizaci\u00f3n del servicio de transporte p\u00fablico<br>&#8212; Informa la Direcci\u00f3n de Transportes que esta acci\u00f3n se extender\u00e1 a cinco municipios<\/em><\/strong><\/p>\n\n\n\n<p><strong>Acapulco, Gro., 15 de agosto de 2023.-<\/strong> Con el prop\u00f3sito de impulsar la profesionalizaci\u00f3n de los choferes del servicio p\u00fablico en el estado, el gobierno de Evelyn Salgado a trav\u00e9s de la Direcci\u00f3n de Transportes inici\u00f3 con la capacitaci\u00f3n en materia de atenci\u00f3n a emergencias y primeros auxilios al personal que ofrece su servicio en los municipios de Acapulco y Zihuatanejo.<\/p>\n\n\n\n<p>Al respecto, el titular de la dependencia, Arturo Salinas Sandoval explic\u00f3 que se trata de una estrategia integral que impulsa la gobernadora, mediante la que se busca que los choferes de taxis, urvans y camiones urbanos, cuenten con los conocimientos necesarios para poder actuar en caso de que se presente alguna urgencia en sus unidades.<\/p>\n\n\n\n<p>Detall\u00f3 que hasta el momento se han capacitado alrededor de 500 elementos, pertenecientes a Acapulco y Zihuatanejo, y se tiene previsto que en fechas pr\u00f3ximas este beneficio llegue al personal de Ometepec, Chilpancingo y algunos municipios de la regi\u00f3n Monta\u00f1a.<\/p>\n\n\n\n<p>De igual manera explic\u00f3 que la idea principal es que los choferes que ya han sido capacitados, puedan replicar con sus compa\u00f1eros los conocimientos adquiridos y con ello tener un mayor alcance.<\/p>\n\n\n\n<p>Salinas Sandoval tambi\u00e9n refiri\u00f3 que esta capacitaci\u00f3n forma parte de las acciones que se llevan a cabo desde el gobierno del estado para lograr que la poblaci\u00f3n cuente con personal capacitado, calificado y con los est\u00e1ndares de profesionalizaci\u00f3n necesarios.<\/p>\n\n\n\n<p>Adelant\u00f3 que los participantes de estos cursos ser\u00e1n los primeros en recibir su c\u00e9dula de identificaci\u00f3n con QR, mediante la cual los usuarios podr\u00e1n identificar a los conductores, el n\u00famero econ\u00f3mico, as\u00ed como todos los datos necesarios para que la poblaci\u00f3n pueda contar con la certeza y confianza de que est\u00e1n abordando una unidad segura.<\/p>\n\n\n\n<div class=\"wp-block-jetpack-slideshow aligncenter\" data-effect=\"slide\"><div class=\"wp-block-jetpack-slideshow_container swiper-container\"><ul class=\"wp-block-jetpack-slideshow_swiper-wrapper swiper-wrapper\"><li class=\"wp-block-jetpack-slideshow_slide swiper-slide\"><figure><img decoding=\"async\" src=\"data:image\/gif;base64,R0lGODlhAQABAIAAAAAAAP\/\/\/ywAAAAAAQABAAACAUwAOw==\" fifu-lazy=\"1\" fifu-data-sizes=\"auto\" fifu-data-srcset=\"https:\/\/i1.wp.com\/interaccionnoticias.com.mx\/wp-content\/uploads\/2023\/08\/230815-capacitacion-de-choferes-1-1024x683.jpg?ssl=1&w=75&resize=75&ssl=1 75w, https:\/\/i1.wp.com\/interaccionnoticias.com.mx\/wp-content\/uploads\/2023\/08\/230815-capacitacion-de-choferes-1-1024x683.jpg?ssl=1&w=100&resize=100&ssl=1 100w, https:\/\/i1.wp.com\/interaccionnoticias.com.mx\/wp-content\/uploads\/2023\/08\/230815-capacitacion-de-choferes-1-1024x683.jpg?ssl=1&w=150&resize=150&ssl=1 150w, https:\/\/i1.wp.com\/interaccionnoticias.com.mx\/wp-content\/uploads\/2023\/08\/230815-capacitacion-de-choferes-1-1024x683.jpg?ssl=1&w=240&resize=240&ssl=1 240w, https:\/\/i1.wp.com\/interaccionnoticias.com.mx\/wp-content\/uploads\/2023\/08\/230815-capacitacion-de-choferes-1-1024x683.jpg?ssl=1&w=320&resize=320&ssl=1 320w, https:\/\/i1.wp.com\/interaccionnoticias.com.mx\/wp-content\/uploads\/2023\/08\/230815-capacitacion-de-choferes-1-1024x683.jpg?ssl=1&w=500&resize=500&ssl=1 500w, https:\/\/i1.wp.com\/interaccionnoticias.com.mx\/wp-content\/uploads\/2023\/08\/230815-capacitacion-de-choferes-1-1024x683.jpg?ssl=1&w=640&resize=640&ssl=1 640w, https:\/\/i1.wp.com\/interaccionnoticias.com.mx\/wp-content\/uploads\/2023\/08\/230815-capacitacion-de-choferes-1-1024x683.jpg?ssl=1&w=800&resize=800&ssl=1 800w, https:\/\/i1.wp.com\/interaccionnoticias.com.mx\/wp-content\/uploads\/2023\/08\/230815-capacitacion-de-choferes-1-1024x683.jpg?ssl=1&w=1024&resize=1024&ssl=1 1024w, https:\/\/i1.wp.com\/interaccionnoticias.com.mx\/wp-content\/uploads\/2023\/08\/230815-capacitacion-de-choferes-1-1024x683.jpg?ssl=1&w=1280&resize=1280&ssl=1 1280w, https:\/\/i1.wp.com\/interaccionnoticias.com.mx\/wp-content\/uploads\/2023\/08\/230815-capacitacion-de-choferes-1-1024x683.jpg?ssl=1&w=1600&resize=1600&ssl=1 1600w\" alt=\"\" class=\"wp-block-jetpack-slideshow_image wp-image-66326\" data-id=\"66326\" fifu-data-src=\"https:\/\/i1.wp.com\/interaccionnoticias.com.mx\/wp-content\/uploads\/2023\/08\/230815-capacitacion-de-choferes-1-1024x683.jpg?ssl=1\"\/><\/figure><\/li><li class=\"wp-block-jetpack-slideshow_slide swiper-slide\"><figure><img decoding=\"async\" src=\"data:image\/gif;base64,R0lGODlhAQABAIAAAAAAAP\/\/\/ywAAAAAAQABAAACAUwAOw==\" fifu-lazy=\"1\" fifu-data-sizes=\"auto\" fifu-data-srcset=\"https:\/\/i0.wp.com\/interaccionnoticias.com.mx\/wp-content\/uploads\/2023\/08\/230815-capacitacion-de-choferes-3-1024x683.jpg?ssl=1&w=75&resize=75&ssl=1 75w, https:\/\/i0.wp.com\/interaccionnoticias.com.mx\/wp-content\/uploads\/2023\/08\/230815-capacitacion-de-choferes-3-1024x683.jpg?ssl=1&w=100&resize=100&ssl=1 100w, https:\/\/i0.wp.com\/interaccionnoticias.com.mx\/wp-content\/uploads\/2023\/08\/230815-capacitacion-de-choferes-3-1024x683.jpg?ssl=1&w=150&resize=150&ssl=1 150w, https:\/\/i0.wp.com\/interaccionnoticias.com.mx\/wp-content\/uploads\/2023\/08\/230815-capacitacion-de-choferes-3-1024x683.jpg?ssl=1&w=240&resize=240&ssl=1 240w, https:\/\/i0.wp.com\/interaccionnoticias.com.mx\/wp-content\/uploads\/2023\/08\/230815-capacitacion-de-choferes-3-1024x683.jpg?ssl=1&w=320&resize=320&ssl=1 320w, https:\/\/i0.wp.com\/interaccionnoticias.com.mx\/wp-content\/uploads\/2023\/08\/230815-capacitacion-de-choferes-3-1024x683.jpg?ssl=1&w=500&resize=500&ssl=1 500w, https:\/\/i0.wp.com\/interaccionnoticias.com.mx\/wp-content\/uploads\/2023\/08\/230815-capacitacion-de-choferes-3-1024x683.jpg?ssl=1&w=640&resize=640&ssl=1 640w, https:\/\/i0.wp.com\/interaccionnoticias.com.mx\/wp-content\/uploads\/2023\/08\/230815-capacitacion-de-choferes-3-1024x683.jpg?ssl=1&w=800&resize=800&ssl=1 800w, https:\/\/i0.wp.com\/interaccionnoticias.com.mx\/wp-content\/uploads\/2023\/08\/230815-capacitacion-de-choferes-3-1024x683.jpg?ssl=1&w=1024&resize=1024&ssl=1 1024w, https:\/\/i0.wp.com\/interaccionnoticias.com.mx\/wp-content\/uploads\/2023\/08\/230815-capacitacion-de-choferes-3-1024x683.jpg?ssl=1&w=1280&resize=1280&ssl=1 1280w, https:\/\/i0.wp.com\/interaccionnoticias.com.mx\/wp-content\/uploads\/2023\/08\/230815-capacitacion-de-choferes-3-1024x683.jpg?ssl=1&w=1600&resize=1600&ssl=1 1600w\" alt=\"\" class=\"wp-block-jetpack-slideshow_image wp-image-66325\" data-id=\"66325\" fifu-data-src=\"https:\/\/i0.wp.com\/interaccionnoticias.com.mx\/wp-content\/uploads\/2023\/08\/230815-capacitacion-de-choferes-3-1024x683.jpg?ssl=1\"\/><\/figure><\/li><li class=\"wp-block-jetpack-slideshow_slide swiper-slide\"><figure><img decoding=\"async\" src=\"data:image\/gif;base64,R0lGODlhAQABAIAAAAAAAP\/\/\/ywAAAAAAQABAAACAUwAOw==\" fifu-lazy=\"1\" fifu-data-sizes=\"auto\" fifu-data-srcset=\"https:\/\/i2.wp.com\/interaccionnoticias.com.mx\/wp-content\/uploads\/2023\/08\/230815-capacitacion-de-choferes-2-1024x683.jpg?ssl=1&w=75&resize=75&ssl=1 75w, https:\/\/i2.wp.com\/interaccionnoticias.com.mx\/wp-content\/uploads\/2023\/08\/230815-capacitacion-de-choferes-2-1024x683.jpg?ssl=1&w=100&resize=100&ssl=1 100w, https:\/\/i2.wp.com\/interaccionnoticias.com.mx\/wp-content\/uploads\/2023\/08\/230815-capacitacion-de-choferes-2-1024x683.jpg?ssl=1&w=150&resize=150&ssl=1 150w, https:\/\/i2.wp.com\/interaccionnoticias.com.mx\/wp-content\/uploads\/2023\/08\/230815-capacitacion-de-choferes-2-1024x683.jpg?ssl=1&w=240&resize=240&ssl=1 240w, https:\/\/i2.wp.com\/interaccionnoticias.com.mx\/wp-content\/uploads\/2023\/08\/230815-capacitacion-de-choferes-2-1024x683.jpg?ssl=1&w=320&resize=320&ssl=1 320w, https:\/\/i2.wp.com\/interaccionnoticias.com.mx\/wp-content\/uploads\/2023\/08\/230815-capacitacion-de-choferes-2-1024x683.jpg?ssl=1&w=500&resize=500&ssl=1 500w, https:\/\/i2.wp.com\/interaccionnoticias.com.mx\/wp-content\/uploads\/2023\/08\/230815-capacitacion-de-choferes-2-1024x683.jpg?ssl=1&w=640&resize=640&ssl=1 640w, https:\/\/i2.wp.com\/interaccionnoticias.com.mx\/wp-content\/uploads\/2023\/08\/230815-capacitacion-de-choferes-2-1024x683.jpg?ssl=1&w=800&resize=800&ssl=1 800w, https:\/\/i2.wp.com\/interaccionnoticias.com.mx\/wp-content\/uploads\/2023\/08\/230815-capacitacion-de-choferes-2-1024x683.jpg?ssl=1&w=1024&resize=1024&ssl=1 1024w, https:\/\/i2.wp.com\/interaccionnoticias.com.mx\/wp-content\/uploads\/2023\/08\/230815-capacitacion-de-choferes-2-1024x683.jpg?ssl=1&w=1280&resize=1280&ssl=1 1280w, https:\/\/i2.wp.com\/interaccionnoticias.com.mx\/wp-content\/uploads\/2023\/08\/230815-capacitacion-de-choferes-2-1024x683.jpg?ssl=1&w=1600&resize=1600&ssl=1 1600w\" alt=\"\" class=\"wp-block-jetpack-slideshow_image wp-image-66324\" data-id=\"66324\" fifu-data-src=\"https:\/\/i2.wp.com\/interaccionnoticias.com.mx\/wp-content\/uploads\/2023\/08\/230815-capacitacion-de-choferes-2-1024x683.jpg?ssl=1\"\/><\/figure><\/li><\/ul><a class=\"wp-block-jetpack-slideshow_button-prev swiper-button-prev swiper-button-white\" role=\"button\"><\/a><a class=\"wp-block-jetpack-slideshow_button-next swiper-button-next swiper-button-white\" role=\"button\"><\/a><a aria-label=\"Pause Slideshow\" class=\"wp-block-jetpack-slideshow_button-pause\" role=\"button\"><\/a><div class=\"wp-block-jetpack-slideshow_pagination swiper-pagination swiper-pagination-white\"><\/div><\/div><\/div>\n","protected":false},"excerpt":{"rendered":"<p>&#8212; Es parte de las iniciativas de la gobernadora para consolidar la profesionalizaci\u00f3n del servicio de transporte p\u00fablico&#8212; Informa la Direcci\u00f3n de Transportes que esta acci\u00f3n se extender\u00e1 a cinco&hellip; <\/p>\n","protected":false},"author":19,"featured_media":66325,"comment_status":"open","ping_status":"open","sticky":false,"template":"","format":"standard","meta":{"fifu_image_url":"","fifu_image_alt":"","footnotes":""},"categories":[11],"tags":[],"class_list":["post-66323","post","type-post","status-publish","format-standard","has-post-thumbnail","hentry","category-guerrero"],"_links":{"self":[{"href":"https:\/\/www.interaccionnoticias.com.mx\/index.php?rest_route=\/wp\/v2\/posts\/66323","targetHints":{"allow":["GET"]}}],"collection":[{"href":"https:\/\/www.interaccionnoticias.com.mx\/index.php?rest_route=\/wp\/v2\/posts"}],"about":[{"href":"https:\/\/www.interaccionnoticias.com.mx\/index.php?rest_route=\/wp\/v2\/types\/post"}],"author":[{"embeddable":true,"href":"https:\/\/www.interaccionnoticias.com.mx\/index.php?rest_route=\/wp\/v2\/users\/19"}],"replies":[{"embeddable":true,"href":"https:\/\/www.interaccionnoticias.com.mx\/index.php?rest_route=%2Fwp%2Fv2%2Fcomments&post=66323"}],"version-history":[{"count":1,"href":"https:\/\/www.interaccionnoticias.com.mx\/index.php?rest_route=\/wp\/v2\/posts\/66323\/revisions"}],"predecessor-version":[{"id":66327,"href":"https:\/\/www.interaccionnoticias.com.mx\/index.php?rest_route=\/wp\/v2\/posts\/66323\/revisions\/66327"}],"wp:featuredmedia":[{"embeddable":true,"href":"https:\/\/www.interaccionnoticias.com.mx\/index.php?rest_route=\/wp\/v2\/media\/66325"}],"wp:attachment":[{"href":"https:\/\/www.interaccionnoticias.com.mx\/index.php?rest_route=%2Fwp%2Fv2%2Fmedia&parent=66323"}],"wp:term":[{"taxonomy":"category","embeddable":true,"href":"https:\/\/www.interaccionnoticias.com.mx\/index.php?rest_route=%2Fwp%2Fv2%2Fcategories&post=66323"},{"taxonomy":"post_tag","embeddable":true,"href":"https:\/\/www.interaccionnoticias.com.mx\/index.php?rest_route=%2Fwp%2Fv2%2Ftags&post=66323"}],"curies":[{"name":"wp","href":"https:\/\/api.w.org\/{rel}","templated":true}]}}