{"id":6628,"date":"2017-07-20T18:22:57","date_gmt":"2017-07-20T23:22:57","guid":{"rendered":"http:\/\/www.inter-accion.com.mx\/?p=6628"},"modified":"2017-07-20T18:22:57","modified_gmt":"2017-07-20T23:22:57","slug":"plantean-nueva-ley-para-el-sistema-penitenciario-de-guerrero","status":"publish","type":"post","link":"https:\/\/www.interaccionnoticias.com.mx\/?p=6628","title":{"rendered":"Plantean Nueva Ley para el Sistema Penitenciario de Guerrero"},"content":{"rendered":"<p>Con el af\u00e1n de frenar los autogobiernos instalados por grupos delictivos, la Comisi\u00f3n de Seguridad P\u00fablica del Congreso local propuso una nueva legislaci\u00f3n para regular la vida interna de los penales y de esa manera evitar la instalaci\u00f3n de autogobiernos que generan violencia como la del Penal de Las Cruces.<br \/>\nLa jornada del jueves 20 de julio, el presidente de la comisi\u00f3n de referencia,&nbsp;Ricardo Mej\u00eda Berdeja present\u00f3 una iniciativa de ley que indic\u00f3, busca establecer las bases generales&nbsp;&nbsp;para construir un sistema penitenciario m\u00e1s digno y justo para Guerrero.<br \/>\nExplic\u00f3 que se trata de una legislaci\u00f3n que busca regular todo el sistema de ejecuci\u00f3n penal y las medidas judiciales de la entidad, en la certeza de que el sistema penitenciario actual atraviesa un momento cr\u00edtico.<br \/>\nEse momento cr\u00edtico actual, se traduce en problemas de sobrepoblaci\u00f3n, hacinamiento, autogobierno, pr\u00e1cticas de tortura y tratos crueles, inhumanos y degradantes entre la poblaci\u00f3n carcelaria.<br \/>\nComo prueba de las consideraciones expuestas mencion\u00f3 el caso del penal de Las Cruces, en donde perdieron la vida 28 personas y otras m\u00e1s resultaron heridas, producto de una ri\u00f1a entre los reclusos.<br \/>\nMej\u00eda Berdeja asegur\u00f3 que el nuevo ordenamiento legal consiste en encontrar el equilibrio entre la seguridad y la reinserci\u00f3n social de una poblaci\u00f3n muy diversa, al tiempo que busca dar respuestas de manera adecuada a la crisis de seguridad que afecta a la entidad.<br \/>\nDe esa manera, dijo que tambi\u00e9n se atenderia la recomendaci\u00f3n que emiti\u00f3 la Comisi\u00f3n Nacional de los Derechos Humanos (CNDH), que entre otras cosas, plantea contar con las normas minimas para constuir un sistema penitenciario que responda a las necesidades de seguridad, pero tambi\u00e9n a los derechos humanos de los internos&nbsp; &nbsp;&nbsp;<\/p>\n","protected":false},"excerpt":{"rendered":"<p>Con el af\u00e1n de frenar los autogobiernos instalados por grupos delictivos, la Comisi\u00f3n de Seguridad P\u00fablica del Congreso local propuso una nueva legislaci\u00f3n para regular la vida interna de los&hellip; <\/p>\n","protected":false},"author":1,"featured_media":0,"comment_status":"closed","ping_status":"closed","sticky":false,"template":"","format":"standard","meta":{"fifu_image_url":"","fifu_image_alt":"","footnotes":""},"categories":[2,8],"tags":[],"class_list":["post-6628","post","type-post","status-publish","format-standard","hentry","category-congreso","category-featured"],"_links":{"self":[{"href":"https:\/\/www.interaccionnoticias.com.mx\/index.php?rest_route=\/wp\/v2\/posts\/6628","targetHints":{"allow":["GET"]}}],"collection":[{"href":"https:\/\/www.interaccionnoticias.com.mx\/index.php?rest_route=\/wp\/v2\/posts"}],"about":[{"href":"https:\/\/www.interaccionnoticias.com.mx\/index.php?rest_route=\/wp\/v2\/types\/post"}],"author":[{"embeddable":true,"href":"https:\/\/www.interaccionnoticias.com.mx\/index.php?rest_route=\/wp\/v2\/users\/1"}],"replies":[{"embeddable":true,"href":"https:\/\/www.interaccionnoticias.com.mx\/index.php?rest_route=%2Fwp%2Fv2%2Fcomments&post=6628"}],"version-history":[{"count":0,"href":"https:\/\/www.interaccionnoticias.com.mx\/index.php?rest_route=\/wp\/v2\/posts\/6628\/revisions"}],"wp:attachment":[{"href":"https:\/\/www.interaccionnoticias.com.mx\/index.php?rest_route=%2Fwp%2Fv2%2Fmedia&parent=6628"}],"wp:term":[{"taxonomy":"category","embeddable":true,"href":"https:\/\/www.interaccionnoticias.com.mx\/index.php?rest_route=%2Fwp%2Fv2%2Fcategories&post=6628"},{"taxonomy":"post_tag","embeddable":true,"href":"https:\/\/www.interaccionnoticias.com.mx\/index.php?rest_route=%2Fwp%2Fv2%2Ftags&post=6628"}],"curies":[{"name":"wp","href":"https:\/\/api.w.org\/{rel}","templated":true}]}}