{"id":6622,"date":"2017-07-19T21:28:07","date_gmt":"2017-07-20T02:28:07","guid":{"rendered":"http:\/\/www.inter-accion.com.mx\/?p=6622"},"modified":"2017-07-19T21:28:07","modified_gmt":"2017-07-20T02:28:07","slug":"desplaza-el-ejercito-a-civiles-armados-en-caminos-de-zitlala-y-chilapa","status":"publish","type":"post","link":"https:\/\/www.interaccionnoticias.com.mx\/?p=6622","title":{"rendered":"Desplaza el Ej\u00e9rcito a civiles armados en caminos de Zitlala y Chilapa"},"content":{"rendered":"<p class=\"m_-2184373493638663664xmsonormal\"><strong>Llevan brigadas de salud, ausentes desde hace dos a\u00f1os<\/strong><u><\/u><u><\/u><\/p>\n<p class=\"m_-2184373493638663664xmsonormal\">Efectivos del Ej\u00e9rcito Mexicano y de la Polic\u00eda estatal retomaron el control y reabrieron el paso en la comunidad de Tlaltempanapa, perteneciente al municipio de Zitlala, &nbsp;en donde desde hace dos a\u00f1os opera el grupo de autodefensa denominado \u201cPaz y Justicia\u201d, el cual ha sido acusado de tener v\u00ednculos con el grupo delincuencial conocido como \u201cLos ardillos\u201d.<u><\/u><u><\/u><\/p>\n<p class=\"m_-2184373493638663664xmsonormal\">Las fuerzas de seguridad lograron ingresar tras un proceso &nbsp;di\u00e1logo que inici\u00f3 el pasado fin de semana, principalmente entre autoridades estatales y pobladores del lugar, luego de que estos agredieran con palos y piedras a oficiales que iban en busca de cuatro presuntos delincuentes.<u><\/u><u><\/u><\/p>\n<p class=\"m_-2184373493638663664xmsonormal\">A la par de al menos un centenar de soldados y polic\u00edas, ingresaron a la comunidad brigadas de salud, pues desde dos a\u00f1os, alrededor de 500 pobladores de Tlaltempanapa no ten\u00edan acceso a este derecho. La violencia provoc\u00f3 desnutrici\u00f3n en los ni\u00f1os, y descompensaciones de enfermedades en pacientes de mayor edad.<span class=\"m_-2184373493638663664apple-converted-space\">&nbsp;<\/span><u><\/u><u><\/u><\/p>\n<p class=\"m_-2184373493638663664xmsonormal\">\u201cEl pueblo estaba cerrado, (el objetivo) era abrir las v\u00edas de comunicaci\u00f3n, permitir la entrada de los servicios, y permitir la comunicaci\u00f3n, porque hab\u00eda comunidades que no pod\u00edan cruzar por aqu\u00ed, que no pueden ir a Chilapa, no llegan los doctores, no llegan los maestros, estaba cerrada la comunidad\u201d, explic\u00f3 el comandante de la 35 Zona Militar, Jos\u00e9 Ter\u00e1n Valle, durante un recorrido de supervisi\u00f3n.<span class=\"m_-2184373493638663664apple-converted-space\">&nbsp;<\/span><u><\/u><u><\/u><\/p>\n<p class=\"m_-2184373493638663664xmsonormal\">Entre los habitantes que no pod\u00edan transitar por Tlaltempanapa est\u00e1n los habitantes de Quetzalcoatl\u00e1n, una comunidad que fue agredida por hombres armados en enero de 2016, cuyo saldo fue de seis muertos. Los pobladores denunciaron posteriormente que fueron sus vecinos de Tlaltempanapa los responsables de la masacre.<span class=\"m_-2184373493638663664apple-converted-space\">&nbsp;<\/span>&nbsp;<u><\/u><u><\/u><\/p>\n<p class=\"m_-2184373493638663664xmsonormal\">Cabe resaltar que a los presuntos delincuentes que el pasado fin de semana buscaban elementos del Ej\u00e9rcito y del Polic\u00eda del estado, estaban acusados de matar a un habitante de Quetzalcoatl\u00e1n, &nbsp;y herido a otro.<span class=\"m_-2184373493638663664apple-converted-space\">&nbsp;<\/span><u><\/u><u><\/u><\/p>\n<p class=\"m_-2184373493638663664xmsonormal\">Adem\u00e1s del cierre al tr\u00e1nsito para algunas comunidades, el dirigente del colectivo \u201csiempre vivos\u201d de Chilapa, acus\u00f3 que fue &nbsp;en Tlaltempanapa donde desapareci\u00f3 una familia de seis integrantes en octubre de 2016.<span class=\"m_-2184373493638663664apple-converted-space\">&nbsp;<\/span><u><\/u><u><\/u><\/p>\n<p class=\"m_-2184373493638663664xmsonormal\">&nbsp;<u><\/u><u><\/u><\/p>\n<p class=\"m_-2184373493638663664xmsonormal\">El Comisario de la comunidad, Francisco Jim\u00e9nez Tacuba, se\u00f1ala que casi toda la poblaci\u00f3n es polic\u00eda comunitaria, pero se conformaron por los hechos de violencia que ocurr\u00edan a\u00f1os atr\u00e1s. Detalla que son ellos quienes son los encargados de su propia seguridad.<span class=\"m_-2184373493638663664apple-converted-space\">&nbsp;<\/span><u><\/u><u><\/u><\/p>\n<p class=\"m_-2184373493638663664xmsonormal\">\u201cS\u00ed, aqu\u00ed todas casi, la gente de aqu\u00ed son comunitarios (\u2026) Pues nosotros, entre nosotros mismos hacemos la seguridad, todos los d\u00edas nos vamos turnando, y nosotros cuidamos aqu\u00ed las entradas, ah\u00ed en los cerritos nos ponemos para estar vigilando, de hecho antes entraba mucha gente armada, llegaban volteos, as\u00ed, en trocas as\u00ed cerradas, llegaban y nom\u00e1s tiraban balzos y se iban\u201d, narr\u00f3.<span class=\"m_-2184373493638663664apple-converted-space\">&nbsp;<\/span><u><\/u><u><\/u><\/p>\n<p class=\"m_-2184373493638663664xmsonormal\">Pero las autoridades tienen informaci\u00f3n de que este grupo de comunitarios fue infiltrado por grupos delincuenciales que han aprovechado su influencia para amenazar a poblados vecinos con la finalidad de robarlos o desplazarlos.<span class=\"m_-2184373493638663664apple-converted-space\">&nbsp;<u><\/u><u><\/u><\/span><\/p>\n<p class=\"m_-2184373493638663664xmsonormal\"><b>&nbsp;Dialogo, no confrontaci\u00f3n<\/b><b><u><\/u><u><\/u><\/b><\/p>\n<p class=\"m_-2184373493638663664xmsonormal\">-\u00bfHubo contaminaci\u00f3n en estos grupos de comunitarios?, se le pregunt\u00f3 al General Ter\u00e1n<u><\/u><u><\/u><\/p>\n<p class=\"m_-2184373493638663664xmsonormal\">-\u201cS\u00ed, claro que s\u00ed, aqu\u00ed ha habido gente de aqu\u00ed que ha salido a amenazar a otras comunidades para que se vayan de las comunidades o para robarlos. (..) Hemos tenido reuniones para pedirles eso, &nbsp;que permitan la entrada y salida, que se apaguen al orden institucional con el municipio o la Polic\u00eda Estatal y permitan esa comunicaci\u00f3n y el tr\u00e1nsito, sobre todo el tr\u00e1nsito de la gente\u201d, coment\u00f3.<u><\/u><u><\/u><\/p>\n<p class=\"m_-2184373493638663664xmsonormal\">El mando de la 35 Zona Militar con sede en Chilpancingo, se\u00f1al\u00f3 que el conflicto que mantuvo cerrado el paso por dos a\u00f1os para algunos pobladores en Tlaltempanapa, son las fricciones que mantienen con otros grupos comunitarios, y la influencia del crimen organizado en ellos.<span class=\"m_-2184373493638663664apple-converted-space\">&nbsp;<\/span><u><\/u><u><\/u><\/p>\n<p class=\"m_-2184373493638663664xmsonormal\">\u201cPues tienen conflictos con otros grupos, entonces se van haciendo cada vez m\u00e1s violentos, m\u00e1s fuertes, y aunado a eso, le sumamos delincuencia organizada que se quieren meter a los grupos, pues se vuelve un problema m\u00e1s grande\u201d, dijo.<span class=\"m_-2184373493638663664apple-converted-space\">&nbsp;<\/span><u><\/u><u><\/u><\/p>\n<p class=\"m_-2184373493638663664xmsonormal\">La violencia provoc\u00f3 que el m\u00e9dico de la comunidad se fuera, provocando que la poblaci\u00f3n quedar\u00e1 sin acceso a servicios de salud para la atenci\u00f3n de enfermedades como diabetes, y desnutrici\u00f3n en ni\u00f1os, infecciones respiratorias, de la piel y gastrointestinales, &nbsp;entre otras.<span class=\"m_-2184373493638663664apple-converted-space\">&nbsp;<\/span><u><\/u><u><\/u><\/p>\n<p class=\"m_-2184373493638663664xmsonormal\">El comisario detall\u00f3 que el m\u00e9dico se fue hace aproximadamente dos a\u00f1os, cuando sujetos armados mataron \u201ca unos chavos\u201d en las inmediaciones del Centro de Salud. \u201cCreo que se asust\u00f3 el doctor y ya de ah\u00ed nunca regres\u00f3\u201d.<span class=\"m_-2184373493638663664apple-converted-space\">&nbsp;<\/span><u><\/u><u><\/u><\/p>\n<p class=\"m_-2184373493638663664xmsonormal\">La brigada de salud que se instal\u00f3 en la cancha de usos m\u00faltiples cuenta con 14 m\u00e9dicos distribuidos en 13 m\u00f3dulos, en donde se atienden las enfermedades que se descuidaron a causa de la violencia en la zona.<span class=\"m_-2184373493638663664apple-converted-space\">&nbsp;<\/span><u><\/u><u><\/u><\/p>\n<p class=\"m_-2184373493638663664xmsonormal\">La Subteniente m\u00e9dico cirujano, Mar\u00eda del Rosario Estrada Mojica, indic\u00f3 que a su llegada fue notoria la ausencia de servicios m\u00e9dicos, pues detectaron cuadros de desatenci\u00f3n en algunas enfermedades cr\u00f3nicas.<span class=\"m_-2184373493638663664apple-converted-space\">&nbsp;<\/span><u><\/u><u><\/u><\/p>\n<p class=\"m_-2184373493638663664xmsonormal\">\u201cHay mucha poblaci\u00f3n que s\u00ed est\u00e1 un poquito descompensada, hay, como le mencionaba, desnutrici\u00f3n en los ni\u00f1os, entonces, s\u00ed est\u00e1 muy abandonado el servicio de salud en la comunidad, s\u00ed se nota el ausentismo de un m\u00e9dico en esta localidad\u201d detall\u00f3.<span class=\"m_-2184373493638663664apple-converted-space\">&nbsp;<\/span><u><\/u><u><\/u><\/p>\n<p class=\"m_-2184373493638663664xmsonormal\">Las autoridades informaron que las brigadas de salud, y el despliegue de soldados y polic\u00edas estar\u00e1n por tiempo indefinido en Tlaltempanapa.<span class=\"m_-2184373493638663664apple-converted-space\">&nbsp;<\/span><\/p>\n","protected":false},"excerpt":{"rendered":"<p>Llevan brigadas de salud, ausentes desde hace dos a\u00f1os Efectivos del Ej\u00e9rcito Mexicano y de la Polic\u00eda estatal retomaron el control y reabrieron el paso en la comunidad de Tlaltempanapa,&hellip; <\/p>\n","protected":false},"author":1,"featured_media":0,"comment_status":"closed","ping_status":"closed","sticky":false,"template":"","format":"standard","meta":{"fifu_image_url":"","fifu_image_alt":"","footnotes":""},"categories":[8,23],"tags":[],"class_list":["post-6622","post","type-post","status-publish","format-standard","hentry","category-featured","category-regionales"],"_links":{"self":[{"href":"https:\/\/www.interaccionnoticias.com.mx\/index.php?rest_route=\/wp\/v2\/posts\/6622","targetHints":{"allow":["GET"]}}],"collection":[{"href":"https:\/\/www.interaccionnoticias.com.mx\/index.php?rest_route=\/wp\/v2\/posts"}],"about":[{"href":"https:\/\/www.interaccionnoticias.com.mx\/index.php?rest_route=\/wp\/v2\/types\/post"}],"author":[{"embeddable":true,"href":"https:\/\/www.interaccionnoticias.com.mx\/index.php?rest_route=\/wp\/v2\/users\/1"}],"replies":[{"embeddable":true,"href":"https:\/\/www.interaccionnoticias.com.mx\/index.php?rest_route=%2Fwp%2Fv2%2Fcomments&post=6622"}],"version-history":[{"count":0,"href":"https:\/\/www.interaccionnoticias.com.mx\/index.php?rest_route=\/wp\/v2\/posts\/6622\/revisions"}],"wp:attachment":[{"href":"https:\/\/www.interaccionnoticias.com.mx\/index.php?rest_route=%2Fwp%2Fv2%2Fmedia&parent=6622"}],"wp:term":[{"taxonomy":"category","embeddable":true,"href":"https:\/\/www.interaccionnoticias.com.mx\/index.php?rest_route=%2Fwp%2Fv2%2Fcategories&post=6622"},{"taxonomy":"post_tag","embeddable":true,"href":"https:\/\/www.interaccionnoticias.com.mx\/index.php?rest_route=%2Fwp%2Fv2%2Ftags&post=6622"}],"curies":[{"name":"wp","href":"https:\/\/api.w.org\/{rel}","templated":true}]}}