{"id":66202,"date":"2023-08-11T20:58:31","date_gmt":"2023-08-12T01:58:31","guid":{"rendered":"https:\/\/www.interaccionnoticias.com.mx\/?p=66202"},"modified":"2023-08-12T16:39:20","modified_gmt":"2023-08-12T21:39:20","slug":"preocupante-el-incremento-de-casos-por-feminicidio-en-guerrero-alerto-gabriela-bernal","status":"publish","type":"post","link":"https:\/\/www.interaccionnoticias.com.mx\/?p=66202","title":{"rendered":"Preocupante el incremento de casos por feminicidio en Guerrero, alert\u00f3 Gabriela Bernal"},"content":{"rendered":"\n<p><strong>Rosario Garc\u00eda Orozco<\/strong><\/p>\n\n\n\n<p><strong>Chilpancingo, Gro., 11 de agosto del 2023.-<\/strong> La presidenta de la Comisi\u00f3n para la Igualdad de G\u00e9nero en el Congreso Local, Gabriela Bernal Res\u00e9ndiz, asegur\u00f3 que es preocupante el incremento de la violencia contra las mujeres que se ejerce en Guerrero,\u00a0 luego de que la feminista Marina Reyna Aguilar revelara que, en lo que va del a\u00f1o se han registrado 75 casos de homicidios dolosos con presunci\u00f3n de feminicidio.<\/p>\n\n\n\n<p>La legisladora por el PRI record\u00f3 que, una vez concluida la pandemia por Covid-19 aumentaron \u00abaceleramente\u00bb las agresiones hacia las mujeres, acciones que son dif\u00edciles de registrar&nbsp; y visualizar, en muchas de las ocasiones por el temor que tienen las mujeres a denunciar a sus victimarios.<\/p>\n\n\n\n<p>Asegur\u00f3 que, desde el Congreso del Estado de Guerrero,&nbsp; se trabaja para tipificar y castigar a los violentadores con \u00abpenas severas\u00bb, y de esa manera tratar de frenar las agresiones en contra de las mujeres.<\/p>\n\n\n\n<p>Urgi\u00f3 a las afectadas a \u00abponer un alto\u00bb a cualquier tipo de violencia y las llam\u00f3 a no normalizar las conductas violentas, porque dijo: no es normal sufrir este tipo de actos, desde que la persona que est\u00e1 a tu lado te revice el celular, te diga como vestir, o las agresiones que inician con empujones, siguen con golpes y en muchas de las ocasiones terminan con la vida de mujeres.<\/p>\n\n\n\n<p>Gabriela Bernal, exhort\u00f3 a las f\u00e9minas v\u00edctimas de violencia intrafamiliar a acudir a las instancias correspondientes para formalizar las denuncias&nbsp; como el Centro de Justicia para las Mujeres y \u00abromper con el ciclo de violencia\u00bb, insisti\u00f3 en que denuncien las agresiones de sus violentadores, porque de esa manera podr\u00edan evitar que lastimen a m\u00e1s mujeres en un futuro.<\/p>\n\n\n\n<p>Confi\u00f3 en que, el presidente del Tribunal Superior de Justicia en Guerrero, Raymundo Casarrubias V\u00e1zquez, garantice que en esa instancia se juzgue y aplique la ley con perspectiva de g\u00e9nero. \u00abNo queremos favores, solo la aplicaci\u00f3n de la ley, que nuestros derechos sean salvaguardados\u00bb.<\/p>\n\n\n\n<p>A la fiscal General del Estado, Sandra Luz Valdovinos Salmer\u00f3n, que haga lo propio y que en las agencias del ministerio p\u00fablico se escuchen y atiendan las denuncias correspondientes sin actitudes machistas.<\/p>\n","protected":false},"excerpt":{"rendered":"<p>Rosario Garc\u00eda Orozco Chilpancingo, Gro., 11 de agosto del 2023.- La presidenta de la Comisi\u00f3n para la Igualdad de G\u00e9nero en el Congreso Local, Gabriela Bernal Res\u00e9ndiz, asegur\u00f3 que es&hellip; <\/p>\n","protected":false},"author":14,"featured_media":66201,"comment_status":"open","ping_status":"open","sticky":false,"template":"","format":"standard","meta":{"fifu_image_url":"","fifu_image_alt":"","footnotes":""},"categories":[2],"tags":[],"class_list":["post-66202","post","type-post","status-publish","format-standard","has-post-thumbnail","hentry","category-congreso"],"_links":{"self":[{"href":"https:\/\/www.interaccionnoticias.com.mx\/index.php?rest_route=\/wp\/v2\/posts\/66202","targetHints":{"allow":["GET"]}}],"collection":[{"href":"https:\/\/www.interaccionnoticias.com.mx\/index.php?rest_route=\/wp\/v2\/posts"}],"about":[{"href":"https:\/\/www.interaccionnoticias.com.mx\/index.php?rest_route=\/wp\/v2\/types\/post"}],"author":[{"embeddable":true,"href":"https:\/\/www.interaccionnoticias.com.mx\/index.php?rest_route=\/wp\/v2\/users\/14"}],"replies":[{"embeddable":true,"href":"https:\/\/www.interaccionnoticias.com.mx\/index.php?rest_route=%2Fwp%2Fv2%2Fcomments&post=66202"}],"version-history":[{"count":1,"href":"https:\/\/www.interaccionnoticias.com.mx\/index.php?rest_route=\/wp\/v2\/posts\/66202\/revisions"}],"predecessor-version":[{"id":66203,"href":"https:\/\/www.interaccionnoticias.com.mx\/index.php?rest_route=\/wp\/v2\/posts\/66202\/revisions\/66203"}],"wp:featuredmedia":[{"embeddable":true,"href":"https:\/\/www.interaccionnoticias.com.mx\/index.php?rest_route=\/wp\/v2\/media\/66201"}],"wp:attachment":[{"href":"https:\/\/www.interaccionnoticias.com.mx\/index.php?rest_route=%2Fwp%2Fv2%2Fmedia&parent=66202"}],"wp:term":[{"taxonomy":"category","embeddable":true,"href":"https:\/\/www.interaccionnoticias.com.mx\/index.php?rest_route=%2Fwp%2Fv2%2Fcategories&post=66202"},{"taxonomy":"post_tag","embeddable":true,"href":"https:\/\/www.interaccionnoticias.com.mx\/index.php?rest_route=%2Fwp%2Fv2%2Ftags&post=66202"}],"curies":[{"name":"wp","href":"https:\/\/api.w.org\/{rel}","templated":true}]}}