{"id":65972,"date":"2023-08-08T14:50:47","date_gmt":"2023-08-08T19:50:47","guid":{"rendered":"https:\/\/interaccionnoticias.com.mx\/?p=65972"},"modified":"2023-08-08T14:50:49","modified_gmt":"2023-08-08T19:50:49","slug":"trabajadores-administrativos-del-ibgro-denunciaron-que-su-salario-sera-disminuido-hasta-en-un-50","status":"publish","type":"post","link":"https:\/\/www.interaccionnoticias.com.mx\/?p=65972","title":{"rendered":"Trabajadores administrativos del IBGro denunciaron que su salario ser\u00e1 disminuido hasta en un 50%"},"content":{"rendered":"\n<p><strong><em>&#8212; Acusaron que el director general Ernesto \u00c1vila Dami\u00e1n ha violentado sus derechos laborales<br>&#8212; Pidieron una audiencia con la gobernadora del estado<\/em><\/strong><\/p>\n\n\n\n<p><strong>Yasm\u00edn Garc\u00eda Chino<\/strong><\/p>\n\n\n\n<p><strong>Chilpancingo, Gro., a 8 de agosto 2023.-<\/strong> Trabajadores de contrato del Instituto del Bachillerato del Estado de Guerrero (IBGro) denunciaron la disminuci\u00f3n del 50% de su salario por parte del director general, Ernesto \u00c1vila Dami\u00e1n, a partir de la primera quincena del mes de agosto.<\/p>\n\n\n\n<p>Son 16 trabajadores administrativos de contrato los que no cuentan con las prestaciones de ley; seguro m\u00e9dico, seguro de vivienda y otros beneficios que tienen los trabajadores que pertenecen a alg\u00fan sindicato.<\/p>\n\n\n\n<p>Sandra Luz Reyes, trabajadora administrativa declar\u00f3 que el director general del IBGro ha violentado sus derechos laborales desde el inicio de la administraci\u00f3n estatal que encabeza la gobernadora del estado Evelyn Salgado Pineda al no permitirles firmar contrato por cada seis meses, desde el mes de julio del a\u00f1o 2022 para evitar que generen antig\u00fcedad laboral.<\/p>\n\n\n\n<p>\u00abDesde el inicio nos ha acosado, violentado nuestros derechos laborales, pero el mayor atropell\u00f3 sucede al informarnos que est\u00e1 primera quincena de agosto nuestro salario se ver\u00e1 drasticamente disminuido hasta en un 50%\u00bb.<\/p>\n\n\n\n<p>Sin embargo, hay trabajadores que tienen 9 y 10 a\u00f1os de antig\u00fcedad, Sandra Luz asever\u00f3 que \u00c1vila Dami\u00e1n les inform\u00f3 que por instrucciones de la gobernadora Evelyn Salgado, les disminuir\u00eda su salario hasta en un 50%.<\/p>\n\n\n\n<p>En ese sentido los trabajadores administrativos hicieron un llamado a la gobernadora de no disminuir su salario y concederles una audiencia ya que el director general del IBGro se ha negado a dialogar con ellos.<\/p>\n\n\n\n<p>Acusaron que el Secretario de Educaci\u00f3n en Guerrero, Marcial Rodr\u00edguez Salda\u00f1a tiene conocimiento de la violaci\u00f3n a sus derechos laborales, pero tampoco ha querido reunirse con ellos.<\/p>\n\n\n\n<p>El personal administrativo entreg\u00f3 el pasado 4 de agosto un oficio a la gobernadora en donde le solicitaron una audiencia, ante la negativa del director general y del secretario de educaci\u00f3n estatal.<\/p>\n\n\n\n<p>Advirtieron que en caso de no tener respuestas positivas van a movilizarse como lo han hecho sus compa\u00f1eros docentes por violentar sus derechos laborales.<\/p>\n","protected":false},"excerpt":{"rendered":"<p>&#8212; Acusaron que el director general Ernesto \u00c1vila Dami\u00e1n ha violentado sus derechos laborales&#8212; Pidieron una audiencia con la gobernadora del estado Yasm\u00edn Garc\u00eda Chino Chilpancingo, Gro., a 8 de&hellip; <\/p>\n","protected":false},"author":32,"featured_media":65973,"comment_status":"open","ping_status":"open","sticky":false,"template":"","format":"standard","meta":{"fifu_image_url":"","fifu_image_alt":"","footnotes":""},"categories":[6],"tags":[],"class_list":["post-65972","post","type-post","status-publish","format-standard","has-post-thumbnail","hentry","category-educacion"],"_links":{"self":[{"href":"https:\/\/www.interaccionnoticias.com.mx\/index.php?rest_route=\/wp\/v2\/posts\/65972","targetHints":{"allow":["GET"]}}],"collection":[{"href":"https:\/\/www.interaccionnoticias.com.mx\/index.php?rest_route=\/wp\/v2\/posts"}],"about":[{"href":"https:\/\/www.interaccionnoticias.com.mx\/index.php?rest_route=\/wp\/v2\/types\/post"}],"author":[{"embeddable":true,"href":"https:\/\/www.interaccionnoticias.com.mx\/index.php?rest_route=\/wp\/v2\/users\/32"}],"replies":[{"embeddable":true,"href":"https:\/\/www.interaccionnoticias.com.mx\/index.php?rest_route=%2Fwp%2Fv2%2Fcomments&post=65972"}],"version-history":[{"count":1,"href":"https:\/\/www.interaccionnoticias.com.mx\/index.php?rest_route=\/wp\/v2\/posts\/65972\/revisions"}],"predecessor-version":[{"id":65974,"href":"https:\/\/www.interaccionnoticias.com.mx\/index.php?rest_route=\/wp\/v2\/posts\/65972\/revisions\/65974"}],"wp:featuredmedia":[{"embeddable":true,"href":"https:\/\/www.interaccionnoticias.com.mx\/index.php?rest_route=\/wp\/v2\/media\/65973"}],"wp:attachment":[{"href":"https:\/\/www.interaccionnoticias.com.mx\/index.php?rest_route=%2Fwp%2Fv2%2Fmedia&parent=65972"}],"wp:term":[{"taxonomy":"category","embeddable":true,"href":"https:\/\/www.interaccionnoticias.com.mx\/index.php?rest_route=%2Fwp%2Fv2%2Fcategories&post=65972"},{"taxonomy":"post_tag","embeddable":true,"href":"https:\/\/www.interaccionnoticias.com.mx\/index.php?rest_route=%2Fwp%2Fv2%2Ftags&post=65972"}],"curies":[{"name":"wp","href":"https:\/\/api.w.org\/{rel}","templated":true}]}}